{"id":391479,"date":"2023-07-11T12:14:00","date_gmt":"2023-07-11T16:14:00","guid":{"rendered":"https:\/\/primermomento.com\/?p=391479"},"modified":"2023-07-11T15:31:57","modified_gmt":"2023-07-11T19:31:57","slug":"turquia-respalda-incorporacion-de-suecia-a-la-otan","status":"publish","type":"post","link":"https:\/\/primermomento.com\/?p=391479","title":{"rendered":"Turqu\u00eda respalda incorporaci\u00f3n de Suecia a la OTAN"},"content":{"rendered":"\n<p class=\"wp-block-paragraph\"><em>Voanews<\/em><\/p>\n\n\n\n<p class=\"wp-block-paragraph\">VILNA, Lituania.- El secretario general de la OTAN, Jens Stoltenberg, dijo el martes que est\u00e1 \u00ababsolutamente seguro\u00bb de que Turqu\u00eda ratificar\u00e1 el ingreso de Suecia a la OTAN y que los l\u00edderes de la alianza reunidos para una cumbre de dos d\u00edas en la capital de Lituania \u00abenviar\u00e1n un mensaje muy fuerte y positivo\u00bb sobre el propio deseo de Ucrania de unirse.<\/p>\n\n\n\n<p class=\"wp-block-paragraph\">Los aliados estaban debatiendo la redacci\u00f3n de un texto conjunto final, pero existe un consenso de que Ucrania no se est\u00e1 considerando para unirse a la OTAN mientras la invasi\u00f3n de Rusia est\u00e1 en curso. La membres\u00eda en medio de una guerra requerir\u00eda que la alianza aplicara el principio de \u00abun ataque a uno es un ataque a todos\u00bb consagrado en el Art\u00edculo 5 del bloque.<\/p>\n\n\n\n<p class=\"wp-block-paragraph\">El presidente de Ucrania, Volodymyr Zelenskyy, dijo que acepta esa situaci\u00f3n, pero poco antes de que los l\u00edderes se reunieran el martes, tuite\u00f3 quejas sobre lo que dijo que eran \u201cse\u00f1ales de que se est\u00e1 discutiendo cierta redacci\u00f3n sin Ucrania\u201d.<\/p>\n\n\n\n<p class=\"wp-block-paragraph\">Zelenskyy, que se espera que asista a la cumbre el mi\u00e9rcoles, dijo que se agregaron \u00abredacciones vagas sobre las &#8216;condiciones'\u00bb, mientras que no hab\u00eda un plazo para invitar a Ucrania a unirse a la OTAN.<\/p>\n\n\n\n<figure class=\"wp-block-embed is-type-video is-provider-youtube wp-block-embed-youtube wp-embed-aspect-16-9 wp-has-aspect-ratio\"><div class=\"wp-block-embed__wrapper\">\n<iframe loading=\"lazy\" title=\"Zelenski muestra su decepci\u00f3n ante la falta de una fecha para ingresar en la OTAN\" width=\"696\" height=\"392\" src=\"https:\/\/www.youtube.com\/embed\/9UWC6GYXTqk?start=6&#038;feature=oembed\" frameborder=\"0\" allow=\"accelerometer; autoplay; clipboard-write; encrypted-media; gyroscope; picture-in-picture; web-share\" allowfullscreen><\/iframe>\n<\/div><\/figure>\n\n\n\n<p class=\"wp-block-paragraph\">El presidente de EEUU, Joe Biden, es recibido por el presidente de Lituania, Gitanas Nauseda, cuando llega al aeropuerto de Vilnius antes de una cumbre de la OTAN en Vilnius, el 10 de julio de 2023.<\/p>\n\n\n\n<p class=\"wp-block-paragraph\">\u201cParece que no hay disposici\u00f3n, ni para invitar a Ucrania a la OTAN ni para convertirla en miembro de la alianza\u201d, dijo Zelenskyy.<\/p>\n\n\n\n<p class=\"wp-block-paragraph\">Los aliados de la OTAN en 2008 acordaron en principio que Ucrania se unir\u00eda, pero no establecieron un camino para la membres\u00eda de Ucrania.<\/p>\n\n\n\n<p class=\"wp-block-paragraph\">Stoltenberg dijo el martes en Vilnius que hab\u00eda presentado un paquete durante una reuni\u00f3n informal de ministros de Relaciones Exteriores de la OTAN en mayo que inclu\u00eda eliminar el requisito de un plan de acci\u00f3n de membres\u00eda en la candidatura de Ucrania.<\/p>\n\n\n\n<p class=\"wp-block-paragraph\">El presidente de Estados Unidos, Joe Biden, le dijo a Stoltenberg antes de las reuniones del martes que est\u00e1 de acuerdo con el lenguaje que Stoltenberg propuso \u201cen relaci\u00f3n con el futuro de que Ucrania pueda unirse a la OTAN y estamos buscando una OTAN unida continua\u201d.<\/p>\n\n\n\n<p class=\"wp-block-paragraph\">Algunos aliados de la OTAN, incluidos EEUU, Reino Unido y Francia, presentar\u00e1n propuestas para fortalecer las fuerzas armadas de Ucrania, incluidas sus necesidades de posguerra, a trav\u00e9s de una serie de compromisos a largo plazo fuera del marco de la OTAN.<\/p>\n\n\n\n<p class=\"wp-block-paragraph\">Las llamadas garant\u00edas de seguridad se realizar\u00e1n en \u201ccoordinaci\u00f3n extremadamente estrecha, dado lo mucho que hay en juego\u201d, sin embargo, ser\u00e1 \u201cdiferente a tener un acuerdo del Art\u00edculo 5 para defender a Ucrania\u201d, dijo Leslie Vinjamuri, directora de EEUU y programa de las Am\u00e9ricas en Chatham House, a VOA.<\/p>\n\n\n\n<p class=\"wp-block-paragraph\"><strong>Adhesi\u00f3n de Suecia<\/strong><\/p>\n\n\n\n<p class=\"wp-block-paragraph\">Stoltenberg dijo el martes que la cumbre de la OTAN \u00abya es hist\u00f3rica antes de que haya comenzado\u00bb despu\u00e9s de que las conversaciones con el presidente turco, Recep Tayyip Erdogan, arrojaran un gran avance en un estancamiento de meses durante el cual Erdogan acus\u00f3 a Estocolmo de no hacer lo suficiente para tomar medidas en\u00e9rgicas contra su rama de un pol\u00edtico. partido que el gobierno de Turqu\u00eda ve como extremistas.<\/p>\n","protected":false},"excerpt":{"rendered":"<p>Voanews VILNA, Lituania.- El secretario general de la OTAN, Jens Stoltenberg, dijo el martes que est\u00e1 \u00ababsolutamente seguro\u00bb de que Turqu\u00eda ratificar\u00e1 el ingreso de Suecia a la OTAN y que los l\u00edderes de la alianza reunidos para una cumbre de dos d\u00edas en la capital de Lituania \u00abenviar\u00e1n un mensaje muy fuerte y positivo\u00bb [&hellip;]<\/p>\n","protected":false},"author":1,"featured_media":391480,"comment_status":"open","ping_status":"open","sticky":false,"template":"","format":"video","meta":{"_bbp_topic_count":0,"_bbp_reply_count":0,"_bbp_total_topic_count":0,"_bbp_total_reply_count":0,"_bbp_voice_count":0,"_bbp_anonymous_reply_count":0,"_bbp_topic_count_hidden":0,"_bbp_reply_count_hidden":0,"_bbp_forum_subforum_count":0,"footnotes":""},"categories":[61,106],"tags":[],"class_list":["post-391479","post","type-post","status-publish","format-video","has-post-thumbnail","category-mundo","category-video-news","post_format-post-format-video"],"_links":{"self":[{"href":"https:\/\/primermomento.com\/index.php?rest_route=\/wp\/v2\/posts\/391479","targetHints":{"allow":["GET"]}}],"collection":[{"href":"https:\/\/primermomento.com\/index.php?rest_route=\/wp\/v2\/posts"}],"about":[{"href":"https:\/\/primermomento.com\/index.php?rest_route=\/wp\/v2\/types\/post"}],"author":[{"embeddable":true,"href":"https:\/\/primermomento.com\/index.php?rest_route=\/wp\/v2\/users\/1"}],"replies":[{"embeddable":true,"href":"https:\/\/primermomento.com\/index.php?rest_route=%2Fwp%2Fv2%2Fcomments&post=391479"}],"version-history":[{"count":2,"href":"https:\/\/primermomento.com\/index.php?rest_route=\/wp\/v2\/posts\/391479\/revisions"}],"predecessor-version":[{"id":391484,"href":"https:\/\/primermomento.com\/index.php?rest_route=\/wp\/v2\/posts\/391479\/revisions\/391484"}],"wp:featuredmedia":[{"embeddable":true,"href":"https:\/\/primermomento.com\/index.php?rest_route=\/wp\/v2\/media\/391480"}],"wp:attachment":[{"href":"https:\/\/primermomento.com\/index.php?rest_route=%2Fwp%2Fv2%2Fmedia&parent=391479"}],"wp:term":[{"taxonomy":"category","embeddable":true,"href":"https:\/\/primermomento.com\/index.php?rest_route=%2Fwp%2Fv2%2Fcategories&post=391479"},{"taxonomy":"post_tag","embeddable":true,"href":"https:\/\/primermomento.com\/index.php?rest_route=%2Fwp%2Fv2%2Ftags&post=391479"}],"curies":[{"name":"wp","href":"https:\/\/api.w.org\/{rel}","templated":true}]}}