{"id":391580,"date":"2023-07-13T06:56:00","date_gmt":"2023-07-13T10:56:00","guid":{"rendered":"https:\/\/primermomento.com\/?p=391580"},"modified":"2023-07-13T17:01:24","modified_gmt":"2023-07-13T21:01:24","slug":"terror-teatro-de-la-etica","status":"publish","type":"post","link":"https:\/\/primermomento.com\/?p=391580","title":{"rendered":"Terror, teatro de la \u00e9tica"},"content":{"rendered":"\n<ul class=\"wp-block-list\">\n<li>* <strong>La pieza es memorable por su texto, su enfoque, sus actuaciones y la resoluci\u00f3n adecuada de los desaf\u00edos t\u00e9cnicos, vuelve a Sala Ravelo, el 29 y 30 de septiembre y 1 de octubre.<\/strong><\/li>\n<\/ul>\n\n\n\n<p class=\"wp-block-paragraph\">Jos\u00e9 Rafael Sosa<\/p>\n\n\n\n<p class=\"wp-block-paragraph\">SANTO DOMINGO, Rep\u00fablica Dominicana.- El teatro es inagotable. Y sus caminos nunca, nunca, dejar de sorprender.\u00a0 Cuando ya se comienza a pensar que todos los temas est\u00e1n agotados y todos los enfoques esc\u00e9nicos, realizados, viene este dramaturgo alem\u00e1n, doctor en leyes penales para colmo, a plantear nueva vez la validez de la escena para poner bajo examen nuestros criterios, valores y principios.<\/p>\n\n\n\n<p class=\"wp-block-paragraph\">Terror es una pieza resulta de una conjunci\u00f3n de esfuerzos art\u00edsticos e institucionales con a un grupo de talentos (t\u00e9cnicos y art\u00edsticos) a aceptar una propuesta dramat\u00fargica, a lo cual han sumado el concurso del pa\u00eds de origen de la misma, expresada por medio de su embajada y embajadora, para<\/p>\n\n\n\n<p class=\"wp-block-paragraph\">La obra logra que repensemos los conceptos admitidos de \u00e9tica, de la rectitud, de la verdad, de la moralidad y&nbsp;el&nbsp;valor de la existencia humana y lo hace en torno a un caso: el de un piloto militar que debi\u00f3 decidir entre sacrificar 164 vidas a bordo de un avi\u00f3n civil.<\/p>\n\n\n\n<p class=\"wp-block-paragraph\">Una pieza que para que revisemos el papel socialmente \u00fatil de la mentira y la singular capacidad de decidir quien vive y quien muere. Un compendio ca\u00f3tico de situaciones l\u00edmite,&nbsp;en procura de perfilar trascendencias, verdades y principios.<\/p>\n\n\n\n<p class=\"wp-block-paragraph\">A bordo de la nave, unos secuestradores planeaban estrellarla contra un estadio colmado por los 70 fan\u00e1ticos que asist\u00edan a un partido de la final internacional entre Alemania e Inglaterra. \u00bfA qui\u00e9n sacrificar? \u00bfA qui\u00e9nes salvar? Al final, la palabra de descargo o condena, la tendr\u00e1 el p\u00fablico, dando lugar para cada presentaci\u00f3n a un final distinto.<\/p>\n\n\n\n<p class=\"wp-block-paragraph\">Terror es una obra teatral que resalta en medio del panorama dram\u00e1tico mundial porque proviene de la calidad creativa del escritor y abogado penalista alem\u00e1n&nbsp;<strong>Ferdinand Von Schirach,&nbsp;<\/strong>autor de&nbsp;Manual del Abogado Defensor<strong>,&nbsp;<\/strong>en el que figuraba la frase:&nbsp;<em>\u201cLa defensa es una lucha, una lucha por los derechos de los inculpados<\/em>\u201d.&nbsp;Su primer libro \u00abCr\u00edmenes\u00bb se transform\u00f3 para m\u00ed en un autor de culto, Autor de \u00abEl caso Collini\u00bb, \u201cTAB\u00da\u201d y \u201cTerror\u201d, \u201cCr\u00edmenes\u201d, \u201cCulpa\u201d y \u201cCastigo\u201d. Terror se ha llevado como telecine a cadenas de Alemania. Es casi casi, pieza de culto.<\/p>\n\n\n\n<p class=\"wp-block-paragraph\">Piezas de este nivel, ratifican el que valga todo esfuerzo la pena seguir yendo al teatro, m\u00e1s all\u00e1 de la necesidad leg\u00edtima de la diversi\u00f3n, por sobre el perfil del espect\u00e1culo para satisfacer los espacios l\u00fadicos del fin de semana.<\/p>\n\n\n\n<p class=\"wp-block-paragraph\">Se trata de un quehacer teatral que sobrepasa la v\u00eda del arte de escape y nos lleva a constatar el universo parad\u00f3jico de las relatividades.<\/p>\n\n\n\n<p class=\"wp-block-paragraph\"><strong>Las actuaciones<\/strong><strong><\/strong><\/p>\n\n\n\n<p class=\"wp-block-paragraph\">Terror, pieza que ser\u00e1 repuesta a finales de septiembre porque mucha gente se qued\u00f3 sin verla, permite disfrutar de un concierto de actuaciones que, si bien no es perfecto y expresa altibajos, permite gustar de interpretaciones que sacan a sus talentos de sus roles acostumbrados (sobre todo de la comedia) y demuestran que pueden hacer otros roles.<\/p>\n\n\n\n<p class=\"wp-block-paragraph\">El caso m\u00e1s significativo es el de&nbsp;<strong>Irving Aberty,<\/strong>&nbsp;moldeado y estereotipo de la comedia por su provincia de la expresiva de humor en radio, televisi\u00f3n y cine, para asumir un rol dram\u00e1tico, y quien sale airoso de este desaf\u00edo art\u00edstico.&nbsp;No le&nbsp;hab\u00edamos visto en un rol dram\u00e1tico tan bien desempe\u00f1ado.<\/p>\n\n\n\n<p class=\"wp-block-paragraph\">Otra personalidad que nos devuelve a la actuaci\u00f3n cl\u00e1sica, es la de Yanela Hern\u00e1ndez, actriz profesional, gestora cultural y a quien la producci\u00f3n de radio y televisi\u00f3n han sustra\u00eddo por demasiado tiempo. Era justo tenerla y mucho m\u00e1s en un soliloquio que si bien es manipulador y melodram\u00e1tico, es profundamente asumido por ella y cala en el p\u00fablico con una garra afilada. Se empatiza con su dolor y con su luto.<\/p>\n\n\n\n<p class=\"wp-block-paragraph\"><strong>Luvil Gonz\u00e1lez,<\/strong>&nbsp;a quien hemos visto en 2019 en El Vestidor, dirigida por&nbsp;<strong>Mario Lebr\u00f3n<\/strong>, y el pasado 2022, haciendo de&nbsp;Minino, en Sony Di, sobre texto de&nbsp;<strong>Liselotte Nin<\/strong>&nbsp;y direcci\u00f3n de&nbsp;<strong>Osvaldo A\u00f1ez<\/strong>, logra el papel m\u00e1s trascendente hasta ahora al dar vida a una fiscal persecutora, necia, con dominio de la escena y una expresi\u00f3n facial que transmite la rigidez de quien busca la condena a toda costa.<\/p>\n\n\n\n<p class=\"wp-block-paragraph\"><em><br><\/em><strong>Gonz\u00e1lez&nbsp;<\/strong>es elogiable la caracterizaci\u00f3n en el montaje de su personaje desde su pelo natural el dise\u00f1o de los lentes la el maquillaje el estilo la interpretaci\u00f3n que la hace muy incisiva. Esta es una de las actrices a las que hay que poner atenci\u00f3n porque tiene mucho que dar. Mucho.<\/p>\n\n\n\n<p class=\"wp-block-paragraph\"><strong>Beba Rojas<\/strong>, que asume el protagonismo, a pesar de los fuertes robles del teatro que integran el elenco, se reconvierte y deja salir su esencia expresiva. Incre\u00edble lo que logra. Convence y estremece.<\/p>\n\n\n\n<p class=\"wp-block-paragraph\"><strong>Orestes Amador<\/strong>, como personaje eje y trazador del hilo conductor, evidencia su maestr\u00eda, su d\u00factil manejo de la voz y sus instrumentos de expresi\u00f3n corporal.<\/p>\n\n\n\n<p class=\"wp-block-paragraph\"><strong>Richard Douglas,<\/strong>&nbsp;est\u00e1 adecuado, justo en el rol de testigo, limitado por la cuesti\u00f3n tecnol\u00f3gica a actuar como quisiera, cara a cara con el p\u00fablico, pero se acopla a las circunstancias y deja un rastro admirable de su oficio.<\/p>\n\n\n\n<p class=\"wp-block-paragraph\"><strong>Madeline Bare, Xavier Ortiz y Nathalia Rodr\u00edguez<\/strong>, son talento de soporte que cumplen adecuada, pero no excelentemente bien, sus asignaciones.<\/p>\n\n\n\n<p class=\"wp-block-paragraph\"><strong>Bare&nbsp;<\/strong>resalta por la gracia de su gestualidad, pero hubi\u00e9ramos deseado m\u00e1s chispa y entrega, en especial en la secretaria del tribunal, limitada por el limitante ausente de parlamentos.<strong><\/strong><\/p>\n\n\n\n<p class=\"wp-block-paragraph\"><strong>Lo escenogr\u00e1fico<\/strong><strong><\/strong><\/p>\n\n\n\n<p class=\"wp-block-paragraph\">Hay un elemento que opera muy a favor de la obra de teatro y es la escenograf\u00eda que logra la conjunci\u00f3n en un mismo espacio del tribunal y la cabina de la nave de un avi\u00f3n. La vinculaci\u00f3n incluso es m\u00e1s psicol\u00f3gica que espacial lo que hace meritorio a Fidel L\u00f3pez del reconocimiento.<\/p>\n\n\n\n<p class=\"wp-block-paragraph\">Es tambi\u00e9n llamativa y expresiva la banda sonora y los efectos de sonido, intensos y bien logrados tanto los ambientales como los musicales que acent\u00faan los momentos de tensi\u00f3n, dan matices a los momentos de dolor ternura de llamamiento, de confrontaci\u00f3n extrema y de inspiraci\u00f3n a los contenidos a los textos que vierten los actores y actrices en sus diferentes momentos en la obra realmente.<\/p>\n\n\n\n<p class=\"wp-block-paragraph\">Ram\u00f3n Santana, un director que mucha gente ha tenido al menos en el sentido de que no es de los directores que est\u00e1n en primera l\u00ednea cada vez que se habla de direcci\u00f3n teatral, sin aspavientos, evidencia su sentido profesional y su talento para la gerencia del total de talentos y recursos. &nbsp;<\/p>\n\n\n\n<p class=\"wp-block-paragraph\">A Santana le agradecemos su versi\u00f3n de&nbsp;<strong>Cambumbo<\/strong>, montaje&nbsp;ganador del Premio Soberano 2020 como mejor espect\u00e1culo teatral,&nbsp;<strong>Escuela para mujeres, Al\u00f3 Dios habla Eva&nbsp;<\/strong>(nominada a los Premios Soberano),&nbsp;<strong>De Caperucita a Loba en solo seis tipos<\/strong>&nbsp;(nominada a los Premios Soberano) y otras piezas.<\/p>\n\n\n\n<p class=\"wp-block-paragraph\">En su labor de director hay entregas francamente comerciales que jam\u00e1s ser\u00e1n parte de la historia del teatro, pero se inscriben algunas que generan una mirada a fondo y la pregunta: \u00bfD\u00f3nde estaba antes&nbsp;<strong>Ram\u00f3n Santana<\/strong>? Terror, es una de ellas, probablemente al nivel de&nbsp;<strong>Cambumbo.<\/strong><\/p>\n\n\n\n<p class=\"wp-block-paragraph\">Terror volver\u00e1 a ser representada&nbsp;en Sala Ravelo, el 29 y 30 de septiembre y 1 de octubre,&nbsp;y ha de ser un pecado teatral, dejar de verla.<\/p>\n\n\n\n<p class=\"wp-block-paragraph\"><strong>T\u00edtulo:&nbsp;<\/strong>Terror<\/p>\n\n\n\n<p class=\"wp-block-paragraph\"><strong>G\u00e9nero:&nbsp;<\/strong>Teatro contempor\u00e1neo<\/p>\n\n\n\n<p class=\"wp-block-paragraph\"><strong>Pa\u00eds: Alemania\/RD<\/strong><\/p>\n\n\n\n<p class=\"wp-block-paragraph\"><strong>Dramaturgia:<\/strong>&nbsp;Ferdinand Von Schirach<\/p>\n\n\n\n<p class=\"wp-block-paragraph\"><strong>Direcci\u00f3n y Producci\u00f3n General:<\/strong>&nbsp;Ram\u00f3n Santana<\/p>\n\n\n\n<p class=\"wp-block-paragraph\"><strong>Escenograf\u00eda:<\/strong>&nbsp;Fidel L\u00f3pez<\/p>\n\n\n\n<p class=\"wp-block-paragraph\"><strong>Iluminaci\u00f3n:<\/strong>&nbsp;Ernesto L\u00f3pez<\/p>\n\n\n\n<p class=\"wp-block-paragraph\"><strong>Musicalizaci\u00f3n:<\/strong>&nbsp;Vadir Gonz\u00e1lez.<\/p>\n\n\n\n<p class=\"wp-block-paragraph\"><strong>Maquillaje:&nbsp;<\/strong>Nathy Make Up<\/p>\n\n\n\n<p class=\"wp-block-paragraph\"><strong>Vestuario:<\/strong>&nbsp;Luc\u00eda Roque<\/p>\n\n\n\n<p class=\"wp-block-paragraph\"><strong>Fotograf\u00edas:<\/strong>&nbsp;Edgar N\u00fa\u00f1ez<\/p>\n\n\n\n<p class=\"wp-block-paragraph\"><strong>Edici\u00f3n:<\/strong>&nbsp;Gerald Rodr\u00edguez&nbsp;&nbsp;<\/p>\n\n\n\n<p class=\"wp-block-paragraph\"><strong>Audiovisuales:<\/strong>&nbsp;Alejandro Moss<\/p>\n\n\n\n<p class=\"wp-block-paragraph\"><strong>Asistencia de Producci\u00f3n\/ Direcci\u00f3n:&nbsp;<\/strong>&nbsp;Mar\u00eda Jos\u00e9 Pe\u00f1a, Alejandro Quintero, Bryan Terrero.<\/p>\n\n\n\n<p class=\"wp-block-paragraph\"><strong>RRPP:<\/strong>&nbsp;Yissus Taveras, Madeline Vel\u00e1squez<\/p>\n\n\n\n<p class=\"wp-block-paragraph\"><strong>Voz en Off (en funciones):<\/strong>&nbsp;Madeline Bare<\/p>\n\n\n\n<p class=\"wp-block-paragraph\"><strong>Redes y Dise\u00f1o gr\u00e1fico:<\/strong>&nbsp;Vanessa Mercedes<\/p>\n\n\n\n<p class=\"wp-block-paragraph\"><strong>Programaci\u00f3n (votaciones):<\/strong>&nbsp;Eric Ferrer<\/p>\n\n\n\n<p class=\"wp-block-paragraph\"><strong>Elenco:<\/strong>&nbsp;Irving Alberti, Beba Rojas, Orestes Amador, Luvil Gonz\u00e1lez, Yanela Hern\u00e1ndez.&nbsp;<strong>Participaci\u00f3n especial:&nbsp;<\/strong>Richard Douglas.&nbsp; Actuaciones de soporte: Madeline Bare, Juan La Voz y Nathalia Rodr\u00edguez.<\/p>\n\n\n\n<p class=\"wp-block-paragraph\"><strong>Sinopsis:<\/strong>&nbsp;Un avi\u00f3n con 164 pasajeros es secuestrado por un terrorista (de ah\u00ed el t\u00edtulo de la obra, Terror). Su intenci\u00f3n es estrellarlo contra un estadio con 70.000 espectadores. Para impedirlo, un mayor del ej\u00e9rcito alem\u00e1n decide derribar el avi\u00f3n, para evitar una tragedia mayor. Ahora enfrenta un juicio donde el p\u00fablico decide si es un h\u00e9roe o un asesino, si es culpable o inocente. \u00bfLo justo es siempre lo correcto?, ese es el planteamiento de Terror.<\/p>\n","protected":false},"excerpt":{"rendered":"<p>Jos\u00e9 Rafael Sosa SANTO DOMINGO, Rep\u00fablica Dominicana.- El teatro es inagotable. Y sus caminos nunca, nunca, dejar de sorprender.\u00a0 Cuando ya se comienza a pensar que todos los temas est\u00e1n agotados y todos los enfoques esc\u00e9nicos, realizados, viene este dramaturgo alem\u00e1n, doctor en leyes penales para colmo, a plantear nueva vez la validez de la [&hellip;]<\/p>\n","protected":false},"author":1,"featured_media":391581,"comment_status":"open","ping_status":"open","sticky":false,"template":"","format":"standard","meta":{"_bbp_topic_count":0,"_bbp_reply_count":0,"_bbp_total_topic_count":0,"_bbp_total_reply_count":0,"_bbp_voice_count":0,"_bbp_anonymous_reply_count":0,"_bbp_topic_count_hidden":0,"_bbp_reply_count_hidden":0,"_bbp_forum_subforum_count":0,"footnotes":""},"categories":[39],"tags":[],"class_list":["post-391580","post","type-post","status-publish","format-standard","has-post-thumbnail","category-entretenimiento"],"_links":{"self":[{"href":"https:\/\/primermomento.com\/index.php?rest_route=\/wp\/v2\/posts\/391580","targetHints":{"allow":["GET"]}}],"collection":[{"href":"https:\/\/primermomento.com\/index.php?rest_route=\/wp\/v2\/posts"}],"about":[{"href":"https:\/\/primermomento.com\/index.php?rest_route=\/wp\/v2\/types\/post"}],"author":[{"embeddable":true,"href":"https:\/\/primermomento.com\/index.php?rest_route=\/wp\/v2\/users\/1"}],"replies":[{"embeddable":true,"href":"https:\/\/primermomento.com\/index.php?rest_route=%2Fwp%2Fv2%2Fcomments&post=391580"}],"version-history":[{"count":1,"href":"https:\/\/primermomento.com\/index.php?rest_route=\/wp\/v2\/posts\/391580\/revisions"}],"predecessor-version":[{"id":391582,"href":"https:\/\/primermomento.com\/index.php?rest_route=\/wp\/v2\/posts\/391580\/revisions\/391582"}],"wp:featuredmedia":[{"embeddable":true,"href":"https:\/\/primermomento.com\/index.php?rest_route=\/wp\/v2\/media\/391581"}],"wp:attachment":[{"href":"https:\/\/primermomento.com\/index.php?rest_route=%2Fwp%2Fv2%2Fmedia&parent=391580"}],"wp:term":[{"taxonomy":"category","embeddable":true,"href":"https:\/\/primermomento.com\/index.php?rest_route=%2Fwp%2Fv2%2Fcategories&post=391580"},{"taxonomy":"post_tag","embeddable":true,"href":"https:\/\/primermomento.com\/index.php?rest_route=%2Fwp%2Fv2%2Ftags&post=391580"}],"curies":[{"name":"wp","href":"https:\/\/api.w.org\/{rel}","templated":true}]}}