{"id":391799,"date":"2023-07-17T08:48:00","date_gmt":"2023-07-17T12:48:00","guid":{"rendered":"https:\/\/primermomento.com\/?p=391799"},"modified":"2023-07-17T17:58:03","modified_gmt":"2023-07-17T21:58:03","slug":"confirman-fallecimiento-de-bombero-por-incendios-forestales-en-canada","status":"publish","type":"post","link":"https:\/\/primermomento.com\/?p=391799","title":{"rendered":"Confirman fallecimiento de bombero por incendios forestales en Canad\u00e1"},"content":{"rendered":"\n<p class=\"wp-block-paragraph\"><em>Prensa Latina<\/em><\/p>\n\n\n\n<p class=\"wp-block-paragraph\">OTTAWA, Canad\u00e1.- Un bombero falleci\u00f3 mientras intentaba sofocar un incendio forestal en la Columbia Brit\u00e1nica de Canad\u00e1, informan hoy medios de prensa.<\/p>\n\n\n\n<p class=\"wp-block-paragraph\">Las autoridades de los Territorios del Noroeste confirmaron que el hombre \u201cfalleci\u00f3 a causa de una lesi\u00f3n sufrida mientras combat\u00eda un incendio forestal en el distrito de Fort Liard el s\u00e1bado por la tarde\u201d.<\/p>\n\n\n\n<figure class=\"wp-block-image size-full\"><img loading=\"lazy\" decoding=\"async\" width=\"1024\" height=\"700\" src=\"https:\/\/primermomento.com\/wp-content\/uploads\/2023\/07\/incendio-canada-2.jpg\" alt=\"\" class=\"wp-image-391800\" srcset=\"https:\/\/primermomento.com\/wp-content\/uploads\/2023\/07\/incendio-canada-2.jpg 1024w, https:\/\/primermomento.com\/wp-content\/uploads\/2023\/07\/incendio-canada-2-300x205.jpg 300w, https:\/\/primermomento.com\/wp-content\/uploads\/2023\/07\/incendio-canada-2-768x525.jpg 768w, https:\/\/primermomento.com\/wp-content\/uploads\/2023\/07\/incendio-canada-2-218x150.jpg 218w, https:\/\/primermomento.com\/wp-content\/uploads\/2023\/07\/incendio-canada-2-696x476.jpg 696w\" sizes=\"auto, (max-width: 1024px) 100vw, 1024px\" \/><\/figure>\n\n\n\n<p class=\"wp-block-paragraph\">El gobierno no revel\u00f3 la identidad del fallecido, pero escribi\u00f3: \u201cnuestros pensamientos est\u00e1n con su familia, amigos, colegas y comunidad\u201d, destaca CTV News.<\/p>\n\n\n\n<p class=\"wp-block-paragraph\">Actualmente, hay 89 incendios activos en los Territorios del Noroeste, y m\u00e1s de ocho mil kil\u00f3metros cuadrados est\u00e1n afectados por las llamaradas en ese territorio.<\/p>\n\n\n\n<p class=\"wp-block-paragraph\">A partir del domingo por la tarde, el nivel de peligro se consider\u00f3 \u00abextremo\u00bb para el \u00e1rea de Fort Liard.<\/p>\n\n\n\n<p class=\"wp-block-paragraph\">La noticia llega despu\u00e9s de que una mujer de 19 a\u00f1os tambi\u00e9n, Devyn Gale, muriera mientras respond\u00eda a un incendio forestal en Revelstoke, el pasado jueves.<\/p>\n\n\n\n<p class=\"wp-block-paragraph\">Gale falleci\u00f3 a causa de un \u00e1rbol que se le vino encima mientras trabajaba en un incendio, report\u00f3 CTV News.<\/p>\n","protected":false},"excerpt":{"rendered":"<p>Prensa Latina OTTAWA, Canad\u00e1.- Un bombero falleci\u00f3 mientras intentaba sofocar un incendio forestal en la Columbia Brit\u00e1nica de Canad\u00e1, informan hoy medios de prensa. Las autoridades de los Territorios del Noroeste confirmaron que el hombre \u201cfalleci\u00f3 a causa de una lesi\u00f3n sufrida mientras combat\u00eda un incendio forestal en el distrito de Fort Liard el s\u00e1bado [&hellip;]<\/p>\n","protected":false},"author":1,"featured_media":391800,"comment_status":"open","ping_status":"open","sticky":false,"template":"","format":"video","meta":{"_bbp_topic_count":0,"_bbp_reply_count":0,"_bbp_total_topic_count":0,"_bbp_total_reply_count":0,"_bbp_voice_count":0,"_bbp_anonymous_reply_count":0,"_bbp_topic_count_hidden":0,"_bbp_reply_count_hidden":0,"_bbp_forum_subforum_count":0,"footnotes":""},"categories":[61,106],"tags":[],"class_list":["post-391799","post","type-post","status-publish","format-video","has-post-thumbnail","category-mundo","category-video-news","post_format-post-format-video"],"_links":{"self":[{"href":"https:\/\/primermomento.com\/index.php?rest_route=\/wp\/v2\/posts\/391799","targetHints":{"allow":["GET"]}}],"collection":[{"href":"https:\/\/primermomento.com\/index.php?rest_route=\/wp\/v2\/posts"}],"about":[{"href":"https:\/\/primermomento.com\/index.php?rest_route=\/wp\/v2\/types\/post"}],"author":[{"embeddable":true,"href":"https:\/\/primermomento.com\/index.php?rest_route=\/wp\/v2\/users\/1"}],"replies":[{"embeddable":true,"href":"https:\/\/primermomento.com\/index.php?rest_route=%2Fwp%2Fv2%2Fcomments&post=391799"}],"version-history":[{"count":2,"href":"https:\/\/primermomento.com\/index.php?rest_route=\/wp\/v2\/posts\/391799\/revisions"}],"predecessor-version":[{"id":391802,"href":"https:\/\/primermomento.com\/index.php?rest_route=\/wp\/v2\/posts\/391799\/revisions\/391802"}],"wp:featuredmedia":[{"embeddable":true,"href":"https:\/\/primermomento.com\/index.php?rest_route=\/wp\/v2\/media\/391800"}],"wp:attachment":[{"href":"https:\/\/primermomento.com\/index.php?rest_route=%2Fwp%2Fv2%2Fmedia&parent=391799"}],"wp:term":[{"taxonomy":"category","embeddable":true,"href":"https:\/\/primermomento.com\/index.php?rest_route=%2Fwp%2Fv2%2Fcategories&post=391799"},{"taxonomy":"post_tag","embeddable":true,"href":"https:\/\/primermomento.com\/index.php?rest_route=%2Fwp%2Fv2%2Ftags&post=391799"}],"curies":[{"name":"wp","href":"https:\/\/api.w.org\/{rel}","templated":true}]}}