{"id":391902,"date":"2023-07-19T09:45:39","date_gmt":"2023-07-19T13:45:39","guid":{"rendered":"https:\/\/primermomento.com\/?p=391902"},"modified":"2023-07-19T09:45:40","modified_gmt":"2023-07-19T13:45:40","slug":"asciende-a-14-la-cifra-de-muertes-por-alud-en-colombia","status":"publish","type":"post","link":"https:\/\/primermomento.com\/?p=391902","title":{"rendered":"Asciende a 14 la cifra de muertes por alud en Colombia"},"content":{"rendered":"\n<p class=\"wp-block-paragraph\">BOGOT\u00c1, Colombia.- El gobernador de Cundinamarca, Colombia, Nicol\u00e1s Garc\u00eda Bustos, declar\u00f3 el estado de calamidad p\u00fablica, tras la avalancha de tierra registrada hoy y que deja hasta el momento 14 personas fallecidas.<\/p>\n\n\n\n<p class=\"wp-block-paragraph\">Con esta declaratoria, las autoridades buscan disponer de los recursos para atender a las familias damnificadas por el fen\u00f3meno.<\/p>\n\n\n\n<figure class=\"wp-block-image size-full\"><img loading=\"lazy\" decoding=\"async\" width=\"800\" height=\"450\" src=\"https:\/\/primermomento.com\/wp-content\/uploads\/2023\/07\/adul-colombia.jpg\" alt=\"\" class=\"wp-image-391903\" srcset=\"https:\/\/primermomento.com\/wp-content\/uploads\/2023\/07\/adul-colombia.jpg 800w, https:\/\/primermomento.com\/wp-content\/uploads\/2023\/07\/adul-colombia-300x169.jpg 300w, https:\/\/primermomento.com\/wp-content\/uploads\/2023\/07\/adul-colombia-768x432.jpg 768w, https:\/\/primermomento.com\/wp-content\/uploads\/2023\/07\/adul-colombia-696x392.jpg 696w\" sizes=\"auto, (max-width: 800px) 100vw, 800px\" \/><\/figure>\n\n\n\n<p class=\"wp-block-paragraph\">Esta madrugada un alud en la comunidad de Quetame, dej\u00f3 hasta el momento, 14 muertes, seis heridos remitidos a hospitales y un n\u00famero a\u00fan indeterminado de desaparecidos.<\/p>\n\n\n\n<p class=\"wp-block-paragraph\">Garc\u00eda explic\u00f3 a una emisora local que desde ayer en la tarde comenzaron fuertes lluvias en ese sector, ubicado en el oriente del departamento, las cuales se intensificaron a la media noche cuando comenzaron los \u00abbombazos de agua\u00bb de las crecientes s\u00fabitas.<\/p>\n\n\n\n<p class=\"wp-block-paragraph\">\u00abLa muerte que llega a Quetame, Cundinamarca, demuestra la imperiosa necesidad de ordenar el territorio alrededor del agua y liberar sus espacios en los Planes de Ordenamiento Territorial de los municipios. Alcaldes y alcaldesas deben priorizar este principio\u00bb, dijo el presidente del pa\u00eds, Gustavo Petro, desde Bruselas donde participa en la cumbre UE-Celac.<\/p>\n\n\n\n<p class=\"wp-block-paragraph\">Petro, que llev\u00f3 a esa cita birregional la impostergable lucha contra el cambio clim\u00e1tico, expres\u00f3 su sentido p\u00e9same a las familias v\u00edctimas.<\/p>\n\n\n\n<p class=\"wp-block-paragraph\">En estos momentos se trabaja en la zona para avanzar en las labores de rescate, as\u00ed como en la limpieza de los escombros ocasionados por el alud.<\/p>\n","protected":false},"excerpt":{"rendered":"<p>BOGOT\u00c1, Colombia.- El gobernador de Cundinamarca, Colombia, Nicol\u00e1s Garc\u00eda Bustos, declar\u00f3 el estado de calamidad p\u00fablica, tras la avalancha de tierra registrada hoy y que deja hasta el momento 14 personas fallecidas. Con esta declaratoria, las autoridades buscan disponer de los recursos para atender a las familias damnificadas por el fen\u00f3meno. Esta madrugada un alud [&hellip;]<\/p>\n","protected":false},"author":1,"featured_media":391903,"comment_status":"open","ping_status":"open","sticky":false,"template":"","format":"video","meta":{"_bbp_topic_count":0,"_bbp_reply_count":0,"_bbp_total_topic_count":0,"_bbp_total_reply_count":0,"_bbp_voice_count":0,"_bbp_anonymous_reply_count":0,"_bbp_topic_count_hidden":0,"_bbp_reply_count_hidden":0,"_bbp_forum_subforum_count":0,"footnotes":""},"categories":[61,106],"tags":[],"class_list":["post-391902","post","type-post","status-publish","format-video","has-post-thumbnail","category-mundo","category-video-news","post_format-post-format-video"],"_links":{"self":[{"href":"https:\/\/primermomento.com\/index.php?rest_route=\/wp\/v2\/posts\/391902","targetHints":{"allow":["GET"]}}],"collection":[{"href":"https:\/\/primermomento.com\/index.php?rest_route=\/wp\/v2\/posts"}],"about":[{"href":"https:\/\/primermomento.com\/index.php?rest_route=\/wp\/v2\/types\/post"}],"author":[{"embeddable":true,"href":"https:\/\/primermomento.com\/index.php?rest_route=\/wp\/v2\/users\/1"}],"replies":[{"embeddable":true,"href":"https:\/\/primermomento.com\/index.php?rest_route=%2Fwp%2Fv2%2Fcomments&post=391902"}],"version-history":[{"count":1,"href":"https:\/\/primermomento.com\/index.php?rest_route=\/wp\/v2\/posts\/391902\/revisions"}],"predecessor-version":[{"id":391904,"href":"https:\/\/primermomento.com\/index.php?rest_route=\/wp\/v2\/posts\/391902\/revisions\/391904"}],"wp:featuredmedia":[{"embeddable":true,"href":"https:\/\/primermomento.com\/index.php?rest_route=\/wp\/v2\/media\/391903"}],"wp:attachment":[{"href":"https:\/\/primermomento.com\/index.php?rest_route=%2Fwp%2Fv2%2Fmedia&parent=391902"}],"wp:term":[{"taxonomy":"category","embeddable":true,"href":"https:\/\/primermomento.com\/index.php?rest_route=%2Fwp%2Fv2%2Fcategories&post=391902"},{"taxonomy":"post_tag","embeddable":true,"href":"https:\/\/primermomento.com\/index.php?rest_route=%2Fwp%2Fv2%2Ftags&post=391902"}],"curies":[{"name":"wp","href":"https:\/\/api.w.org\/{rel}","templated":true}]}}