{"id":391962,"date":"2023-07-19T10:48:00","date_gmt":"2023-07-19T14:48:00","guid":{"rendered":"https:\/\/primermomento.com\/?p=391962"},"modified":"2023-07-19T19:38:35","modified_gmt":"2023-07-19T23:38:35","slug":"ruben-blades-trae-a-costa-rica-su-salswing-tour","status":"publish","type":"post","link":"https:\/\/primermomento.com\/?p=391962","title":{"rendered":"Rub\u00e9n Blades trae a Costa Rica su Salswing Tour"},"content":{"rendered":"\n<p class=\"wp-block-paragraph\"><em>Prensa Latina<\/em><\/p>\n\n\n\n<p class=\"wp-block-paragraph\">SAN JOS\u00c9, Costa Rica.- Luego de dos d\u00e9cadas de ausencia, el cantautor paname\u00f1o Rub\u00e9n Blades regresa a Costa Rica con su Salswing Tour, concierto en el que hace un recorrido por su medio siglo de m\u00fasica, anunciaron hoy aqu\u00ed.<\/p>\n\n\n\n<p class=\"wp-block-paragraph\">Acompa\u00f1ado de la Roberto Delgado Big Band de Panam\u00e1, la cita con el p\u00fablico costarricense ser\u00e1 el 9 de septiembre en el Estadio Nacional, sede de los grandes eventos deportivos, sociales y culturales en la capitalina San Jos\u00e9.<\/p>\n\n\n\n<p class=\"wp-block-paragraph\">Este concierto engalana y promete ser unos de los conciertos latinos m\u00e1s esperados para el segundo semestre del a\u00f1o; en donde, por alrededor de tres horas, no pararemos de corear y bailar todos \u00e9xitos de la amplia trayectoria de esta verdadera leyenda de m\u00fasica latina, resalt\u00f3 la promotora del evento en Costa Rica.<\/p>\n\n\n\n<p class=\"wp-block-paragraph\">Distinguido como Persona del A\u00f1o 2021, Salswing gan\u00f3 el Latin Grammy 2021 como Mejor \u00c1lbum del a\u00f1o y tambi\u00e9n fue reconocido en 2022 como mejor disco de salsa en la versi\u00f3n estadounidense de los premios Grammy.<\/p>\n\n\n\n<p class=\"wp-block-paragraph\">En 2020, el autor de Pedro Navajas fue condecorado con la Medalla de Oro al M\u00e9rito en las Bellas Artes otorgada por el Ministerio de Cultura de Espa\u00f1a y en 2021 con la Medalla de las Artes otorgada por la Universidad de Harvard, lo que lo convirti\u00f3 en el primer artista de origen latino en recibirla.<\/p>\n\n\n\n<p class=\"wp-block-paragraph\">Multifac\u00e9tico en las artes, Rub\u00e9n Blades se ha desempe\u00f1ado como actor de cine y series, escritor y hasta activista pol\u00edtico y como servidor p\u00fablico en el cargo de Ministro de Turismo de Panam\u00e1 (2004-2009).<\/p>\n","protected":false},"excerpt":{"rendered":"<p>Prensa Latina SAN JOS\u00c9, Costa Rica.- Luego de dos d\u00e9cadas de ausencia, el cantautor paname\u00f1o Rub\u00e9n Blades regresa a Costa Rica con su Salswing Tour, concierto en el que hace un recorrido por su medio siglo de m\u00fasica, anunciaron hoy aqu\u00ed. Acompa\u00f1ado de la Roberto Delgado Big Band de Panam\u00e1, la cita con el p\u00fablico [&hellip;]<\/p>\n","protected":false},"author":1,"featured_media":391965,"comment_status":"open","ping_status":"open","sticky":false,"template":"","format":"standard","meta":{"_bbp_topic_count":0,"_bbp_reply_count":0,"_bbp_total_topic_count":0,"_bbp_total_reply_count":0,"_bbp_voice_count":0,"_bbp_anonymous_reply_count":0,"_bbp_topic_count_hidden":0,"_bbp_reply_count_hidden":0,"_bbp_forum_subforum_count":0,"footnotes":""},"categories":[39],"tags":[],"class_list":["post-391962","post","type-post","status-publish","format-standard","has-post-thumbnail","category-entretenimiento"],"_links":{"self":[{"href":"https:\/\/primermomento.com\/index.php?rest_route=\/wp\/v2\/posts\/391962","targetHints":{"allow":["GET"]}}],"collection":[{"href":"https:\/\/primermomento.com\/index.php?rest_route=\/wp\/v2\/posts"}],"about":[{"href":"https:\/\/primermomento.com\/index.php?rest_route=\/wp\/v2\/types\/post"}],"author":[{"embeddable":true,"href":"https:\/\/primermomento.com\/index.php?rest_route=\/wp\/v2\/users\/1"}],"replies":[{"embeddable":true,"href":"https:\/\/primermomento.com\/index.php?rest_route=%2Fwp%2Fv2%2Fcomments&post=391962"}],"version-history":[{"count":1,"href":"https:\/\/primermomento.com\/index.php?rest_route=\/wp\/v2\/posts\/391962\/revisions"}],"predecessor-version":[{"id":391966,"href":"https:\/\/primermomento.com\/index.php?rest_route=\/wp\/v2\/posts\/391962\/revisions\/391966"}],"wp:featuredmedia":[{"embeddable":true,"href":"https:\/\/primermomento.com\/index.php?rest_route=\/wp\/v2\/media\/391965"}],"wp:attachment":[{"href":"https:\/\/primermomento.com\/index.php?rest_route=%2Fwp%2Fv2%2Fmedia&parent=391962"}],"wp:term":[{"taxonomy":"category","embeddable":true,"href":"https:\/\/primermomento.com\/index.php?rest_route=%2Fwp%2Fv2%2Fcategories&post=391962"},{"taxonomy":"post_tag","embeddable":true,"href":"https:\/\/primermomento.com\/index.php?rest_route=%2Fwp%2Fv2%2Ftags&post=391962"}],"curies":[{"name":"wp","href":"https:\/\/api.w.org\/{rel}","templated":true}]}}