{"id":392109,"date":"2023-07-21T10:53:28","date_gmt":"2023-07-21T14:53:28","guid":{"rendered":"https:\/\/primermomento.com\/?p=392109"},"modified":"2023-07-21T11:20:04","modified_gmt":"2023-07-21T15:20:04","slug":"muere-legendario-cantante-tony-bennett-a-los-96-anos","status":"publish","type":"post","link":"https:\/\/primermomento.com\/?p=392109","title":{"rendered":"Muere legendario cantante Tony Bennett a los 96 a\u00f1os"},"content":{"rendered":"\n<p class=\"wp-block-paragraph\"><em>Voz de Am\u00e9rica<\/em><\/p>\n\n\n\n<p class=\"wp-block-paragraph\">NUEVA YORK, EEUU.- Tony Bennett, el eminente estilista cuya consagraci\u00f3n al cancionero cl\u00e1sico estadounidense le vali\u00f3 durante d\u00e9cadas la admiraci\u00f3n de artistas desde Frank Sinatra hasta Lady Gaga, muri\u00f3 el viernes. Ten\u00eda 96 a\u00f1os.<\/p>\n\n\n\n<p class=\"wp-block-paragraph\">Su publicista Sylvia Weiner confirm\u00f3 el deceso a la Associated Press y dijo que muri\u00f3 en su ciudad natal de Nueva York. No hubo una causa espec\u00edfica, pero le hab\u00edan diagnosticado el mal de alzh\u00e9imer en 2016.<\/p>\n\n\n<div class=\"wp-block-image\">\n<figure class=\"aligncenter size-full\"><img loading=\"lazy\" decoding=\"async\" width=\"676\" height=\"380\" src=\"https:\/\/primermomento.com\/wp-content\/uploads\/2023\/07\/Tony-Bennett-1.jpg\" alt=\"\" class=\"wp-image-392119\" srcset=\"https:\/\/primermomento.com\/wp-content\/uploads\/2023\/07\/Tony-Bennett-1.jpg 676w, https:\/\/primermomento.com\/wp-content\/uploads\/2023\/07\/Tony-Bennett-1-300x169.jpg 300w\" sizes=\"auto, (max-width: 676px) 100vw, 676px\" \/><\/figure>\n<\/div>\n\n\n<p class=\"has-text-align-center wp-block-paragraph\"><em>Tony Bennett se presenta en el escenario del 17\u00ba concierto de gala anual \u00abA Great Night In Harlem\u00bb de la Jazz Foundation of America en el Teatro Apollo el jueves 4 de abril de 2019 en Nueva York. (Foto de Brad Barket\/Invision\/AP)<\/em><\/p>\n\n\n\n<p class=\"wp-block-paragraph\">El \u00faltimo de los grandes cantantes de sal\u00f3n de mediados del siglo XX, Bennett sol\u00eda decir que la ambici\u00f3n de su vida era crear \u201cun cat\u00e1logo de hits m\u00e1s que discos de hits\u201d. Public\u00f3 m\u00e1s de 70 \u00e1lbumes que le granjearon 19 Grammys competitivos, 17 de ellos despu\u00e9s de cumplir los 60 a\u00f1os.<\/p>\n\n\n\n<p class=\"wp-block-paragraph\">Adem\u00e1s, gozaba del afecto profundo y duradero de fans y colegas.<\/p>\n\n\n\n<p class=\"wp-block-paragraph\">Bennett fue elogiado a menudo por sus compa\u00f1eros, pero nunca de manera m\u00e1s significativa que por lo que dijo Sinatra en una entrevista de la revista Life de 1965: \u201cPara mi dinero, Tony Bennett es el mejor cantante en el negocio. Me excita cuando lo miro. \u00c9l me mueve. Es el cantante que transmite lo que el compositor tiene en mente, y probablemente un poco m\u00e1s\u201d.<\/p>\n\n\n\n<p class=\"wp-block-paragraph\">No solo sobrevivi\u00f3 al auge de la m\u00fasica rock, sino que aguant\u00f3 tanto tiempo y tan bien que gan\u00f3 nuevos seguidores y colaboradores, algunos lo suficientemente j\u00f3venes como para ser sus nietos.<\/p>\n\n\n\n<p class=\"wp-block-paragraph\">En 2014, a los 88 a\u00f1os, Bennett rompi\u00f3 su propio r\u00e9cord como el artista vivo de mayor edad con un \u00e1lbum n\u00famero 1 en la lista Billboard 200 por \u00abCheek to Cheek\u00bb, su proyecto de duetos con Lady Gaga.<\/p>\n\n\n\n<p class=\"wp-block-paragraph\">Tres a\u00f1os antes, encabez\u00f3 las listas con \u00abDuets II\u00bb, con estrellas contempor\u00e1neas como Gaga, Carrie Underwood y Amy Winehouse, en su \u00faltima grabaci\u00f3n de estudio. Su relaci\u00f3n con Winehouse qued\u00f3 plasmada en el documental nominado al Oscar \u00abAmy\u00bb, que mostraba a Bennett alentando pacientemente a la joven e insegura cantante a trav\u00e9s de una interpretaci\u00f3n de \u00abBody and Soul\u00bb.<\/p>\n\n\n\n<p class=\"wp-block-paragraph\">Su \u00faltimo \u00e1lbum, el lanzamiento de 2021 \u00abLove for Sale\u00bb, present\u00f3 duetos con Lady Gaga en la canci\u00f3n principal, \u00abNight and Day\u00bb y otras canciones de Porter.<\/p>\n\n\n\n<p class=\"wp-block-paragraph\">Para Bennett, uno de los pocos artistas que se mov\u00eda con facilidad entre el pop y el jazz, estas colaboraciones formaban parte de su cruzada para exponer a nuevas audiencias lo que \u00e9l llam\u00f3 el Gran Cancionero Americano.<\/p>\n","protected":false},"excerpt":{"rendered":"<p>Voz de Am\u00e9rica NUEVA YORK, EEUU.- Tony Bennett, el eminente estilista cuya consagraci\u00f3n al cancionero cl\u00e1sico estadounidense le vali\u00f3 durante d\u00e9cadas la admiraci\u00f3n de artistas desde Frank Sinatra hasta Lady Gaga, muri\u00f3 el viernes. Ten\u00eda 96 a\u00f1os. Su publicista Sylvia Weiner confirm\u00f3 el deceso a la Associated Press y dijo que muri\u00f3 en su ciudad [&hellip;]<\/p>\n","protected":false},"author":1,"featured_media":392110,"comment_status":"open","ping_status":"open","sticky":false,"template":"","format":"video","meta":{"_bbp_topic_count":0,"_bbp_reply_count":0,"_bbp_total_topic_count":0,"_bbp_total_reply_count":0,"_bbp_voice_count":0,"_bbp_anonymous_reply_count":0,"_bbp_topic_count_hidden":0,"_bbp_reply_count_hidden":0,"_bbp_forum_subforum_count":0,"footnotes":""},"categories":[39,106],"tags":[],"class_list":["post-392109","post","type-post","status-publish","format-video","has-post-thumbnail","category-entretenimiento","category-video-news","post_format-post-format-video"],"_links":{"self":[{"href":"https:\/\/primermomento.com\/index.php?rest_route=\/wp\/v2\/posts\/392109","targetHints":{"allow":["GET"]}}],"collection":[{"href":"https:\/\/primermomento.com\/index.php?rest_route=\/wp\/v2\/posts"}],"about":[{"href":"https:\/\/primermomento.com\/index.php?rest_route=\/wp\/v2\/types\/post"}],"author":[{"embeddable":true,"href":"https:\/\/primermomento.com\/index.php?rest_route=\/wp\/v2\/users\/1"}],"replies":[{"embeddable":true,"href":"https:\/\/primermomento.com\/index.php?rest_route=%2Fwp%2Fv2%2Fcomments&post=392109"}],"version-history":[{"count":2,"href":"https:\/\/primermomento.com\/index.php?rest_route=\/wp\/v2\/posts\/392109\/revisions"}],"predecessor-version":[{"id":392121,"href":"https:\/\/primermomento.com\/index.php?rest_route=\/wp\/v2\/posts\/392109\/revisions\/392121"}],"wp:featuredmedia":[{"embeddable":true,"href":"https:\/\/primermomento.com\/index.php?rest_route=\/wp\/v2\/media\/392110"}],"wp:attachment":[{"href":"https:\/\/primermomento.com\/index.php?rest_route=%2Fwp%2Fv2%2Fmedia&parent=392109"}],"wp:term":[{"taxonomy":"category","embeddable":true,"href":"https:\/\/primermomento.com\/index.php?rest_route=%2Fwp%2Fv2%2Fcategories&post=392109"},{"taxonomy":"post_tag","embeddable":true,"href":"https:\/\/primermomento.com\/index.php?rest_route=%2Fwp%2Fv2%2Ftags&post=392109"}],"curies":[{"name":"wp","href":"https:\/\/api.w.org\/{rel}","templated":true}]}}