{"id":393165,"date":"2023-08-05T12:29:42","date_gmt":"2023-08-05T16:29:42","guid":{"rendered":"https:\/\/primermomento.com\/?p=393165"},"modified":"2023-08-05T12:29:43","modified_gmt":"2023-08-05T16:29:43","slug":"la-musica-acompano-a-tony-bennett-hasta-sus-ultimos-dias","status":"publish","type":"post","link":"https:\/\/primermomento.com\/?p=393165","title":{"rendered":"La m\u00fasica acompa\u00f1\u00f3 a Tony Bennett hasta sus \u00faltimos d\u00edas"},"content":{"rendered":"\n<p class=\"wp-block-paragraph\"><em>Agencia Prensa Latina<\/em><\/p>\n\n\n\n<p class=\"wp-block-paragraph\">WASHINGTON, EEUU.- El \u00edcono de la canci\u00f3n rom\u00e1ntica Tony Bennett contin\u00faa hoy en la preferencia de diversas generaciones de estadounidenses, a pesar de su muerte el pasado 21 de julio y de haber sido diagnosticado con Alzheimer en 2016.<\/p>\n\n\n\n<p class=\"wp-block-paragraph\">Su viuda, Susan Benedetto, quien estuvo a su lado en los \u00faltimos 16 a\u00f1os, llam\u00f3 la atenci\u00f3n en declaraciones recientes al medio Today sobre como a pesar de la enfermedad lograba interpretar \u201cBecause of You\u201d, tema que lo lanz\u00f3 al estrellato.<\/p>\n\n\n\n<p class=\"wp-block-paragraph\">En un emotivo mensaje reciente, agradeci\u00f3 a todos los fans, amigos y colegas del artista, quienes tuvieron la oportunidad de compartir su amor por \u00e9l y su legado musical.<\/p>\n\n\n\n<p class=\"wp-block-paragraph\">\u201cDesde sus primeras actuaciones como camarero cantante en Queens hasta sus \u00faltimas en 2021 en el Radio City Music Hall, Tony se deleitaba interpretando las canciones que amaba y haciendo feliz a la gente\u201d, expres\u00f3.<\/p>\n\n\n\n<p class=\"wp-block-paragraph\">En la entrevista, Dany, el primog\u00e9nito de Bennett de su primer matrimonio con Patricia Beech, asegur\u00f3 que la \u00faltima palabra que escuch\u00f3 de su padre fue \u201cgracias\u201d, a\u00f1adiendo que \u201cno se puede decir mejor que eso\u201d.<\/p>\n\n\n\n<p class=\"wp-block-paragraph\">Bennett dijo en ocasiones que no hab\u00eda nada que lo hiciera sentir m\u00e1s orgulloso que sus cuatro hijos y siete nietos.<\/p>\n\n\n\n<p class=\"wp-block-paragraph\">Por otra parte, Susan manifest\u00f3 que lo \u00faltimo que le escuch\u00f3 decir fue \u201cque la amaba\u201d.<\/p>\n\n\n\n<p class=\"wp-block-paragraph\">Sin embargo, sus m\u00e1s cercanos coinciden que en sus \u00faltimos d\u00edas, ya d\u00e9bil, era en la m\u00fasica donde el cantante encontraba momentos de claridad.<\/p>\n","protected":false},"excerpt":{"rendered":"<p>Agencia Prensa Latina WASHINGTON, EEUU.- El \u00edcono de la canci\u00f3n rom\u00e1ntica Tony Bennett contin\u00faa hoy en la preferencia de diversas generaciones de estadounidenses, a pesar de su muerte el pasado 21 de julio y de haber sido diagnosticado con Alzheimer en 2016. Su viuda, Susan Benedetto, quien estuvo a su lado en los \u00faltimos 16 [&hellip;]<\/p>\n","protected":false},"author":1,"featured_media":393166,"comment_status":"open","ping_status":"open","sticky":false,"template":"","format":"standard","meta":{"_bbp_topic_count":0,"_bbp_reply_count":0,"_bbp_total_topic_count":0,"_bbp_total_reply_count":0,"_bbp_voice_count":0,"_bbp_anonymous_reply_count":0,"_bbp_topic_count_hidden":0,"_bbp_reply_count_hidden":0,"_bbp_forum_subforum_count":0,"footnotes":""},"categories":[39],"tags":[],"class_list":["post-393165","post","type-post","status-publish","format-standard","has-post-thumbnail","category-entretenimiento"],"_links":{"self":[{"href":"https:\/\/primermomento.com\/index.php?rest_route=\/wp\/v2\/posts\/393165","targetHints":{"allow":["GET"]}}],"collection":[{"href":"https:\/\/primermomento.com\/index.php?rest_route=\/wp\/v2\/posts"}],"about":[{"href":"https:\/\/primermomento.com\/index.php?rest_route=\/wp\/v2\/types\/post"}],"author":[{"embeddable":true,"href":"https:\/\/primermomento.com\/index.php?rest_route=\/wp\/v2\/users\/1"}],"replies":[{"embeddable":true,"href":"https:\/\/primermomento.com\/index.php?rest_route=%2Fwp%2Fv2%2Fcomments&post=393165"}],"version-history":[{"count":1,"href":"https:\/\/primermomento.com\/index.php?rest_route=\/wp\/v2\/posts\/393165\/revisions"}],"predecessor-version":[{"id":393167,"href":"https:\/\/primermomento.com\/index.php?rest_route=\/wp\/v2\/posts\/393165\/revisions\/393167"}],"wp:featuredmedia":[{"embeddable":true,"href":"https:\/\/primermomento.com\/index.php?rest_route=\/wp\/v2\/media\/393166"}],"wp:attachment":[{"href":"https:\/\/primermomento.com\/index.php?rest_route=%2Fwp%2Fv2%2Fmedia&parent=393165"}],"wp:term":[{"taxonomy":"category","embeddable":true,"href":"https:\/\/primermomento.com\/index.php?rest_route=%2Fwp%2Fv2%2Fcategories&post=393165"},{"taxonomy":"post_tag","embeddable":true,"href":"https:\/\/primermomento.com\/index.php?rest_route=%2Fwp%2Fv2%2Ftags&post=393165"}],"curies":[{"name":"wp","href":"https:\/\/api.w.org\/{rel}","templated":true}]}}