{"id":393526,"date":"2023-08-09T08:09:00","date_gmt":"2023-08-09T12:09:00","guid":{"rendered":"https:\/\/primermomento.com\/?p=393526"},"modified":"2023-08-09T16:11:13","modified_gmt":"2023-08-09T20:11:13","slug":"malos-padres-comedia-de-excelencia-made-in-rd","status":"publish","type":"post","link":"https:\/\/primermomento.com\/?p=393526","title":{"rendered":"Malos Padres, comedia de excelencia \u201cmade in RD\u201d"},"content":{"rendered":"\n<p class=\"wp-block-paragraph\"><strong>Muy bien realizada logra que el g\u00e9nero ya no nos llene de verg\u00fcenza y nos abra puertas internacionales. Es la primera criolla con sonido Dolby Atmos. Se estrena este jueves 10 de agosto<\/strong><\/p>\n\n\n\n<p class=\"wp-block-paragraph\"><strong><em>Por <\/em><\/strong><em><strong>Jos\u00e9 Rafael Sosa<\/strong><\/em><\/p>\n\n\n\n<p class=\"wp-block-paragraph\">La gracia y el encanto de una comedia buena es que nos haga&nbsp;re\u00edr&nbsp;y proporcione un rato de diversi\u00f3n.<\/p>\n\n\n\n<p class=\"wp-block-paragraph\">La magia de una excelente comedia, estriba en el hecho de que nos seduzca y nos haga perpetuar su historia en la memoria colectiva. La facturaci\u00f3n de&nbsp;<strong>Malos Padres<\/strong>&nbsp;har\u00e1 que la gente se pregunte&nbsp;\u201c\u00bfY eso se film\u00f3 aqu\u00ed? La comedia dirigida por Jos\u00e9 Ram\u00f3n&nbsp;Alam\u00e1, (Bou&nbsp;Group), representa un&nbsp;punto fundamental en la&nbsp;reorientaci\u00f3n del g\u00e9nero de cara a la calidad que debi\u00f3 haber tenido siempre el cine dominicano para hacer re\u00edr.<\/p>\n\n\n\n<p class=\"wp-block-paragraph\">Hemos tenido buenas comedias (<strong>Nueva Yol, Perico Piriao (Angel Muniz) \u00bfQui\u00e9n Manda? (Ronny Castillo), Qu\u00e9 Le\u00f3n\/Colao<\/strong>&nbsp;(Frank Perozo),&nbsp;<strong>El Brujo<\/strong>&nbsp;(Archie L\u00f3pez) para poner un peque\u00f1o ejemplo, pero hab\u00eda que dar firmeza a la reorientaci\u00f3n del g\u00e9nero.<\/p>\n","protected":false},"excerpt":{"rendered":"<p>Muy bien realizada logra que el g\u00e9nero ya no nos llene de verg\u00fcenza y nos abra puertas internacionales. Es la primera criolla con sonido Dolby Atmos. Se estrena este jueves 10 de agosto Por Jos\u00e9 Rafael Sosa La gracia y el encanto de una comedia buena es que nos haga&nbsp;re\u00edr&nbsp;y proporcione un rato de diversi\u00f3n. [&hellip;]<\/p>\n","protected":false},"author":1,"featured_media":393527,"comment_status":"open","ping_status":"open","sticky":false,"template":"","format":"standard","meta":{"_bbp_topic_count":0,"_bbp_reply_count":0,"_bbp_total_topic_count":0,"_bbp_total_reply_count":0,"_bbp_voice_count":0,"_bbp_anonymous_reply_count":0,"_bbp_topic_count_hidden":0,"_bbp_reply_count_hidden":0,"_bbp_forum_subforum_count":0,"footnotes":""},"categories":[39],"tags":[],"class_list":["post-393526","post","type-post","status-publish","format-standard","has-post-thumbnail","category-entretenimiento"],"_links":{"self":[{"href":"https:\/\/primermomento.com\/index.php?rest_route=\/wp\/v2\/posts\/393526","targetHints":{"allow":["GET"]}}],"collection":[{"href":"https:\/\/primermomento.com\/index.php?rest_route=\/wp\/v2\/posts"}],"about":[{"href":"https:\/\/primermomento.com\/index.php?rest_route=\/wp\/v2\/types\/post"}],"author":[{"embeddable":true,"href":"https:\/\/primermomento.com\/index.php?rest_route=\/wp\/v2\/users\/1"}],"replies":[{"embeddable":true,"href":"https:\/\/primermomento.com\/index.php?rest_route=%2Fwp%2Fv2%2Fcomments&post=393526"}],"version-history":[{"count":1,"href":"https:\/\/primermomento.com\/index.php?rest_route=\/wp\/v2\/posts\/393526\/revisions"}],"predecessor-version":[{"id":393528,"href":"https:\/\/primermomento.com\/index.php?rest_route=\/wp\/v2\/posts\/393526\/revisions\/393528"}],"wp:featuredmedia":[{"embeddable":true,"href":"https:\/\/primermomento.com\/index.php?rest_route=\/wp\/v2\/media\/393527"}],"wp:attachment":[{"href":"https:\/\/primermomento.com\/index.php?rest_route=%2Fwp%2Fv2%2Fmedia&parent=393526"}],"wp:term":[{"taxonomy":"category","embeddable":true,"href":"https:\/\/primermomento.com\/index.php?rest_route=%2Fwp%2Fv2%2Fcategories&post=393526"},{"taxonomy":"post_tag","embeddable":true,"href":"https:\/\/primermomento.com\/index.php?rest_route=%2Fwp%2Fv2%2Ftags&post=393526"}],"curies":[{"name":"wp","href":"https:\/\/api.w.org\/{rel}","templated":true}]}}