{"id":393546,"date":"2023-08-09T09:38:00","date_gmt":"2023-08-09T13:38:00","guid":{"rendered":"https:\/\/primermomento.com\/?p=393546"},"modified":"2023-08-09T20:37:28","modified_gmt":"2023-08-10T00:37:28","slug":"festival-internacional-de-teatro-en-dominicana-acogera-ocho-paises","status":"publish","type":"post","link":"https:\/\/primermomento.com\/?p=393546","title":{"rendered":"Festival internacional de Teatro en Dominicana acoger\u00e1 ocho pa\u00edses"},"content":{"rendered":"\n<p class=\"wp-block-paragraph\"><em><strong>Por Servicios de Primermomento.com<\/strong><\/em><\/p>\n\n\n\n<p class=\"wp-block-paragraph\">SANTIAGO, Rep\u00fablica Dominicana.- El XI Festival Internacional de Teatro, a celebrarse en Rep\u00fablica Dominicana en octubre pr\u00f3ximo, pondr\u00e1 en escena 35 obras procedentes de ocho pa\u00edses, incluido el anfitri\u00f3n, inform\u00f3 hoy el ministerio de Cultura.<\/p>\n\n\n\n<p class=\"wp-block-paragraph\">El certamen de las tablas, previsto del 20 al 30 de ese mes, tendr\u00e1 como sede por primera vez a la provincia Santiago de los Caballeros (norte), y se revitalizar\u00e1 tras una pausa de siete a\u00f1os.<\/p>\n\n\n\n<p class=\"wp-block-paragraph\">Durante una conferencia de prensa celebrada en la sala Julio Alberto Hern\u00e1ndez del Gran Teatro del Cibao, la ministra de Cultura, Milagros Germ\u00e1n, inform\u00f3 que el evento estar\u00e1 dedicado a Colombia, como pa\u00eds invitado de honor, as\u00ed como a la reconocida actriz dominicana Karina Noble y el director teatral estadounidense Mario Ernesto S\u00e1nchez.<\/p>\n\n\n\n<p class=\"wp-block-paragraph\">El programa de actividades contempla 35 producciones con 70 funciones en 13 salas, siete de estas en Santiago de los Caballeros y el resto en Santo Domingo, la capital.<\/p>\n\n\n\n<p class=\"wp-block-paragraph\">Durante el evento teatral se presentar\u00e1n adem\u00e1s del grupo Matacandelas, de Colombia, con la obra \u00abBlancanieves, el embrujo de la manzana\u00bb, compa\u00f1\u00edas de teatro de Argentina, Cuba, M\u00e9xico, Puerto Rico, Estados Unidos, Per\u00fa, Espa\u00f1a y Rep\u00fablica Dominicana.<\/p>\n\n\n\n<p class=\"wp-block-paragraph\">De su lado, Giovanny Cruz, viceministro de Creatividad y Formaci\u00f3n Art\u00edstica, quien preside el Comit\u00e9 Organizador, explic\u00f3 que se trata de una propuesta cultural inclusiva, a la que tendr\u00e1n acceso todos los amantes de este g\u00e9nero.<\/p>\n\n\n\n<p class=\"wp-block-paragraph\">Adelant\u00f3 que desde principios de septiembre tendr\u00e1 lugar un programa formativo que incluye talleres sobre dramaturgia, escenograf\u00eda, expresi\u00f3n del actor, direcci\u00f3n teatral, lenguaje corporal y t\u00edteres, impartidos por profesores de Argentina, Colombia, Ecuador y Espa\u00f1a.<\/p>\n\n\n\n<p class=\"wp-block-paragraph\">Mientras, el embajador de Colombia aqu\u00ed, Dar\u00edo Villamizar, expres\u00f3 su agradecimiento por la invitaci\u00f3n y resalt\u00f3 las relaciones culturales que unen a las dos naciones.<\/p>\n","protected":false},"excerpt":{"rendered":"<p>Por Servicios de Primermomento.com SANTIAGO, Rep\u00fablica Dominicana.- El XI Festival Internacional de Teatro, a celebrarse en Rep\u00fablica Dominicana en octubre pr\u00f3ximo, pondr\u00e1 en escena 35 obras procedentes de ocho pa\u00edses, incluido el anfitri\u00f3n, inform\u00f3 hoy el ministerio de Cultura. El certamen de las tablas, previsto del 20 al 30 de ese mes, tendr\u00e1 como sede [&hellip;]<\/p>\n","protected":false},"author":1,"featured_media":393576,"comment_status":"open","ping_status":"open","sticky":false,"template":"","format":"standard","meta":{"_bbp_topic_count":0,"_bbp_reply_count":0,"_bbp_total_topic_count":0,"_bbp_total_reply_count":0,"_bbp_voice_count":0,"_bbp_anonymous_reply_count":0,"_bbp_topic_count_hidden":0,"_bbp_reply_count_hidden":0,"_bbp_forum_subforum_count":0,"footnotes":""},"categories":[39],"tags":[],"class_list":["post-393546","post","type-post","status-publish","format-standard","has-post-thumbnail","category-entretenimiento"],"_links":{"self":[{"href":"https:\/\/primermomento.com\/index.php?rest_route=\/wp\/v2\/posts\/393546","targetHints":{"allow":["GET"]}}],"collection":[{"href":"https:\/\/primermomento.com\/index.php?rest_route=\/wp\/v2\/posts"}],"about":[{"href":"https:\/\/primermomento.com\/index.php?rest_route=\/wp\/v2\/types\/post"}],"author":[{"embeddable":true,"href":"https:\/\/primermomento.com\/index.php?rest_route=\/wp\/v2\/users\/1"}],"replies":[{"embeddable":true,"href":"https:\/\/primermomento.com\/index.php?rest_route=%2Fwp%2Fv2%2Fcomments&post=393546"}],"version-history":[{"count":1,"href":"https:\/\/primermomento.com\/index.php?rest_route=\/wp\/v2\/posts\/393546\/revisions"}],"predecessor-version":[{"id":393547,"href":"https:\/\/primermomento.com\/index.php?rest_route=\/wp\/v2\/posts\/393546\/revisions\/393547"}],"wp:featuredmedia":[{"embeddable":true,"href":"https:\/\/primermomento.com\/index.php?rest_route=\/wp\/v2\/media\/393576"}],"wp:attachment":[{"href":"https:\/\/primermomento.com\/index.php?rest_route=%2Fwp%2Fv2%2Fmedia&parent=393546"}],"wp:term":[{"taxonomy":"category","embeddable":true,"href":"https:\/\/primermomento.com\/index.php?rest_route=%2Fwp%2Fv2%2Fcategories&post=393546"},{"taxonomy":"post_tag","embeddable":true,"href":"https:\/\/primermomento.com\/index.php?rest_route=%2Fwp%2Fv2%2Ftags&post=393546"}],"curies":[{"name":"wp","href":"https:\/\/api.w.org\/{rel}","templated":true}]}}