{"id":393749,"date":"2023-08-11T07:05:00","date_gmt":"2023-08-11T11:05:00","guid":{"rendered":"https:\/\/primermomento.com\/?p=393749"},"modified":"2023-08-11T12:09:41","modified_gmt":"2023-08-11T16:09:41","slug":"debaten-viernes-18-en-centro-cultural-banreservas-letras-del-rock-en-rd","status":"publish","type":"post","link":"https:\/\/primermomento.com\/?p=393749","title":{"rendered":"Debaten viernes 18, en Centro Cultural Banreservas, letras del rock en RD"},"content":{"rendered":"\n<ul class=\"wp-block-list\">\n<li><strong>Los panelistas son Tony Almont ,Shara Vi\u00f1as, y Mark Bertr\u00e1n, moderados por Alexei Teller\u00edas<\/strong><\/li>\n<\/ul>\n\n\n\n<p class=\"wp-block-paragraph\"><em>Servicio de prensa<\/em><\/p>\n\n\n\n<p class=\"wp-block-paragraph\">SANTO DOMINGO, Rep\u00fablica Dominicana.- La \u00abTertulia de La Yarda. Sesi\u00f3n 4 debatir\u00e1 este viernes 18, en el Centro Cultural Banreservas, las letras del rock dominicano.<\/p>\n\n\n\n<p class=\"wp-block-paragraph\">El debate se iniciar\u00e1 a las siete de la noche comunic\u00f3 la direcci\u00f3n del centro.<\/p>\n\n\n\n<p class=\"wp-block-paragraph\">Alexei Teller\u00edas, coordinador de la cuarta entrega de estos coloquios, dijo que, entre los panelistas, est\u00e1 Tony Almont (vocalista y compositor. Proyectos en los que ha participado son Toque Profundo, Sociedad An\u00f3nima, Recolector, Las Mar\u00edas Diagonal B, aparte de una carrera en solitario).<\/p>\n\n\n\n<p class=\"wp-block-paragraph\">Otra expositora es la vocalista y compositora Shara Vi\u00f1as, quien ha estado en las bandas Latheral y Guaitiao y que ha escrito tambi\u00e9n para Cerobit y El Metro)<\/p>\n\n\n\n<p class=\"wp-block-paragraph\">El tercer expositor, dijo Teller\u00edas, es Mark Bertr\u00e1n (bajista y compositor, son algunos proyectos suyos : Voces en el Plasma, Antes del Agua, N\u00f3mada, Purpletree).<\/p>\n\n\n\n<p class=\"wp-block-paragraph\">Este cuarto encuentro, dijo el gestor po\u00e9tico y musical, persigue dejar una trayectoria que sirva para construir la historia del g\u00e9nero musical.<\/p>\n\n\n\n<p class=\"wp-block-paragraph\">El director del Centro Cultural Banreservas, Mijail Peralta, sostiene que estos encuentros han servido para analizar aspectos&nbsp; escasamente presentados para la sistematizaci\u00f3n hist\u00f3rica del rock hecho por artistas dominicanos.<\/p>\n","protected":false},"excerpt":{"rendered":"<p>Servicio de prensa SANTO DOMINGO, Rep\u00fablica Dominicana.- La \u00abTertulia de La Yarda. Sesi\u00f3n 4 debatir\u00e1 este viernes 18, en el Centro Cultural Banreservas, las letras del rock dominicano. El debate se iniciar\u00e1 a las siete de la noche comunic\u00f3 la direcci\u00f3n del centro. Alexei Teller\u00edas, coordinador de la cuarta entrega de estos coloquios, dijo que, [&hellip;]<\/p>\n","protected":false},"author":1,"featured_media":393750,"comment_status":"open","ping_status":"open","sticky":false,"template":"","format":"standard","meta":{"_bbp_topic_count":0,"_bbp_reply_count":0,"_bbp_total_topic_count":0,"_bbp_total_reply_count":0,"_bbp_voice_count":0,"_bbp_anonymous_reply_count":0,"_bbp_topic_count_hidden":0,"_bbp_reply_count_hidden":0,"_bbp_forum_subforum_count":0,"footnotes":""},"categories":[39],"tags":[],"class_list":["post-393749","post","type-post","status-publish","format-standard","has-post-thumbnail","category-entretenimiento"],"_links":{"self":[{"href":"https:\/\/primermomento.com\/index.php?rest_route=\/wp\/v2\/posts\/393749","targetHints":{"allow":["GET"]}}],"collection":[{"href":"https:\/\/primermomento.com\/index.php?rest_route=\/wp\/v2\/posts"}],"about":[{"href":"https:\/\/primermomento.com\/index.php?rest_route=\/wp\/v2\/types\/post"}],"author":[{"embeddable":true,"href":"https:\/\/primermomento.com\/index.php?rest_route=\/wp\/v2\/users\/1"}],"replies":[{"embeddable":true,"href":"https:\/\/primermomento.com\/index.php?rest_route=%2Fwp%2Fv2%2Fcomments&post=393749"}],"version-history":[{"count":1,"href":"https:\/\/primermomento.com\/index.php?rest_route=\/wp\/v2\/posts\/393749\/revisions"}],"predecessor-version":[{"id":393751,"href":"https:\/\/primermomento.com\/index.php?rest_route=\/wp\/v2\/posts\/393749\/revisions\/393751"}],"wp:featuredmedia":[{"embeddable":true,"href":"https:\/\/primermomento.com\/index.php?rest_route=\/wp\/v2\/media\/393750"}],"wp:attachment":[{"href":"https:\/\/primermomento.com\/index.php?rest_route=%2Fwp%2Fv2%2Fmedia&parent=393749"}],"wp:term":[{"taxonomy":"category","embeddable":true,"href":"https:\/\/primermomento.com\/index.php?rest_route=%2Fwp%2Fv2%2Fcategories&post=393749"},{"taxonomy":"post_tag","embeddable":true,"href":"https:\/\/primermomento.com\/index.php?rest_route=%2Fwp%2Fv2%2Ftags&post=393749"}],"curies":[{"name":"wp","href":"https:\/\/api.w.org\/{rel}","templated":true}]}}