{"id":393964,"date":"2023-08-15T19:21:52","date_gmt":"2023-08-15T23:21:52","guid":{"rendered":"https:\/\/primermomento.com\/?p=393964"},"modified":"2023-08-15T19:21:53","modified_gmt":"2023-08-15T23:21:53","slug":"mas-de-100-editoriales-asistiran-a-feria-del-libro-en-dominicana","status":"publish","type":"post","link":"https:\/\/primermomento.com\/?p=393964","title":{"rendered":"M\u00e1s de 100 editoriales asistir\u00e1n a Feria del Libro en Dominicana"},"content":{"rendered":"\n<p class=\"wp-block-paragraph\">Agencia Prensa Latina<\/p>\n\n\n\n<p class=\"wp-block-paragraph\">SANTO DOMINGO, Rep\u00fablica Dominicana.- M\u00e1s de un centenar de editoriales participar\u00e1n en la Feria Internacional del Libro Santo Domingo 2023, que comenzar\u00e1 el 24 pr\u00f3ximo en la Plaza de la Cultura Juan Pablo Duarte, informaron hoy fuentes oficiales.<\/p>\n\n\n\n<p class=\"wp-block-paragraph\">Seg\u00fan el Ministerio de Cultura, cuatro pabellones acoger\u00e1n a las casas editoras nacionales y extranjeras asistentes a la XXV edici\u00f3n de esta fiesta de la literatura, a desarrollarse en la capital del pa\u00eds.<\/p>\n\n\n\n<p class=\"wp-block-paragraph\">Dedicada en esta ocasi\u00f3n a la escritora y poeta dominicana Jeannette Miller, el evento se extender\u00e1 hasta el 3 de septiembre y tambi\u00e9n tendr\u00e1 espacios para revistas, literatura religiosa, as\u00ed como autores independientes.<\/p>\n\n\n\n<p class=\"wp-block-paragraph\">Entre las empresas nacionales que estar\u00e1n figuran Santuario, Actualidad Escolar, Susaeta Ediciones SAS, Ediciones CP, Ediciones SM Dominicana, \u00daltimos Monstruos Editores (UME), Luna Insomne Editores, Editora Poetas de la Era, Editora Universitaria Bono, Editorial Sin L\u00edmites, Revista Tobog\u00e1n, Mateca y Asodolibro.<\/p>\n\n\n\n<p class=\"wp-block-paragraph\">De igual manera, Librer\u00eda Prodocente, Cuesta Libros, Soluciones Educativas, B.W. Book Word, Libros Mar\u00eda Luisa Trejo, Superarte, Distribuidora de la Mar, y las librer\u00eda Hern\u00e1ndez, Radhames, Ella, Video Cine Palau, La Trinitaria, La Filantr\u00f3pica, Imphero, Libro Reliquia, El Poeta y Bibliodon.<\/p>\n\n\n\n<p class=\"wp-block-paragraph\">Respecto a las editoras internacionales, confirmaron su presencia el Fondo de Cultura Econ\u00f3mica, Isla Negra Editores, Huerga y Fiero Editores, Editorial Planeta, Amargord, Editorial Eva (colectivo de Costa Rica), Flacso, C\u00edrculo de Poes\u00eda, Universidad de Salamanca, Editorial EDP University (Puerto Rico), Elefanta Editores y La Pereza Editores.<\/p>\n\n\n\n<p class=\"wp-block-paragraph\">Otras son Lexus Kids, Lexus Editores, la C\u00e1mara Cubana del Libro, Bolivia Distribuidores, El Mundo de los Minilibros y Alliterations Publishing.<\/p>\n\n\n\n<p class=\"wp-block-paragraph\">El Ministerio de Cultura anunci\u00f3 la participaci\u00f3n del Archivo General de la Naci\u00f3n en el Museo del Hombre Dominicano, en tanto la Academia Dominicana de la Historia, la Sociedad Dominicana de Bibli\u00f3filos y la Comisi\u00f3n Permanente de Efem\u00e9rides Patria se instalar\u00e1n en el Pabell\u00f3n Paseo de la Lectura.<\/p>\n","protected":false},"excerpt":{"rendered":"<p>Agencia Prensa Latina SANTO DOMINGO, Rep\u00fablica Dominicana.- M\u00e1s de un centenar de editoriales participar\u00e1n en la Feria Internacional del Libro Santo Domingo 2023, que comenzar\u00e1 el 24 pr\u00f3ximo en la Plaza de la Cultura Juan Pablo Duarte, informaron hoy fuentes oficiales. Seg\u00fan el Ministerio de Cultura, cuatro pabellones acoger\u00e1n a las casas editoras nacionales y [&hellip;]<\/p>\n","protected":false},"author":1,"featured_media":392507,"comment_status":"open","ping_status":"open","sticky":false,"template":"","format":"standard","meta":{"_bbp_topic_count":0,"_bbp_reply_count":0,"_bbp_total_topic_count":0,"_bbp_total_reply_count":0,"_bbp_voice_count":0,"_bbp_anonymous_reply_count":0,"_bbp_topic_count_hidden":0,"_bbp_reply_count_hidden":0,"_bbp_forum_subforum_count":0,"footnotes":""},"categories":[39],"tags":[],"class_list":["post-393964","post","type-post","status-publish","format-standard","has-post-thumbnail","category-entretenimiento"],"_links":{"self":[{"href":"https:\/\/primermomento.com\/index.php?rest_route=\/wp\/v2\/posts\/393964","targetHints":{"allow":["GET"]}}],"collection":[{"href":"https:\/\/primermomento.com\/index.php?rest_route=\/wp\/v2\/posts"}],"about":[{"href":"https:\/\/primermomento.com\/index.php?rest_route=\/wp\/v2\/types\/post"}],"author":[{"embeddable":true,"href":"https:\/\/primermomento.com\/index.php?rest_route=\/wp\/v2\/users\/1"}],"replies":[{"embeddable":true,"href":"https:\/\/primermomento.com\/index.php?rest_route=%2Fwp%2Fv2%2Fcomments&post=393964"}],"version-history":[{"count":1,"href":"https:\/\/primermomento.com\/index.php?rest_route=\/wp\/v2\/posts\/393964\/revisions"}],"predecessor-version":[{"id":393981,"href":"https:\/\/primermomento.com\/index.php?rest_route=\/wp\/v2\/posts\/393964\/revisions\/393981"}],"wp:featuredmedia":[{"embeddable":true,"href":"https:\/\/primermomento.com\/index.php?rest_route=\/wp\/v2\/media\/392507"}],"wp:attachment":[{"href":"https:\/\/primermomento.com\/index.php?rest_route=%2Fwp%2Fv2%2Fmedia&parent=393964"}],"wp:term":[{"taxonomy":"category","embeddable":true,"href":"https:\/\/primermomento.com\/index.php?rest_route=%2Fwp%2Fv2%2Fcategories&post=393964"},{"taxonomy":"post_tag","embeddable":true,"href":"https:\/\/primermomento.com\/index.php?rest_route=%2Fwp%2Fv2%2Ftags&post=393964"}],"curies":[{"name":"wp","href":"https:\/\/api.w.org\/{rel}","templated":true}]}}