{"id":394529,"date":"2023-08-23T09:39:00","date_gmt":"2023-08-23T13:39:00","guid":{"rendered":"https:\/\/primermomento.com\/?p=394529"},"modified":"2023-08-23T14:48:01","modified_gmt":"2023-08-23T18:48:01","slug":"confirmado-la-xxv-feria-del-libro-2023-va","status":"publish","type":"post","link":"https:\/\/primermomento.com\/?p=394529","title":{"rendered":"Confirmado: La XXV Feria del Libro 2023, va"},"content":{"rendered":"\n<ul class=\"wp-block-list\">\n<li><strong>Se prev\u00e9 que se inaugure este jueves y opere a plena capacidad desde el fin de semana. Los visitantes internacionales ya comenzaron a llegar<\/strong><\/li>\n<\/ul>\n\n\n\n<p class=\"wp-block-paragraph\"><em><strong>Servicio de prensa<\/strong><\/em><\/p>\n\n\n\n<p class=\"wp-block-paragraph\">SANTO DOMINGO, Rep\u00fablica Dominicana.- A menos que el curso del fen\u00f3meno meteorol\u00f3gico marche a mayores consecuencias excediendo lo esperado hasta ahora, la Feria del Libro ha de inaugurarse, tal vez con un ambiente un tanto empapado el campus ferial, este jueves a las siete de la noche en el Teatro Nacional.<\/p>\n\n\n\n<p class=\"wp-block-paragraph\">Fuentes relacionadas con el Ministerio de Cultura, indican que todo&nbsp;est\u00e1&nbsp;listo y que el precedente del agua no es la primera vez que acontece en torno a los d\u00edas inaugurales.<\/p>\n\n\n\n<p class=\"wp-block-paragraph\">Los invitados internacionales ya comenzaron a llegar desde el&nbsp;lunes&nbsp;y las actividades del Aeropuerto Internacional de las&nbsp;Am\u00e9ricas, hasta el momento, operan con normalidad, por lo que se espera que sea normal&nbsp;la llegada&nbsp;de escritores internacionales y dominicanos de la di\u00e1spora.<\/p>\n\n\n\n<p class=\"wp-block-paragraph\">El acto ha de ser encabezado por la ministra de Cultura y una representaci\u00f3n del presidente Luis&nbsp;Abinader, quien se encuentra al frente de los equipos que dan seguimiento a las labores de auxilio y&nbsp;remediaci\u00f3n&nbsp;de los efectos por el paso de la tormenta Franklin, dijo una fuente.<\/p>\n\n\n\n<p class=\"wp-block-paragraph\">Es probable que el funcionamiento pleno de los puestos de eventos y el cumplimiento de los eventos del programa, tenga efecto el fin de semana.<\/p>\n\n\n\n<p class=\"wp-block-paragraph\">El Gran Pabell\u00f3n del Libro, al lado del Museo de Arte Moderno, ya est\u00e1 montado, faltando solo detalles de energ\u00eda a sus circuitos, indica la fuente.<\/p>\n\n\n\n<p class=\"wp-block-paragraph\">A los libreros, se le hab\u00eda pedido instalarse entre los d\u00edas martes 22 y mi\u00e9rcoles 23, pero obviamente, ese proceso tendr\u00e1 un retraso porque debe comenzar \u2013 si las condiciones del tiempo lo permiten\u2014&nbsp;ma\u00f1ana jueves&nbsp;24,&nbsp;temprano, con la ventaja de que esta vez no hay que llenar&nbsp;casetas sino m\u00f3dulos en un espacio colectivo mucho&nbsp;m\u00e1s&nbsp;peque\u00f1o. Ese espacio est\u00e1 casi listo.<\/p>\n\n\n\n<p class=\"wp-block-paragraph\">Su terminaci\u00f3n se espera concluir ma\u00f1ana y las conexiones el\u00e9ctricas estar\u00e1n a plena capacidad el fin de semana.<\/p>\n\n\n\n<p class=\"wp-block-paragraph\">\u201cEs claro que no podemos pedir a los expositores que salgan este d\u00eda mi\u00e9rcoles a instalarse, por las condiciones del tiempo, pero con Dios por delante, entendemos que el d\u00eda de ma\u00f1ana ser\u00e1 adecuado para hacerlo.<\/p>\n\n\n\n<p class=\"wp-block-paragraph\">El trabajo para montar los m\u00f3dulos no es mucho, porque es m\u00e1s compacto el espacio. Les estamos recomendando a los expositores que lleven una cantidad prudente la cantidad de libros y no concebir la Plaza de la Cultura como almac\u00e9n bibliogr\u00e1fico para sus ventas\u201d dijo una fuente que solicit\u00f3 mantenerse en anonimato.<\/p>\n\n\n\n<p class=\"wp-block-paragraph\">Los equipos de montaje de la Feria han seguido trabajando, con una reducci\u00f3n que solo se ha experimentado hoy mi\u00e9rcoles por las razones conocidas.<\/p>\n\n\n\n<p class=\"wp-block-paragraph\">Muchos elementos exteriores que ya se&nbsp;hab\u00eda&nbsp;colocado, fueron retirados en vista del estado del tiempo.<\/p>\n\n\n\n<p class=\"wp-block-paragraph\">La ministra de Cultura, Milagros&nbsp;Germ\u00e1n, que estuvo en Estados Unidos en un compromiso del ministerio, al llegar al pa\u00eds, se fue directamente al campus ferial de la Plaza de la Cultura, para supervisar el estado de los trabajos. \u201cHasta ahora todo marcha bien.<\/p>\n\n\n\n<p class=\"wp-block-paragraph\">Es probable que tengamos un ambiente lluvioso, pero que el p\u00fablico sepa que la feria va como el gran espacio compartido de este 2023, de la cultura y la lectura\u201d dijo la fuente.<\/p>\n\n\n\n<p class=\"wp-block-paragraph\">Programa del Ministerio de Educaci\u00f3n para la XXV Feria del Libro Santo Domingo 2023:<\/p>\n\n\n\n<p class=\"wp-block-paragraph\"><a href=\"https:\/\/joserafaelsosa.com\/wp-content\/uploads\/2023\/08\/Prog_FIL2023_Digital_VF03C.pdf\" target=\"_blank\" rel=\"noreferrer noopener\">Prog_FIL2023_Digital_VF03C.pdf (joserafaelsosa.com)<\/a><\/p>\n","protected":false},"excerpt":{"rendered":"<p>Servicio de prensa SANTO DOMINGO, Rep\u00fablica Dominicana.- A menos que el curso del fen\u00f3meno meteorol\u00f3gico marche a mayores consecuencias excediendo lo esperado hasta ahora, la Feria del Libro ha de inaugurarse, tal vez con un ambiente un tanto empapado el campus ferial, este jueves a las siete de la noche en el Teatro Nacional. Fuentes [&hellip;]<\/p>\n","protected":false},"author":1,"featured_media":394534,"comment_status":"open","ping_status":"open","sticky":false,"template":"","format":"standard","meta":{"_bbp_topic_count":0,"_bbp_reply_count":0,"_bbp_total_topic_count":0,"_bbp_total_reply_count":0,"_bbp_voice_count":0,"_bbp_anonymous_reply_count":0,"_bbp_topic_count_hidden":0,"_bbp_reply_count_hidden":0,"_bbp_forum_subforum_count":0,"footnotes":""},"categories":[39],"tags":[],"class_list":["post-394529","post","type-post","status-publish","format-standard","has-post-thumbnail","category-entretenimiento"],"_links":{"self":[{"href":"https:\/\/primermomento.com\/index.php?rest_route=\/wp\/v2\/posts\/394529","targetHints":{"allow":["GET"]}}],"collection":[{"href":"https:\/\/primermomento.com\/index.php?rest_route=\/wp\/v2\/posts"}],"about":[{"href":"https:\/\/primermomento.com\/index.php?rest_route=\/wp\/v2\/types\/post"}],"author":[{"embeddable":true,"href":"https:\/\/primermomento.com\/index.php?rest_route=\/wp\/v2\/users\/1"}],"replies":[{"embeddable":true,"href":"https:\/\/primermomento.com\/index.php?rest_route=%2Fwp%2Fv2%2Fcomments&post=394529"}],"version-history":[{"count":1,"href":"https:\/\/primermomento.com\/index.php?rest_route=\/wp\/v2\/posts\/394529\/revisions"}],"predecessor-version":[{"id":394532,"href":"https:\/\/primermomento.com\/index.php?rest_route=\/wp\/v2\/posts\/394529\/revisions\/394532"}],"wp:featuredmedia":[{"embeddable":true,"href":"https:\/\/primermomento.com\/index.php?rest_route=\/wp\/v2\/media\/394534"}],"wp:attachment":[{"href":"https:\/\/primermomento.com\/index.php?rest_route=%2Fwp%2Fv2%2Fmedia&parent=394529"}],"wp:term":[{"taxonomy":"category","embeddable":true,"href":"https:\/\/primermomento.com\/index.php?rest_route=%2Fwp%2Fv2%2Fcategories&post=394529"},{"taxonomy":"post_tag","embeddable":true,"href":"https:\/\/primermomento.com\/index.php?rest_route=%2Fwp%2Fv2%2Ftags&post=394529"}],"curies":[{"name":"wp","href":"https:\/\/api.w.org\/{rel}","templated":true}]}}