{"id":394550,"date":"2023-08-24T13:40:30","date_gmt":"2023-08-24T17:40:30","guid":{"rendered":"https:\/\/primermomento.com\/?p=394550"},"modified":"2023-08-24T13:43:55","modified_gmt":"2023-08-24T17:43:55","slug":"declaran-en-ny-el-20-de-agosto-dia-de-harry-belafonte","status":"publish","type":"post","link":"https:\/\/primermomento.com\/?p=394550","title":{"rendered":"Declaran en NY el 20 de agosto D\u00eda de Harry Belafonte"},"content":{"rendered":"\n<p class=\"wp-block-paragraph\"><strong>Por Ram\u00f3n Mercedes<\/strong><\/p>\n\n\n\n<p class=\"wp-block-paragraph\">NUEVA YORK, EEUU.<strong>&#8211;<\/strong>&nbsp;La ciudad de NY declar\u00f3 oficialmente el 20 de agosto \u201cD\u00eda de Harry Belafonte\u201d, cantante, activista, humanitario y actor que rompi\u00f3 barreras raciales en Estados Unidos.<\/p>\n\n\n\n<p class=\"wp-block-paragraph\">Nacido en Harlem en el 1927, Belafonte, de origen jamaiquino, es recordado por la generaci\u00f3n de los a\u00f1os 50 y 60 en la RD por su \u00e9xito internacional \u00abBanana Boat Song (Day-O)\u00bb.\u00a0<strong>\u00a0<\/strong>Escuchar:\u00a0<a rel=\"noreferrer noopener\" href=\"https:\/\/www.youtube.com\/watch?v=lZABxj718uA\" target=\"_blank\">https:\/\/www.youtube.com\/watch?v=lZABxj718uA<\/a><\/p>\n\n\n<div class=\"wp-block-image\">\n<figure class=\"aligncenter size-full\"><img loading=\"lazy\" decoding=\"async\" width=\"528\" height=\"289\" src=\"https:\/\/primermomento.com\/wp-content\/uploads\/2023\/08\/0-0-0-Declaran-en-NY-el-20-de-agosto-Dia-de-Harry-Belafonte-cantante-y-defensor-derechos-civiles-admirado-por-Leonel-Fernandez-1.jpg\" alt=\"\" class=\"wp-image-394556\" srcset=\"https:\/\/primermomento.com\/wp-content\/uploads\/2023\/08\/0-0-0-Declaran-en-NY-el-20-de-agosto-Dia-de-Harry-Belafonte-cantante-y-defensor-derechos-civiles-admirado-por-Leonel-Fernandez-1.jpg 528w, https:\/\/primermomento.com\/wp-content\/uploads\/2023\/08\/0-0-0-Declaran-en-NY-el-20-de-agosto-Dia-de-Harry-Belafonte-cantante-y-defensor-derechos-civiles-admirado-por-Leonel-Fernandez-1-300x164.jpg 300w\" sizes=\"auto, (max-width: 528px) 100vw, 528px\" \/><\/figure>\n<\/div>\n\n\n<p class=\"wp-block-paragraph\">Falleci\u00f3 el 25 de abril de 2023 (96 a\u00f1os) en su apartamento, ubicado en la calle 155, en el Alto Manhattan.<\/p>\n\n\n\n<p class=\"wp-block-paragraph\">Fue amigo, compa\u00f1ero y gran defensor de los derechos civiles junto a Martin Luther King. Particip\u00f3 en la Segunda Guerra Mundial, tom\u00f3 clases de actuaci\u00f3n junto a Marlon Brando, Tony Curtis, Walter Matthau, Beatrice Arthur y Sidney Poitier.<\/p>\n\n\n\n<p class=\"wp-block-paragraph\">Alcanz\u00f3 tal \u00e9xito que fue la primera persona de raza negra a la que se le permiti\u00f3 actuar en muchos lugares exclusivos de EE.UU., entre ellos algunos vetados para artistas como Louis Armstrong y Ella Fitzgerald.<\/p>\n\n\n\n<p class=\"wp-block-paragraph\">El pasado domingo su familia recibi\u00f3 la llave de la ciudad, durante la 49.\u00aa semana anual de Harlem, una celebraci\u00f3n que se lleva a cabo desde 1974 y honra los ricos antecedentes del vecindario hist\u00f3rico y sus ra\u00edces afroamericanas, caribe\u00f1as, hispanas y europeas que han cultivado lo mejor en artes, cultura, entretenimiento, negocios y deportes.<\/p>\n\n\n\n<p class=\"wp-block-paragraph\">\u201cFue el artista negro con mayores ingresos de la d\u00e9cada del 50, que en 1957 vendi\u00f3 m\u00e1s discos que Elvis Presley y Frank Sinatra\u201d, dijo durante el acto el actual vicegobernador de NY, Antonio Delgado.<\/p>\n\n\n\n<p class=\"wp-block-paragraph\">\u201c\u00c9l hizo todo esto y decidi\u00f3 no ir y disfrutar de la fama y contar su dinero\u201d. Prefiri\u00f3 dar un paso adelante, subir al ring y hacer el trabajo para aprovechar su fama, fortuna, su poderosa voz para abogar por la igualdad racial y promover una variedad de causas c\u00edvicas y humanitarias\u201d,&nbsp;indic\u00f3 Delgado, ante una gran multitud de personas, reunida en la calle 135 con y Frederick Douglas Boulevard (Avenida Octava).<\/p>\n\n\n\n<p class=\"wp-block-paragraph\">Durante una entrevista en el 2013, el ex presidente Leonel Fern\u00e1ndez declar\u00f3 que fue admirador de Belafonte, porque viv\u00edan a pocas distancias, cuando \u00e9l siendo un jovencito (12 a\u00f1os) resid\u00eda con su madre en el 200 W de la calle 95, entre las avenidas \u00c1msterdam y Broadway, y trabajaba, despu\u00e9s de salir de la escuela, como \u201cdeliveryboy\u201d en una bodega propiedad de un jud\u00edo llamado Mister Mayer.<\/p>\n\n\n\n<p class=\"wp-block-paragraph\">El cantante llamaba con frecuencia a la bodega para los \u201cdelivery\u201d y a \u00e9l le tocaba llevarlos en su turno, recibiendo propinas del famoso artistas, dijo.<\/p>\n\n\n\n<p class=\"wp-block-paragraph\">Fern\u00e1ndez recuerda que ya siendo presidente de la RD vino su hija a visitarlo al Palacio con motivo de un festival de cine \u201cy le coment\u00e9 que le llevaba \u201cdeliverys\u201d a su padre y ella se lo cont\u00f3 a su progenitor cuando regres\u00f3 a USA\u201d.<\/p>\n\n\n\n<p class=\"wp-block-paragraph\">\u201cLuego, Belafonte vino a visitarlo y entre las conversaciones pregunt\u00f3 que cu\u00e1nto le daba de tips (propina), pero le dije, ya no recuerdo, acompa\u00f1ado de una gran sonrisa. Fue un momento inolvidable\u201d, sostuvo el ex presidente.<\/p>\n","protected":false},"excerpt":{"rendered":"<p>Por Ram\u00f3n Mercedes NUEVA YORK, EEUU.&#8211;&nbsp;La ciudad de NY declar\u00f3 oficialmente el 20 de agosto \u201cD\u00eda de Harry Belafonte\u201d, cantante, activista, humanitario y actor que rompi\u00f3 barreras raciales en Estados Unidos. Nacido en Harlem en el 1927, Belafonte, de origen jamaiquino, es recordado por la generaci\u00f3n de los a\u00f1os 50 y 60 en la RD [&hellip;]<\/p>\n","protected":false},"author":1,"featured_media":394553,"comment_status":"open","ping_status":"open","sticky":false,"template":"","format":"video","meta":{"_bbp_topic_count":0,"_bbp_reply_count":0,"_bbp_total_topic_count":0,"_bbp_total_reply_count":0,"_bbp_voice_count":0,"_bbp_anonymous_reply_count":0,"_bbp_topic_count_hidden":0,"_bbp_reply_count_hidden":0,"_bbp_forum_subforum_count":0,"footnotes":""},"categories":[39,106],"tags":[],"class_list":["post-394550","post","type-post","status-publish","format-video","has-post-thumbnail","category-entretenimiento","category-video-news","post_format-post-format-video"],"_links":{"self":[{"href":"https:\/\/primermomento.com\/index.php?rest_route=\/wp\/v2\/posts\/394550","targetHints":{"allow":["GET"]}}],"collection":[{"href":"https:\/\/primermomento.com\/index.php?rest_route=\/wp\/v2\/posts"}],"about":[{"href":"https:\/\/primermomento.com\/index.php?rest_route=\/wp\/v2\/types\/post"}],"author":[{"embeddable":true,"href":"https:\/\/primermomento.com\/index.php?rest_route=\/wp\/v2\/users\/1"}],"replies":[{"embeddable":true,"href":"https:\/\/primermomento.com\/index.php?rest_route=%2Fwp%2Fv2%2Fcomments&post=394550"}],"version-history":[{"count":3,"href":"https:\/\/primermomento.com\/index.php?rest_route=\/wp\/v2\/posts\/394550\/revisions"}],"predecessor-version":[{"id":394557,"href":"https:\/\/primermomento.com\/index.php?rest_route=\/wp\/v2\/posts\/394550\/revisions\/394557"}],"wp:featuredmedia":[{"embeddable":true,"href":"https:\/\/primermomento.com\/index.php?rest_route=\/wp\/v2\/media\/394553"}],"wp:attachment":[{"href":"https:\/\/primermomento.com\/index.php?rest_route=%2Fwp%2Fv2%2Fmedia&parent=394550"}],"wp:term":[{"taxonomy":"category","embeddable":true,"href":"https:\/\/primermomento.com\/index.php?rest_route=%2Fwp%2Fv2%2Fcategories&post=394550"},{"taxonomy":"post_tag","embeddable":true,"href":"https:\/\/primermomento.com\/index.php?rest_route=%2Fwp%2Fv2%2Ftags&post=394550"}],"curies":[{"name":"wp","href":"https:\/\/api.w.org\/{rel}","templated":true}]}}