{"id":394597,"date":"2023-08-24T08:58:00","date_gmt":"2023-08-24T12:58:00","guid":{"rendered":"https:\/\/primermomento.com\/?p=394597"},"modified":"2023-08-24T19:04:55","modified_gmt":"2023-08-24T23:04:55","slug":"consulado-y-ministerio-de-cultura-presentan-la-exposicion-fotografica-caras-conocidas-en-ny","status":"publish","type":"post","link":"https:\/\/primermomento.com\/?p=394597","title":{"rendered":"Consulado y Ministerio de Cultura presentan la exposici\u00f3n fotogr\u00e1fica \u00abCaras Conocidas\u00bb en NY"},"content":{"rendered":"\n<p class=\"wp-block-paragraph\">NUEVA YORK, EEUU.- El Consulado General de la Rep\u00fablica Dominicana en Nueva York, en colaboraci\u00f3n con el Ministerio de Cultura, Direcci\u00f3n en el Exterior, tienen el honor de invitar al p\u00fablico neoyorquino, a la comunidad dominicana residente en esta ciudad y a los amantes de la fotograf\u00eda, a la inauguraci\u00f3n de la exposici\u00f3n fotogr\u00e1fica \u00abCaras Conocidas\u00bb. Esta excepcional exhibici\u00f3n capturar\u00e1 la esencia de figuras prominentes a trav\u00e9s del lente experto del reconocido fot\u00f3grafo y productor audiovisual Misael Rinc\u00f3n.<\/p>\n\n\n\n<p class=\"wp-block-paragraph\">En su cuarta edici\u00f3n, la exposici\u00f3n \u00abCaras Conocidas\u00bb invita a la comunidad dominicana residente en esta ciudad, as\u00ed como a entusiastas de la fotograf\u00eda, a descubrir 80 retratos que inmortalizan figuras de renombre internacional, incluyendo al expresidente Barack Obama, el Papa Francisco, el presidente Biden, l\u00edderes latinoamericanos y europeos, as\u00ed como destacados deportistas y artistas dominicanos y extranjeros.<\/p>\n\n\n<div class=\"wp-block-image\">\n<figure class=\"aligncenter size-full\"><img loading=\"lazy\" decoding=\"async\" width=\"558\" height=\"569\" src=\"https:\/\/primermomento.com\/wp-content\/uploads\/2023\/08\/Misael-Rincon.jpg\" alt=\"\" class=\"wp-image-394601\" srcset=\"https:\/\/primermomento.com\/wp-content\/uploads\/2023\/08\/Misael-Rincon.jpg 558w, https:\/\/primermomento.com\/wp-content\/uploads\/2023\/08\/Misael-Rincon-294x300.jpg 294w\" sizes=\"auto, (max-width: 558px) 100vw, 558px\" \/><\/figure>\n<\/div>\n\n\n<p class=\"wp-block-paragraph\">La inauguraci\u00f3n tendr\u00e1 lugar el 31 de agosto a las 6:00 p.m. en el Centro de Cultura Dominicana en el Exterior, ubicado en 2406-2410 Amsterdam Avenue, Nueva York. La exposici\u00f3n estar\u00e1 abierta al p\u00fablico en general desde el 1 de septiembre, de 9:00 a.m. a 7:00 p.m., para que todos los interesados puedan disfrutar de esta experiencia visual \u00fanica.<\/p>\n\n\n\n<p class=\"wp-block-paragraph\"><strong>Sobre el expositor: Misael Rinc\u00f3n<\/strong><\/p>\n\n\n\n<p class=\"wp-block-paragraph\">Misael Rinc\u00f3n es un fot\u00f3grafo y productor audiovisual con m\u00e1s de 18 a\u00f1os de experiencia en la industria. Graduado en cinematograf\u00eda en la Universidad Aut\u00f3noma de Santo Domingo (UASD), ha perfeccionado sus habilidades a trav\u00e9s de talleres y seminarios en Estados Unidos y ha laborado en diversos medios de comunicaci\u00f3n dominicanos.<\/p>\n\n\n\n<p class=\"wp-block-paragraph\"><strong>Su trabajo ha sido ampliamente reconocido a nivel internacional<\/strong><\/p>\n\n\n\n<p class=\"wp-block-paragraph\">En 2012, CNN lo distingui\u00f3, junto a cinco individuos m\u00e1s, dentro de un mill\u00f3n de personas, por su destacada labor como reportero ciudadano. Adem\u00e1s, sus fotograf\u00edas han sido seleccionadas como \u00abFoto del D\u00eda\u00bb en CNN.com, y algunas de ellas han sido parte de fotorreportajes que compiten con fot\u00f3grafos de renombre global. Rinc\u00f3n, ha dejado su huella en diversos proyectos televisivos y gubernamentales, incluyendo ser jefe de fot\u00f3grafos y audiovisuales del Ministerio de Relaciones Exteriores de la Rep\u00fablica Dominicana y Fot\u00f3grafo Oficial y de Estado del Canciller de la Rep\u00fablica. Actualmente es Asesor Audiovisual del Tribunal Constitucional de la Rep\u00fablica Dominicana.<\/p>\n\n\n\n<p class=\"wp-block-paragraph\">La Exposici\u00f3n Fotogr\u00e1fica \u00abCaras Conocidas\u00bb es un tributo a la maestr\u00eda de Misael Rinc\u00f3n en capturar la esencia de personalidades influyentes a nivel global<\/p>\n","protected":false},"excerpt":{"rendered":"<p>NUEVA YORK, EEUU.- El Consulado General de la Rep\u00fablica Dominicana en Nueva York, en colaboraci\u00f3n con el Ministerio de Cultura, Direcci\u00f3n en el Exterior, tienen el honor de invitar al p\u00fablico neoyorquino, a la comunidad dominicana residente en esta ciudad y a los amantes de la fotograf\u00eda, a la inauguraci\u00f3n de la exposici\u00f3n fotogr\u00e1fica \u00abCaras [&hellip;]<\/p>\n","protected":false},"author":1,"featured_media":394598,"comment_status":"open","ping_status":"open","sticky":false,"template":"","format":"standard","meta":{"_bbp_topic_count":0,"_bbp_reply_count":0,"_bbp_total_topic_count":0,"_bbp_total_reply_count":0,"_bbp_voice_count":0,"_bbp_anonymous_reply_count":0,"_bbp_topic_count_hidden":0,"_bbp_reply_count_hidden":0,"_bbp_forum_subforum_count":0,"footnotes":""},"categories":[39],"tags":[],"class_list":["post-394597","post","type-post","status-publish","format-standard","has-post-thumbnail","category-entretenimiento"],"_links":{"self":[{"href":"https:\/\/primermomento.com\/index.php?rest_route=\/wp\/v2\/posts\/394597","targetHints":{"allow":["GET"]}}],"collection":[{"href":"https:\/\/primermomento.com\/index.php?rest_route=\/wp\/v2\/posts"}],"about":[{"href":"https:\/\/primermomento.com\/index.php?rest_route=\/wp\/v2\/types\/post"}],"author":[{"embeddable":true,"href":"https:\/\/primermomento.com\/index.php?rest_route=\/wp\/v2\/users\/1"}],"replies":[{"embeddable":true,"href":"https:\/\/primermomento.com\/index.php?rest_route=%2Fwp%2Fv2%2Fcomments&post=394597"}],"version-history":[{"count":2,"href":"https:\/\/primermomento.com\/index.php?rest_route=\/wp\/v2\/posts\/394597\/revisions"}],"predecessor-version":[{"id":394602,"href":"https:\/\/primermomento.com\/index.php?rest_route=\/wp\/v2\/posts\/394597\/revisions\/394602"}],"wp:featuredmedia":[{"embeddable":true,"href":"https:\/\/primermomento.com\/index.php?rest_route=\/wp\/v2\/media\/394598"}],"wp:attachment":[{"href":"https:\/\/primermomento.com\/index.php?rest_route=%2Fwp%2Fv2%2Fmedia&parent=394597"}],"wp:term":[{"taxonomy":"category","embeddable":true,"href":"https:\/\/primermomento.com\/index.php?rest_route=%2Fwp%2Fv2%2Fcategories&post=394597"},{"taxonomy":"post_tag","embeddable":true,"href":"https:\/\/primermomento.com\/index.php?rest_route=%2Fwp%2Fv2%2Ftags&post=394597"}],"curies":[{"name":"wp","href":"https:\/\/api.w.org\/{rel}","templated":true}]}}