{"id":394675,"date":"2023-08-25T20:45:00","date_gmt":"2023-08-26T00:45:00","guid":{"rendered":"https:\/\/primermomento.com\/?p=394675"},"modified":"2023-08-26T06:04:39","modified_gmt":"2023-08-26T10:04:39","slug":"presidente-abinader-inaugura-la-xxv-feria-internacional-del-libro-santo-domingo-2023","status":"publish","type":"post","link":"https:\/\/primermomento.com\/?p=394675","title":{"rendered":"Presidente Abinader inaugura la XXV Feria Internacional del Libro Santo Domingo 2023"},"content":{"rendered":"\n<p class=\"wp-block-paragraph\"><em><strong>Por Servicios de Primermomento.com<\/strong><\/em><\/p>\n\n\n\n<p class=\"wp-block-paragraph\">SANTO DOMINGO, Rep\u00fablica Dominicana.- El presidente Luis Abinader, junto con la ministra de Cultura Milagros Germ\u00e1n, dej\u00f3 formalmente inaugurada la vig\u00e9sima quinta edici\u00f3n de la Feria Internacional del Libro Santo Domingo 2023 (FILSD 2023), bajo el lema \u201cPara todo hay un libro\u201d.<\/p>\n\n\n\n<p class=\"wp-block-paragraph\">En esta ocasi\u00f3n, el importante evento ferial est\u00e1 dedicado a la escritora Jeannette Miller, Premio Nacional de Literatura en 2011, e Israel ser\u00e1 el pa\u00eds invitado, como parte de un esfuerzo conjunto para fortalecer los lazos culturales y literarios entre ambas naciones.<\/p>\n\n\n\n<p class=\"wp-block-paragraph\">En el evento, celebrado en la sala Carlos Piantini del Teatro Nacional, la ministra de Cultura, Milagros Germ\u00e1n, destac\u00f3 y celebr\u00f3 el hecho de que este a\u00f1o la Feria del Libro regresa a su espacio natural, la Plaza de la Cultura Juan Pablo Duarte, \u201crescatada como plaza para toda la familia, llena de actividades cada fin de semana, con todos sus museos, su teatro y su biblioteca integrados a esta nueva feria, respetuosa del medio ambiente, cuidadosa de los espacios verdes, familiar y contempor\u00e1nea\u201d.<\/p>\n\n\n\n<p class=\"wp-block-paragraph\"><strong>Milagros Germ\u00e1n, ministra de Cultura<\/strong><\/p>\n\n\n\n<p class=\"wp-block-paragraph\">Asimismo, la funcionaria resalt\u00f3 que en esta vig\u00e9sima quinta edici\u00f3n contar\u00e1 con la presencia de 197 sellos editoriales, 92 empresas editoriales (editoras y librer\u00edas), 41 librer\u00edas locales, 10 librer\u00edas infantiles y juveniles, y 10 sellos editoriales universitarios, nacionales y extranjeros.<\/p>\n\n\n\n<p class=\"wp-block-paragraph\">Germ\u00e1n a\u00f1adi\u00f3 que por primera vez en estos 25 a\u00f1os de feria internacional, todas las actividades estar\u00e1n bajo techo y climatizadas, \u201cy eso es parte del cambio en esta nueva feria internacional\u201d.<\/p>\n\n\n\n<p class=\"wp-block-paragraph\"><strong>Jeannette Miller<\/strong><\/p>\n\n\n\n<p class=\"wp-block-paragraph\">De su lado, la escritora Jeannette Miller dijo que ha publicado m\u00e1s de 70 libros, entre los que cit\u00f3 cuentos, ensayos, recuentos hist\u00f3ricos, poemas y novelas.<\/p>\n\n\n\n<p class=\"wp-block-paragraph\">\u201cSiempre he le\u00eddo por placer, no por obligaci\u00f3n y siempre he escrito con la necesidad de sacar lo que llevo dentro. Leer es el mayor acto de libertad que se puede experimentar\u201d, manifest\u00f3 la escritora.<\/p>\n\n\n\n<p class=\"wp-block-paragraph\">Este es el evento literario m\u00e1s importante de la Rep\u00fablica Dominicana, celebrado en a Plaza de la Cultura Juan Pablo Duarte, y contar\u00e1 con la participaci\u00f3n de m\u00e1s 50 invitados internacionales, en representaci\u00f3n de 19 pa\u00edses.<\/p>\n\n\n\n<p class=\"wp-block-paragraph\">Entre los escritores que se dar\u00e1n cita en la FILSD 2023 figuran Adolfo Roitman (Argentina\/Israel), Karla Su\u00e1rez (Cuba), Carlos Bardem (Espa\u00f1a), Carmen Posadas (Uruguay\/Espa\u00f1a), Gioconda Belli (Nicaragua), Gon\u00e7alo M. Tavares (Angola\/Portugal), Paco Ignacio Taibo II (Espa\u00f1a\/M\u00e9xico), William Ospina (Colombia), Nora Rabinowicz (Argentina) y Ra\u00fal Zurita (Chile).<\/p>\n\n\n\n<p class=\"wp-block-paragraph\">Durante los 10 d\u00edas de celebraci\u00f3n de la feria los visitantes podr\u00e1n disfrutar de una amplia programaci\u00f3n, conformada por m\u00e1s de 350 actividades.<\/p>\n\n\n\n<p class=\"wp-block-paragraph\">Entre ellas, se desarrollar\u00e1n conferencias, coloquios, charlas y presentaciones de libros y contar\u00e1 con la participaci\u00f3n de un total de 27 representantes de editoriales internacionales, as\u00ed como 40 librer\u00edas locales, 8 librer\u00edas infantiles, 7 universidades, 12 instituciones gubernamentales y 7 fundaciones.<\/p>\n\n\n\n<p class=\"wp-block-paragraph\">La Feria inicia este viernes 25 y se extender\u00e1 hasta el lunes 4 de septiembre, desde las 9:00 de la ma\u00f1ana hasta las 9:00 de la noche, libre de costo y abierta a todo p\u00fablico.<\/p>\n\n\n\n<p class=\"wp-block-paragraph\">Estuvieron presentes, el presidente del Senado, Ricardo de los Santos, el ministro de la Presidencia, Joel Santos; el de Educaci\u00f3n Superior, Ciencia y Tecnolog\u00eda (Mescyt), Franklin Garc\u00eda Ferm\u00edn, y el de Trabajo, Luis Miguel De Camps. Tambi\u00e9n, la directora del Libro y la Lectura, \u00c1ngela Hern\u00e1ndez, y de las Ferias del Libro, Joan Ferrer; la senadora Faride Raful; el cuerpo diplom\u00e1tico y escritores nacionales e internacionales.<\/p>\n","protected":false},"excerpt":{"rendered":"<p>Por Servicios de Primermomento.com SANTO DOMINGO, Rep\u00fablica Dominicana.- El presidente Luis Abinader, junto con la ministra de Cultura Milagros Germ\u00e1n, dej\u00f3 formalmente inaugurada la vig\u00e9sima quinta edici\u00f3n de la Feria Internacional del Libro Santo Domingo 2023 (FILSD 2023), bajo el lema \u201cPara todo hay un libro\u201d. En esta ocasi\u00f3n, el importante evento ferial est\u00e1 dedicado [&hellip;]<\/p>\n","protected":false},"author":1,"featured_media":394676,"comment_status":"open","ping_status":"open","sticky":false,"template":"","format":"standard","meta":{"_bbp_topic_count":0,"_bbp_reply_count":0,"_bbp_total_topic_count":0,"_bbp_total_reply_count":0,"_bbp_voice_count":0,"_bbp_anonymous_reply_count":0,"_bbp_topic_count_hidden":0,"_bbp_reply_count_hidden":0,"_bbp_forum_subforum_count":0,"footnotes":""},"categories":[39],"tags":[],"class_list":["post-394675","post","type-post","status-publish","format-standard","has-post-thumbnail","category-entretenimiento"],"_links":{"self":[{"href":"https:\/\/primermomento.com\/index.php?rest_route=\/wp\/v2\/posts\/394675","targetHints":{"allow":["GET"]}}],"collection":[{"href":"https:\/\/primermomento.com\/index.php?rest_route=\/wp\/v2\/posts"}],"about":[{"href":"https:\/\/primermomento.com\/index.php?rest_route=\/wp\/v2\/types\/post"}],"author":[{"embeddable":true,"href":"https:\/\/primermomento.com\/index.php?rest_route=\/wp\/v2\/users\/1"}],"replies":[{"embeddable":true,"href":"https:\/\/primermomento.com\/index.php?rest_route=%2Fwp%2Fv2%2Fcomments&post=394675"}],"version-history":[{"count":1,"href":"https:\/\/primermomento.com\/index.php?rest_route=\/wp\/v2\/posts\/394675\/revisions"}],"predecessor-version":[{"id":394677,"href":"https:\/\/primermomento.com\/index.php?rest_route=\/wp\/v2\/posts\/394675\/revisions\/394677"}],"wp:featuredmedia":[{"embeddable":true,"href":"https:\/\/primermomento.com\/index.php?rest_route=\/wp\/v2\/media\/394676"}],"wp:attachment":[{"href":"https:\/\/primermomento.com\/index.php?rest_route=%2Fwp%2Fv2%2Fmedia&parent=394675"}],"wp:term":[{"taxonomy":"category","embeddable":true,"href":"https:\/\/primermomento.com\/index.php?rest_route=%2Fwp%2Fv2%2Fcategories&post=394675"},{"taxonomy":"post_tag","embeddable":true,"href":"https:\/\/primermomento.com\/index.php?rest_route=%2Fwp%2Fv2%2Ftags&post=394675"}],"curies":[{"name":"wp","href":"https:\/\/api.w.org\/{rel}","templated":true}]}}