{"id":394744,"date":"2023-08-28T11:14:05","date_gmt":"2023-08-28T15:14:05","guid":{"rendered":"https:\/\/primermomento.com\/?p=394744"},"modified":"2023-08-28T13:32:34","modified_gmt":"2023-08-28T17:32:34","slug":"adopae-analizara-obra-de-polo-montanez-manana-martes-en-feria-del-libro-2023","status":"publish","type":"post","link":"https:\/\/primermomento.com\/?p=394744","title":{"rendered":"ADOPAE\u00a0analizar\u00e1 obra de Polo\u00a0Monta\u00f1ez\u00a0ma\u00f1ana martes en Feria del Libro 2023"},"content":{"rendered":"\n<ul class=\"wp-block-list\">\n<li><strong>Al final del coloquio, el pa\u00eds entregar\u00e1 una placa grabada en l\u00e1ser con la imagen del cantante sobre el mapa de Rep\u00fablica Dominicana<\/strong><\/li>\n<\/ul>\n\n\n\n<p class=\"wp-block-paragraph\"><em>Servicio de Prensa<\/em><\/p>\n\n\n\n<p class=\"wp-block-paragraph\">SANTO DOMINGO, Rep\u00fablica Dominicana.- La Academia Dominicana de Periodistas de Artes y Espect\u00e1culos convoc\u00f3 al&nbsp;p\u00fablico&nbsp;al coloquio sobre la obra del compositor y cantante cubano Polo&nbsp;Monta\u00f1ez, que se monta este martes 29 a las diez de la ma\u00f1ana en el Pabell\u00f3n Azul de la Poes\u00eda, en la Feria Internacional del Libro Santo Domingo 2023.<\/p>\n\n\n\n<p class=\"wp-block-paragraph\">Severo Rivera, presidente de&nbsp;ADOPAE, destac\u00f3 que&nbsp;se busca destacar la obra de un artista del Caribe de su estatura mediante las intervenciones de Alfonso Qui\u00f1ones, periodista cubano especializado en cultura del Caribe y a&nbsp;Huchi&nbsp;Lora, compositor y periodista, con la moderaci\u00f3n de Jos\u00e9 Rafael Sosa.<\/p>\n\n\n\n<p class=\"wp-block-paragraph\">Severo indic\u00f3 que este coloquio es el aporte de&nbsp;ADOPAE&nbsp;a la Feria del Libro, evento que considera fundamental en tanto es la principal manifestaci\u00f3n masiva de la cultura.<\/p>\n\n\n\n<p class=\"wp-block-paragraph\">\u201cNos place haber estructurado un panel de expertos que revelar\u00e1n, caracter\u00edsticas de una obra compositiva e interpretativa que ha trascendido por las versiones de figuras como&nbsp;Marc&nbsp;Anthony (Flor P\u00e1lida) y Gilberto Santa Rosa (Un mont\u00f3n de estrellas), entre otros.\u201d&nbsp;dijo&nbsp;Rivera.<\/p>\n\n\n\n<p class=\"wp-block-paragraph\">Al final del coloquio se entregar\u00e1 una placa grabada en l\u00e1ser por Logomarca, con el rostro de&nbsp;Monta\u00f1\u00e9s&nbsp;sobre un mapa de Rep\u00fablica Dominicana, a un representante de la comunidad dominicana en Cuba.<\/p>\n\n\n\n<p class=\"wp-block-paragraph\">La placa ser\u00e1 llevada al Museo de Polo&nbsp;Monta\u00f1\u00e9s, en Las Terrazas, Pinar del R\u00edo.<\/p>\n\n\n\n<p class=\"wp-block-paragraph\">Fernando Borrego, su nombre verdadero, naci\u00f3 en la Sierra del Rosario, provincia de Artemisa, provincia de Pinar del R\u00edo, el 5 de junio de 1955 y falleci\u00f3 el 26 de noviembre de 2002 en un lamentable accidente de tr\u00e1nsito, cuando ten\u00eda apenas cuatro a\u00f1os de carrera como artista.<\/p>\n\n\n\n<p class=\"wp-block-paragraph\">Durante su carrera visit\u00f3 Colombia, pa\u00eds en el cual se transform\u00f3 en un fen\u00f3meno de popularidad, en varias ocasiones y a ese pa\u00eds dedic\u00f3 uno de sus temas.<\/p>\n\n\n\n<p class=\"wp-block-paragraph\">Tambi\u00e9n actu\u00f3 en otras naciones como Portugal, B\u00e9lgica, Pa\u00edses Bajos, Ecuador y M\u00e9xico, donde comparti\u00f3 escenario con otras estrellas de la m\u00fasica como Rub\u00e9n&nbsp;Blades, Cesaria&nbsp;\u00c9vora,&nbsp;Compay&nbsp;Segundo y Danny Rivera.<\/p>\n\n\n\n<p class=\"wp-block-paragraph\">El cantante y compositor de unos 100 temas lleg\u00f3 a universalizar los ritmos m\u00e1s aut\u00e9nticos de la campi\u00f1a de Cuba, donde se dej\u00f3 escuchar y querer con bellas canciones salidas de su alma de guajiro natural.<\/p>\n","protected":false},"excerpt":{"rendered":"<p>Servicio de Prensa SANTO DOMINGO, Rep\u00fablica Dominicana.- La Academia Dominicana de Periodistas de Artes y Espect\u00e1culos convoc\u00f3 al&nbsp;p\u00fablico&nbsp;al coloquio sobre la obra del compositor y cantante cubano Polo&nbsp;Monta\u00f1ez, que se monta este martes 29 a las diez de la ma\u00f1ana en el Pabell\u00f3n Azul de la Poes\u00eda, en la Feria Internacional del Libro Santo Domingo [&hellip;]<\/p>\n","protected":false},"author":1,"featured_media":394745,"comment_status":"open","ping_status":"open","sticky":false,"template":"","format":"standard","meta":{"_bbp_topic_count":0,"_bbp_reply_count":0,"_bbp_total_topic_count":0,"_bbp_total_reply_count":0,"_bbp_voice_count":0,"_bbp_anonymous_reply_count":0,"_bbp_topic_count_hidden":0,"_bbp_reply_count_hidden":0,"_bbp_forum_subforum_count":0,"footnotes":""},"categories":[39],"tags":[],"class_list":["post-394744","post","type-post","status-publish","format-standard","has-post-thumbnail","category-entretenimiento"],"_links":{"self":[{"href":"https:\/\/primermomento.com\/index.php?rest_route=\/wp\/v2\/posts\/394744","targetHints":{"allow":["GET"]}}],"collection":[{"href":"https:\/\/primermomento.com\/index.php?rest_route=\/wp\/v2\/posts"}],"about":[{"href":"https:\/\/primermomento.com\/index.php?rest_route=\/wp\/v2\/types\/post"}],"author":[{"embeddable":true,"href":"https:\/\/primermomento.com\/index.php?rest_route=\/wp\/v2\/users\/1"}],"replies":[{"embeddable":true,"href":"https:\/\/primermomento.com\/index.php?rest_route=%2Fwp%2Fv2%2Fcomments&post=394744"}],"version-history":[{"count":2,"href":"https:\/\/primermomento.com\/index.php?rest_route=\/wp\/v2\/posts\/394744\/revisions"}],"predecessor-version":[{"id":394761,"href":"https:\/\/primermomento.com\/index.php?rest_route=\/wp\/v2\/posts\/394744\/revisions\/394761"}],"wp:featuredmedia":[{"embeddable":true,"href":"https:\/\/primermomento.com\/index.php?rest_route=\/wp\/v2\/media\/394745"}],"wp:attachment":[{"href":"https:\/\/primermomento.com\/index.php?rest_route=%2Fwp%2Fv2%2Fmedia&parent=394744"}],"wp:term":[{"taxonomy":"category","embeddable":true,"href":"https:\/\/primermomento.com\/index.php?rest_route=%2Fwp%2Fv2%2Fcategories&post=394744"},{"taxonomy":"post_tag","embeddable":true,"href":"https:\/\/primermomento.com\/index.php?rest_route=%2Fwp%2Fv2%2Ftags&post=394744"}],"curies":[{"name":"wp","href":"https:\/\/api.w.org\/{rel}","templated":true}]}}