{"id":394875,"date":"2023-08-29T08:44:00","date_gmt":"2023-08-29T12:44:00","guid":{"rendered":"https:\/\/primermomento.com\/?p=394875"},"modified":"2023-08-29T18:46:51","modified_gmt":"2023-08-29T22:46:51","slug":"ricky-martin-sinfonico-actual-gira-por-eeuu-y-america-latina","status":"publish","type":"post","link":"https:\/\/primermomento.com\/?p=394875","title":{"rendered":"\u201cRicky Martin Sinf\u00f3nico\u201d, actual gira por EEUU y Am\u00e9rica Latina"},"content":{"rendered":"\n<p class=\"wp-block-paragraph\"><em>Agencia Prensa Latina<\/em><\/p>\n\n\n\n<p class=\"wp-block-paragraph\">SAN JUAN, Puerto Rico.- El artista puertorrique\u00f1o Ricky Martin contin\u00faa hoy con su gira mundial denominada \u201cRicky Martin Sinf\u00f3nico\u201d, en la que hace un recorrido por sus m\u00e1s grandes \u00e9xitos desde el comienzo de su carrera hasta la actualidad.<\/p>\n\n\n\n<p class=\"wp-block-paragraph\">Tras visitar varias ciudades latinoamericanas y estadounidenses -actuaciones que se prolongar\u00e1n hasta final de a\u00f1o- al cantante le toc\u00f3 el turno en la capital de su tierra natal, San Juan, donde el domingo entreg\u00f3 el alma, marcando el regreso a su tierra despu\u00e9s de tres a\u00f1os, destac\u00f3 el sitio elnuevod\u00eda.com.<\/p>\n\n\n\n<p class=\"wp-block-paragraph\">Con 51 a\u00f1os de edad, Martin arranc\u00f3 su segundo concierto consecutivo en su isla con el \u00e9xito \u201cP\u00e9gate\u00bb.<\/p>\n\n\n\n<p class=\"wp-block-paragraph\">Fue una bonita presentaci\u00f3n, expres\u00f3, preparamos aqu\u00ed un recuerdo de lo que es mi historia, nuestra historia, porque siempre vamos a estar juntos, enfatiz\u00f3 Enrique Martin Morales, nombre de pila del artista, despu\u00e9s de vender todas las entradas, as\u00ed lo confirm\u00f3 otra p\u00e1gina, esta vez la encargada de anunciar las fechas del tour, tomatickects.es.<\/p>\n\n\n\n<p class=\"wp-block-paragraph\">Durante el espect\u00e1culo cant\u00f3 acompa\u00f1ado por 62 m\u00fasicos de la orquesta sinf\u00f3nica y nueve de su banda.<\/p>\n\n\n\n<p class=\"wp-block-paragraph\">El p\u00fablico ovacion\u00f3 al artista cuando sonaron los acordes de \u201cVolver\u00e1s\u201d, \u201cLa Bomba\u201dy \u201cFuego de noche, nieve de d\u00eda\u201d, apunt\u00f3 elnuevod\u00eda.com.<\/p>\n\n\n\n<p class=\"wp-block-paragraph\">Su concierto del domingo estuvo producido por Tony Mojena Entertainment, mientras, Martin deleit\u00f3 a sus seguidores con sus conocidos temas \u201cTe extra\u00f1o\u201d, \u201cVuelve\u201d, y con sus coreograf\u00edas a la par que cantaba \u201cMar\u00eda\u201d, \u201cLivin\u201d la vida loca\u201d y \u201cLa copa de la vida\u201d.<\/p>\n\n\n\n<p class=\"wp-block-paragraph\">El artista puertorrique\u00f1o present\u00f3 este concierto sinf\u00f3nico en numerosos pa\u00edses desde julio de 2022, con el cual armoniza su m\u00fasica con el estilo cl\u00e1sico.<\/p>\n","protected":false},"excerpt":{"rendered":"<p>Agencia Prensa Latina SAN JUAN, Puerto Rico.- El artista puertorrique\u00f1o Ricky Martin contin\u00faa hoy con su gira mundial denominada \u201cRicky Martin Sinf\u00f3nico\u201d, en la que hace un recorrido por sus m\u00e1s grandes \u00e9xitos desde el comienzo de su carrera hasta la actualidad. Tras visitar varias ciudades latinoamericanas y estadounidenses -actuaciones que se prolongar\u00e1n hasta final [&hellip;]<\/p>\n","protected":false},"author":1,"featured_media":394876,"comment_status":"open","ping_status":"open","sticky":false,"template":"","format":"standard","meta":{"_bbp_topic_count":0,"_bbp_reply_count":0,"_bbp_total_topic_count":0,"_bbp_total_reply_count":0,"_bbp_voice_count":0,"_bbp_anonymous_reply_count":0,"_bbp_topic_count_hidden":0,"_bbp_reply_count_hidden":0,"_bbp_forum_subforum_count":0,"footnotes":""},"categories":[39],"tags":[],"class_list":["post-394875","post","type-post","status-publish","format-standard","has-post-thumbnail","category-entretenimiento"],"_links":{"self":[{"href":"https:\/\/primermomento.com\/index.php?rest_route=\/wp\/v2\/posts\/394875","targetHints":{"allow":["GET"]}}],"collection":[{"href":"https:\/\/primermomento.com\/index.php?rest_route=\/wp\/v2\/posts"}],"about":[{"href":"https:\/\/primermomento.com\/index.php?rest_route=\/wp\/v2\/types\/post"}],"author":[{"embeddable":true,"href":"https:\/\/primermomento.com\/index.php?rest_route=\/wp\/v2\/users\/1"}],"replies":[{"embeddable":true,"href":"https:\/\/primermomento.com\/index.php?rest_route=%2Fwp%2Fv2%2Fcomments&post=394875"}],"version-history":[{"count":1,"href":"https:\/\/primermomento.com\/index.php?rest_route=\/wp\/v2\/posts\/394875\/revisions"}],"predecessor-version":[{"id":394877,"href":"https:\/\/primermomento.com\/index.php?rest_route=\/wp\/v2\/posts\/394875\/revisions\/394877"}],"wp:featuredmedia":[{"embeddable":true,"href":"https:\/\/primermomento.com\/index.php?rest_route=\/wp\/v2\/media\/394876"}],"wp:attachment":[{"href":"https:\/\/primermomento.com\/index.php?rest_route=%2Fwp%2Fv2%2Fmedia&parent=394875"}],"wp:term":[{"taxonomy":"category","embeddable":true,"href":"https:\/\/primermomento.com\/index.php?rest_route=%2Fwp%2Fv2%2Fcategories&post=394875"},{"taxonomy":"post_tag","embeddable":true,"href":"https:\/\/primermomento.com\/index.php?rest_route=%2Fwp%2Fv2%2Ftags&post=394875"}],"curies":[{"name":"wp","href":"https:\/\/api.w.org\/{rel}","templated":true}]}}