{"id":395080,"date":"2023-08-31T08:03:00","date_gmt":"2023-08-31T12:03:00","guid":{"rendered":"https:\/\/primermomento.com\/?p=395080"},"modified":"2023-08-31T21:06:38","modified_gmt":"2023-09-01T01:06:38","slug":"taylor-swift-anuncia-estreno-en-eeuu-de-pelicula-sobre-reciente-gira","status":"publish","type":"post","link":"https:\/\/primermomento.com\/?p=395080","title":{"rendered":"Taylor Swift anuncia estreno en EEUU de pel\u00edcula sobre reciente gira"},"content":{"rendered":"\n<p class=\"wp-block-paragraph\"><em>Agencia Prensa Latina<\/em><\/p>\n\n\n\n<p class=\"wp-block-paragraph\">WASHINGTON, EEUU.- \u201cThe Eras Tour ha sido la experiencia m\u00e1s significativa y electrizante de mi vida hasta ahora y estoy encantada de decirles que pronto llegar\u00e1 a la gran pantalla\u201d, dijo hoy la conocida cantautora estadounidense Taylor Swift.<\/p>\n\n\n\n<p class=\"wp-block-paragraph\">Al referirse a su m\u00e1s reciente y exitosa gira, la tambi\u00e9n actriz y productora nacida hace 33 a\u00f1os en Pensilvania, anunci\u00f3 en la red social X (antes Twitter) que \u201ca partir del 13 de octubre podr\u00e1n disfrutar de la pel\u00edcula del concierto en los cines de Estados Unidos\u201d.<\/p>\n\n\n\n<p class=\"wp-block-paragraph\">The Eras Tour, repas\u00f3 cada una de sus etapas musicales a lo largo de m\u00e1s de 17 a\u00f1os de carrera de la popular artista y convertido en largometraje documental fue dirigido por Sam Wrench, quien ya ha trabajado con m\u00fasicos de la talla de Billie Eilish y Lizzo.<\/p>\n\n\n\n<p class=\"wp-block-paragraph\">Con una duraci\u00f3n de dos horas y 45 minutos, The Eras Tour Concert Film recoge una de las actuaciones de Swift en el SoFi Stadium de Los Angeles.<\/p>\n\n\n\n<p class=\"wp-block-paragraph\">Taylor Alison Swift (13 de diciembre de 1989) ha tenido una mete\u00f3rica carrera. En 2006 lanz\u00f3 su \u00e1lbum debut hom\u00f3nimo, que la estableci\u00f3 como una estrella en la m\u00fasica Pop.<\/p>\n\n\n\n<p class=\"wp-block-paragraph\">Su tercer sencillo \u201cOur Song\u201d (Nuestra canci\u00f3n), la convirti\u00f3 en la persona m\u00e1s joven en escribir temas de forma solista e interpretar una canci\u00f3n n\u00famero uno en la lista de Hot Country Songs.<\/p>\n\n\n\n<p class=\"wp-block-paragraph\">En 2008 recibi\u00f3 una nominaci\u00f3n a mejor artista novel en la 50 edici\u00f3n de los Premios Grammy y el propio a\u00f1o lanz\u00f3 su segundo \u00e1lbum, Fearless (Valiente), que fue, adem\u00e1s del m\u00e1s vendido en 2009 en Estados Unidos, ganador de cuatro premios Grammy.<\/p>\n\n\n\n<p class=\"wp-block-paragraph\">La distribuci\u00f3n de The Eras Tour en las salas de cine del pa\u00eds supone un paso de avance en la intersecci\u00f3n de las industrias musical y cinematogr\u00e1fica, seg\u00fan comentan medios de prensa.<\/p>\n","protected":false},"excerpt":{"rendered":"<p>Agencia Prensa Latina WASHINGTON, EEUU.- \u201cThe Eras Tour ha sido la experiencia m\u00e1s significativa y electrizante de mi vida hasta ahora y estoy encantada de decirles que pronto llegar\u00e1 a la gran pantalla\u201d, dijo hoy la conocida cantautora estadounidense Taylor Swift. Al referirse a su m\u00e1s reciente y exitosa gira, la tambi\u00e9n actriz y productora [&hellip;]<\/p>\n","protected":false},"author":1,"featured_media":395081,"comment_status":"open","ping_status":"open","sticky":false,"template":"","format":"standard","meta":{"_bbp_topic_count":0,"_bbp_reply_count":0,"_bbp_total_topic_count":0,"_bbp_total_reply_count":0,"_bbp_voice_count":0,"_bbp_anonymous_reply_count":0,"_bbp_topic_count_hidden":0,"_bbp_reply_count_hidden":0,"_bbp_forum_subforum_count":0,"footnotes":""},"categories":[39],"tags":[],"class_list":["post-395080","post","type-post","status-publish","format-standard","has-post-thumbnail","category-entretenimiento"],"_links":{"self":[{"href":"https:\/\/primermomento.com\/index.php?rest_route=\/wp\/v2\/posts\/395080","targetHints":{"allow":["GET"]}}],"collection":[{"href":"https:\/\/primermomento.com\/index.php?rest_route=\/wp\/v2\/posts"}],"about":[{"href":"https:\/\/primermomento.com\/index.php?rest_route=\/wp\/v2\/types\/post"}],"author":[{"embeddable":true,"href":"https:\/\/primermomento.com\/index.php?rest_route=\/wp\/v2\/users\/1"}],"replies":[{"embeddable":true,"href":"https:\/\/primermomento.com\/index.php?rest_route=%2Fwp%2Fv2%2Fcomments&post=395080"}],"version-history":[{"count":1,"href":"https:\/\/primermomento.com\/index.php?rest_route=\/wp\/v2\/posts\/395080\/revisions"}],"predecessor-version":[{"id":395082,"href":"https:\/\/primermomento.com\/index.php?rest_route=\/wp\/v2\/posts\/395080\/revisions\/395082"}],"wp:featuredmedia":[{"embeddable":true,"href":"https:\/\/primermomento.com\/index.php?rest_route=\/wp\/v2\/media\/395081"}],"wp:attachment":[{"href":"https:\/\/primermomento.com\/index.php?rest_route=%2Fwp%2Fv2%2Fmedia&parent=395080"}],"wp:term":[{"taxonomy":"category","embeddable":true,"href":"https:\/\/primermomento.com\/index.php?rest_route=%2Fwp%2Fv2%2Fcategories&post=395080"},{"taxonomy":"post_tag","embeddable":true,"href":"https:\/\/primermomento.com\/index.php?rest_route=%2Fwp%2Fv2%2Ftags&post=395080"}],"curies":[{"name":"wp","href":"https:\/\/api.w.org\/{rel}","templated":true}]}}