{"id":395193,"date":"2023-09-02T13:26:51","date_gmt":"2023-09-02T17:26:51","guid":{"rendered":"https:\/\/primermomento.com\/?p=395193"},"modified":"2023-09-03T05:28:37","modified_gmt":"2023-09-03T09:28:37","slug":"el-ultimo-concierto-de-jimmy-buffett","status":"publish","type":"post","link":"https:\/\/primermomento.com\/?p=395193","title":{"rendered":"El \u00faltimo concierto de Jimmy Buffett"},"content":{"rendered":"\n<p class=\"wp-block-paragraph\"><em>Agencia Prensa Latina<\/em><\/p>\n\n\n\n<p class=\"wp-block-paragraph\">WASHINGTON, EEUU.- En mayo de este a\u00f1o el legendario m\u00fasico estadounidense Jimmy Buffett anunci\u00f3 que aplazaba un concierto tras ser hospitalizado, y hoy, casi tres meses despu\u00e9s, sus admiradores lamentan su muerte.<\/p>\n\n\n<div class=\"wp-block-image\">\n<figure class=\"aligncenter\"><img decoding=\"async\" src=\"https:\/\/i.ytimg.com\/vi\/tUlf4LvMJus\/hqdefault.jpg\" alt=\"\"\/><\/figure>\n<\/div>\n\n\n<p class=\"wp-block-paragraph\">\u00abJimmy falleci\u00f3 en paz la noche del 1 de septiembre rodeado de su familia, sus amigos, su m\u00fasica y sus perros\u201d, rese\u00f1\u00f3 un comunicado publicado en su p\u00e1gina oficial.<\/p>\n\n\n\n<p class=\"wp-block-paragraph\">\u201cVivi\u00f3 su vida como una canci\u00f3n hasta el \u00faltimo aliento y muchos le echar\u00e1n de menos\u00bb, subray\u00f3 el mensaje, que no especific\u00f3 el lugar ni la causa de su deceso este viernes a los 76 a\u00f1os de edad.<\/p>\n\n\n\n<figure class=\"wp-block-image\"><img decoding=\"async\" src=\"https:\/\/www.prensa-latina.cu\/wp-content\/uploads\/2023\/09\/jb.jpg\" alt=\"\" class=\"wp-image-545766\"\/><\/figure>\n\n\n\n<p class=\"wp-block-paragraph\">James William \u00abJimmy\u00bb Buffett, naci\u00f3 en Pascagoula, Misisipi, el 25 de diciembre de 1946, aunque se cri\u00f3 en Alabama.<\/p>\n\n\n\n<p class=\"wp-block-paragraph\">Inici\u00f3 su carrera en la d\u00e9cada de 1960 del pasado siglo bautizando su estilo como \u201crock \u2018n\u2019 roll caribe\u00f1o borracho\u201d, con el cual cautiv\u00f3 a millones de fan\u00e1ticos con sus folcl\u00f3ricas composiciones sobre la vida y el amor en paradisiacas playas tropicales.<\/p>\n\n\n\n<p class=\"wp-block-paragraph\">Por m\u00e1s que haya tocado en diferentes partes de Estados Unidos, su m\u00fasica tuvo un particular acento en Florida por varias d\u00e9cadas.<\/p>\n\n\n\n<p class=\"wp-block-paragraph\">Su tema m\u00e1s conocido, \u201cMargaritaville\u201d, lanzado en 1977, ocupa el lugar 234 en la lista de Canciones del Siglo y tambi\u00e9n se incluy\u00f3 en el Sal\u00f3n de la Fama de los Grammy en 2016.<\/p>\n\n\n\n<p class=\"wp-block-paragraph\">Buffett mont\u00f3 varios restaurantes precisamente con el nombre de esa canci\u00f3n y el de otra que tambi\u00e9n fue popular: \u201cCheeseburger in Paradise\u00bb, fue propietario de la Liga Menor de B\u00e9isbol y escribi\u00f3 numerosos libros, incluyendo Tales from Margaritaville, A Pirate Looks At Fifty, y Where Is Joe Merchant?<\/p>\n\n\n\n<p class=\"wp-block-paragraph\">Adem\u00e1s, dedic\u00f3 parte de su tiempo a obras sociales al fundar una organizaci\u00f3n llamada Save he Manatee Club para proteger a esos mam\u00edferos marinos de las heridas ocasionadas por las embarcaciones y la mano del hombre.<\/p>\n\n\n\n<p class=\"wp-block-paragraph\">En 2017 en una entrevista concedida a una revista al preguntarle qu\u00e9 le quedaba por hacer antes de morir, \u00e9l respondi\u00f3 que \u00abcuatro cosas: aprender hang ten (acrobacia de surf); ir al espacio; ir a Pitcairn Island (en el oc\u00e9ano Pac\u00edfico), de donde vienen mis ancestros; e ir a la Ant\u00e1rtica\u00bb.<\/p>\n\n\n\n<p class=\"wp-block-paragraph\">Pero, definitivamente, qued\u00f3 pendiente su \u00faltimo concierto.<\/p>\n","protected":false},"excerpt":{"rendered":"<p>Agencia Prensa Latina WASHINGTON, EEUU.- En mayo de este a\u00f1o el legendario m\u00fasico estadounidense Jimmy Buffett anunci\u00f3 que aplazaba un concierto tras ser hospitalizado, y hoy, casi tres meses despu\u00e9s, sus admiradores lamentan su muerte. \u00abJimmy falleci\u00f3 en paz la noche del 1 de septiembre rodeado de su familia, sus amigos, su m\u00fasica y sus [&hellip;]<\/p>\n","protected":false},"author":1,"featured_media":395199,"comment_status":"open","ping_status":"open","sticky":false,"template":"","format":"video","meta":{"_bbp_topic_count":0,"_bbp_reply_count":0,"_bbp_total_topic_count":0,"_bbp_total_reply_count":0,"_bbp_voice_count":0,"_bbp_anonymous_reply_count":0,"_bbp_topic_count_hidden":0,"_bbp_reply_count_hidden":0,"_bbp_forum_subforum_count":0,"footnotes":""},"categories":[39,106],"tags":[],"class_list":["post-395193","post","type-post","status-publish","format-video","has-post-thumbnail","category-entretenimiento","category-video-news","post_format-post-format-video"],"_links":{"self":[{"href":"https:\/\/primermomento.com\/index.php?rest_route=\/wp\/v2\/posts\/395193","targetHints":{"allow":["GET"]}}],"collection":[{"href":"https:\/\/primermomento.com\/index.php?rest_route=\/wp\/v2\/posts"}],"about":[{"href":"https:\/\/primermomento.com\/index.php?rest_route=\/wp\/v2\/types\/post"}],"author":[{"embeddable":true,"href":"https:\/\/primermomento.com\/index.php?rest_route=\/wp\/v2\/users\/1"}],"replies":[{"embeddable":true,"href":"https:\/\/primermomento.com\/index.php?rest_route=%2Fwp%2Fv2%2Fcomments&post=395193"}],"version-history":[{"count":2,"href":"https:\/\/primermomento.com\/index.php?rest_route=\/wp\/v2\/posts\/395193\/revisions"}],"predecessor-version":[{"id":395227,"href":"https:\/\/primermomento.com\/index.php?rest_route=\/wp\/v2\/posts\/395193\/revisions\/395227"}],"wp:featuredmedia":[{"embeddable":true,"href":"https:\/\/primermomento.com\/index.php?rest_route=\/wp\/v2\/media\/395199"}],"wp:attachment":[{"href":"https:\/\/primermomento.com\/index.php?rest_route=%2Fwp%2Fv2%2Fmedia&parent=395193"}],"wp:term":[{"taxonomy":"category","embeddable":true,"href":"https:\/\/primermomento.com\/index.php?rest_route=%2Fwp%2Fv2%2Fcategories&post=395193"},{"taxonomy":"post_tag","embeddable":true,"href":"https:\/\/primermomento.com\/index.php?rest_route=%2Fwp%2Fv2%2Ftags&post=395193"}],"curies":[{"name":"wp","href":"https:\/\/api.w.org\/{rel}","templated":true}]}}