{"id":395232,"date":"2023-09-03T13:49:00","date_gmt":"2023-09-03T17:49:00","guid":{"rendered":"https:\/\/primermomento.com\/?p=395232"},"modified":"2023-09-03T14:57:06","modified_gmt":"2023-09-03T18:57:06","slug":"centro-cultural-banreservas-expondra-obras-del-maestro-vicente-pimentel","status":"publish","type":"post","link":"https:\/\/primermomento.com\/?p=395232","title":{"rendered":"Centro Cultural\u00a0Banreservas\u00a0expondr\u00e1 obras del maestro Vicente Pimentel"},"content":{"rendered":"\n<ul class=\"wp-block-list\">\n<li><strong>Veinte obras del artista&nbsp;visual,&nbsp;recientemente fallecido en Europa, se exhibir\u00e1n desde el jueves 7 de septiembre&nbsp;en el espacio cultural de la Ciudad Colonial<\/strong>.<\/li>\n<\/ul>\n\n\n\n<p class=\"wp-block-paragraph\"><em>Servicio de prensa<\/em><\/p>\n\n\n\n<p class=\"wp-block-paragraph\">SANTO DOMINGO, Rep\u00fablica Dominicana.- El Centro Cultural&nbsp;Banreservas, con la colaboraci\u00f3n de la familia Van der&nbsp;Horst, abrir\u00e1 al p\u00fablico el pr\u00f3ximo jueves 7 de septiembre&nbsp;una muestra del fenecido artista visual dominicano Vicente Pimentel, Premio Nacional de Artes Visuales, 2020.&nbsp;<\/p>\n\n\n\n<p class=\"wp-block-paragraph\">La exposici\u00f3n est\u00e1 compuesta por 20 obras de formato y t\u00e9cnicas diversas, incluyendo dibujos y pinturas y&nbsp;que cuentan con la curadur\u00eda del especialista Amable L\u00f3pez Mel\u00e9ndez.<\/p>\n\n\n\n<p class=\"wp-block-paragraph\">Mijail&nbsp;Peralta, gerente de Cultura de&nbsp;Banreservas, expres\u00f3 que la muestra permitir\u00e1 al p\u00fablico amante de las artes visuales tener una panor\u00e1mica de la obra del maestro Pimentel, mediante las visitas guiadas y coloquios en los que se analizar\u00e1 su trayectoria art\u00edstica.<\/p>\n\n\n\n<p class=\"wp-block-paragraph\">Explic\u00f3 que se trata de una iniciativa de&nbsp;Banreservas&nbsp;que ha sido posible gracias a la aceptaci\u00f3n de la propuesta por parte de la familia Van der&nbsp;Horst, coleccionistas que establecieron una s\u00f3lida relaci\u00f3n con el artista durante a\u00f1os en sus etapas creativas en Santo Domingo y Europa.<\/p>\n\n\n\n<p class=\"wp-block-paragraph\">Agradeci\u00f3 la colaboraci\u00f3n de la Familia Van der&nbsp;Horts, que ha facilitado las obras para que el p\u00fablico conozca el talento de Pimentel. El artista realiz\u00f3 exposiciones individuales en Nueva York, Chicago, Par\u00eds, Estocolmo y su ciudad natal, Santo Domingo. Sus obras han sido parte de exposiciones colectivas en Madrid, Par\u00eds, Estocolmo, Islas Canarias, Londres, La Habana,&nbsp;Rijeka&nbsp;(Yugoslavia), Niza y Copenhague.<\/p>\n\n\n\n<p class=\"wp-block-paragraph\">El creador visual naci\u00f3 en&nbsp;1947,&nbsp;naci\u00f3 en Santo Domingo y estudi\u00f3 en la Escuela Nacional de Bellas Artes de Santo Domingo y posteriormente se traslad\u00f3 a Europa para colegiarse en la&nbsp;\u00c9cole&nbsp;d&#8217;Art&nbsp;et&nbsp;d\u2019Architecture, en Francia, donde residi\u00f3 hasta el momento de su deceso en mayo pasado.<\/p>\n\n\n\n<p class=\"wp-block-paragraph\">\u201c<em>El p\u00fablico dominicano, sobre todo los pintores, maestros y estudiantes de artes&nbsp;<\/em><em>visuales,&nbsp;tendr\u00e1 oportunidad de un contacto directo con el talento de este dominicano que logr\u00f3, mediante estudios, emprendimiento y aprehensi\u00f3n del concepto de lo abstracto, establecer una marca pict\u00f3rica de reconocimiento internacional\u201d<\/em>&nbsp;dijo Peralta.<\/p>\n\n\n\n<p class=\"wp-block-paragraph\">Pimentel desarroll\u00f3 en Francia una obra pict\u00f3rica que le mereci\u00f3 el reconocimiento del Senado de Francia, que le otorg\u00f3 una medalla en febrero de este a\u00f1o por sus aportes a la cultura, trayectoria y v\u00ednculo con esa naci\u00f3n europea.<\/p>\n\n\n\n<p class=\"wp-block-paragraph\">Tambi\u00e9n el pintor dominicano gan\u00f3 en esa naci\u00f3n el premio&nbsp;Ville&nbsp;de&nbsp;V\u00edrtry, en 1982, entre otras distinciones.<\/p>\n\n\n\n<p class=\"wp-block-paragraph\">El artista, en cuyas obras predominan las formas abstractas, estudi\u00f3 en la Escuela Nacional de Bellas Artes, ampli\u00f3 sus conocimientos en ese pa\u00eds, donde residi\u00f3 durante varios a\u00f1os.<\/p>\n\n\n\n<p class=\"wp-block-paragraph\">Existen obras de Pimentel en el Museo de Arte y Tecnolog\u00eda en Florida, Estados Unidos; del&nbsp;Fonds&nbsp;National&nbsp;d\u2019Art&nbsp;Contemporain, la Colecci\u00f3n Pompidou en Francia y el Museo Nacional de Arte Moderno en Santo Domingo.<\/p>\n","protected":false},"excerpt":{"rendered":"<p>Servicio de prensa SANTO DOMINGO, Rep\u00fablica Dominicana.- El Centro Cultural&nbsp;Banreservas, con la colaboraci\u00f3n de la familia Van der&nbsp;Horst, abrir\u00e1 al p\u00fablico el pr\u00f3ximo jueves 7 de septiembre&nbsp;una muestra del fenecido artista visual dominicano Vicente Pimentel, Premio Nacional de Artes Visuales, 2020.&nbsp; La exposici\u00f3n est\u00e1 compuesta por 20 obras de formato y t\u00e9cnicas diversas, incluyendo dibujos [&hellip;]<\/p>\n","protected":false},"author":1,"featured_media":395233,"comment_status":"open","ping_status":"open","sticky":false,"template":"","format":"standard","meta":{"_bbp_topic_count":0,"_bbp_reply_count":0,"_bbp_total_topic_count":0,"_bbp_total_reply_count":0,"_bbp_voice_count":0,"_bbp_anonymous_reply_count":0,"_bbp_topic_count_hidden":0,"_bbp_reply_count_hidden":0,"_bbp_forum_subforum_count":0,"footnotes":""},"categories":[39],"tags":[],"class_list":["post-395232","post","type-post","status-publish","format-standard","has-post-thumbnail","category-entretenimiento"],"_links":{"self":[{"href":"https:\/\/primermomento.com\/index.php?rest_route=\/wp\/v2\/posts\/395232","targetHints":{"allow":["GET"]}}],"collection":[{"href":"https:\/\/primermomento.com\/index.php?rest_route=\/wp\/v2\/posts"}],"about":[{"href":"https:\/\/primermomento.com\/index.php?rest_route=\/wp\/v2\/types\/post"}],"author":[{"embeddable":true,"href":"https:\/\/primermomento.com\/index.php?rest_route=\/wp\/v2\/users\/1"}],"replies":[{"embeddable":true,"href":"https:\/\/primermomento.com\/index.php?rest_route=%2Fwp%2Fv2%2Fcomments&post=395232"}],"version-history":[{"count":2,"href":"https:\/\/primermomento.com\/index.php?rest_route=\/wp\/v2\/posts\/395232\/revisions"}],"predecessor-version":[{"id":395238,"href":"https:\/\/primermomento.com\/index.php?rest_route=\/wp\/v2\/posts\/395232\/revisions\/395238"}],"wp:featuredmedia":[{"embeddable":true,"href":"https:\/\/primermomento.com\/index.php?rest_route=\/wp\/v2\/media\/395233"}],"wp:attachment":[{"href":"https:\/\/primermomento.com\/index.php?rest_route=%2Fwp%2Fv2%2Fmedia&parent=395232"}],"wp:term":[{"taxonomy":"category","embeddable":true,"href":"https:\/\/primermomento.com\/index.php?rest_route=%2Fwp%2Fv2%2Fcategories&post=395232"},{"taxonomy":"post_tag","embeddable":true,"href":"https:\/\/primermomento.com\/index.php?rest_route=%2Fwp%2Fv2%2Ftags&post=395232"}],"curies":[{"name":"wp","href":"https:\/\/api.w.org\/{rel}","templated":true}]}}