{"id":395300,"date":"2023-09-04T07:30:00","date_gmt":"2023-09-04T11:30:00","guid":{"rendered":"https:\/\/primermomento.com\/?p=395300"},"modified":"2023-09-04T11:52:16","modified_gmt":"2023-09-04T15:52:16","slug":"mariah-carey-celebra-30-anos-de-su-album-music-box","status":"publish","type":"post","link":"https:\/\/primermomento.com\/?p=395300","title":{"rendered":"Mariah Carey celebra 30 a\u00f1os de su \u00e1lbum \u201cMusic Box\u201d"},"content":{"rendered":"\n<p class=\"wp-block-paragraph\"><em>Agencia Prensa Latina<\/em><\/p>\n\n\n\n<p class=\"wp-block-paragraph\">NUEVA YORK, EEUU.- La cantante y compositora estadounidense Mariah Carey celebra 30 a\u00f1os de su \u00e1lbum \u201cMusic Box\u201d, aniversario que engloba hoy la reedici\u00f3n del disco en varios formatos, un mini-documental y otras sorpresas.<\/p>\n\n\n\n<p class=\"wp-block-paragraph\">El nuevo lanzamiento incluir\u00e1 temas in\u00e9ditos detr\u00e1s de c\u00e1maras y presentaciones en vivo.<\/p>\n\n\n\n<p class=\"wp-block-paragraph\">Canciones como \u201cDreamlover\u201d, el cl\u00e1sico \u201cH\u00e9roe\u201d o \u201cWithout You cumplen tres d\u00e9cadas este 2023 y la artista comparti\u00f3 en sus redes sociales un video en el cual anunci\u00f3 que celebrar\u00e1 con su p\u00fablico los \u00e9xitos del pasado.<\/p>\n\n\n\n<p class=\"wp-block-paragraph\">\u201cMusic Box\u201d se reeditar\u00e1 el 8 de septiembre con un tema in\u00e9dito, con la versi\u00f3n de 2009 de \u201cHero\u201d, con un audiovisual documentado y, adem\u00e1s, el videoclip de \u201cDreamlover\u201d a una resoluci\u00f3n de 4k.<\/p>\n\n\n\n<p class=\"wp-block-paragraph\">Esta producci\u00f3n discogr\u00e1fica lanzada por primera vez el 31 de Agosto de 1993 volver\u00e1 a ver la luz en 4 vinilos, tres CDs y un cassette.<\/p>\n\n\n\n<p class=\"wp-block-paragraph\">La artista lanz\u00f3 su \u00e1lbum debut hom\u00f3nimo, Mariah Carey en 1990 y de este se desprendieron cuatro sencillos que llegaron al primer puesto en la lista Billboard Hot 100.<\/p>\n\n\n\n<p class=\"wp-block-paragraph\">Con su segundo sencillo \u00abOne Sweet Day\u00bb, una colaboraci\u00f3n con Boyz II Men, pas\u00f3 a tener un r\u00e9cord de diecis\u00e9is semanas en el n\u00famero uno del Hot 100, siendo la primera canci\u00f3n con m\u00e1s semanas acumuladas en la cima de la lista.<\/p>\n","protected":false},"excerpt":{"rendered":"<p>Agencia Prensa Latina NUEVA YORK, EEUU.- La cantante y compositora estadounidense Mariah Carey celebra 30 a\u00f1os de su \u00e1lbum \u201cMusic Box\u201d, aniversario que engloba hoy la reedici\u00f3n del disco en varios formatos, un mini-documental y otras sorpresas. El nuevo lanzamiento incluir\u00e1 temas in\u00e9ditos detr\u00e1s de c\u00e1maras y presentaciones en vivo. Canciones como \u201cDreamlover\u201d, el cl\u00e1sico [&hellip;]<\/p>\n","protected":false},"author":1,"featured_media":395301,"comment_status":"open","ping_status":"open","sticky":false,"template":"","format":"standard","meta":{"_bbp_topic_count":0,"_bbp_reply_count":0,"_bbp_total_topic_count":0,"_bbp_total_reply_count":0,"_bbp_voice_count":0,"_bbp_anonymous_reply_count":0,"_bbp_topic_count_hidden":0,"_bbp_reply_count_hidden":0,"_bbp_forum_subforum_count":0,"footnotes":""},"categories":[39],"tags":[],"class_list":["post-395300","post","type-post","status-publish","format-standard","has-post-thumbnail","category-entretenimiento"],"_links":{"self":[{"href":"https:\/\/primermomento.com\/index.php?rest_route=\/wp\/v2\/posts\/395300","targetHints":{"allow":["GET"]}}],"collection":[{"href":"https:\/\/primermomento.com\/index.php?rest_route=\/wp\/v2\/posts"}],"about":[{"href":"https:\/\/primermomento.com\/index.php?rest_route=\/wp\/v2\/types\/post"}],"author":[{"embeddable":true,"href":"https:\/\/primermomento.com\/index.php?rest_route=\/wp\/v2\/users\/1"}],"replies":[{"embeddable":true,"href":"https:\/\/primermomento.com\/index.php?rest_route=%2Fwp%2Fv2%2Fcomments&post=395300"}],"version-history":[{"count":1,"href":"https:\/\/primermomento.com\/index.php?rest_route=\/wp\/v2\/posts\/395300\/revisions"}],"predecessor-version":[{"id":395302,"href":"https:\/\/primermomento.com\/index.php?rest_route=\/wp\/v2\/posts\/395300\/revisions\/395302"}],"wp:featuredmedia":[{"embeddable":true,"href":"https:\/\/primermomento.com\/index.php?rest_route=\/wp\/v2\/media\/395301"}],"wp:attachment":[{"href":"https:\/\/primermomento.com\/index.php?rest_route=%2Fwp%2Fv2%2Fmedia&parent=395300"}],"wp:term":[{"taxonomy":"category","embeddable":true,"href":"https:\/\/primermomento.com\/index.php?rest_route=%2Fwp%2Fv2%2Fcategories&post=395300"},{"taxonomy":"post_tag","embeddable":true,"href":"https:\/\/primermomento.com\/index.php?rest_route=%2Fwp%2Fv2%2Ftags&post=395300"}],"curies":[{"name":"wp","href":"https:\/\/api.w.org\/{rel}","templated":true}]}}