{"id":395313,"date":"2023-09-04T08:26:00","date_gmt":"2023-09-04T12:26:00","guid":{"rendered":"https:\/\/primermomento.com\/?p=395313"},"modified":"2023-09-04T14:35:54","modified_gmt":"2023-09-04T18:35:54","slug":"bani-alcaldia-da-inicio-a-los-domingos-infantiles-en-su-segunda-edicion","status":"publish","type":"post","link":"https:\/\/primermomento.com\/?p=395313","title":{"rendered":"BAN\u00cd | Alcald\u00eda da inicio a los Domingos Infantiles en su segunda edici\u00f3n"},"content":{"rendered":"\n<p class=\"wp-block-paragraph\"><em><strong>Por Servicios de Primermomento.com<\/strong><\/em><\/p>\n\n\n\n<p class=\"wp-block-paragraph\">BAN\u00cd, Rep\u00fablica Dominicana.- El Ayuntamiento Juvenil e Infantil junto a la alcald\u00eda Ban\u00ed dio inicio ayer a la segunda edici\u00f3n de los Domingos Infantiles, efectuado en las instalaciones del<br>parque Encarnaci\u00f3n Echavarr\u00eda (La Avenida), donde a pesar de un clima nublado, se dio cita un concurrido p\u00fablico que disfrut\u00f3 hasta m\u00e1s no poder las atracciones programadas.<\/p>\n\n\n\n<p class=\"wp-block-paragraph\">El alcalde Santo Ram\u00edrez estuvo presente en el evento, y a su llegada todos los ni\u00f1os aplaudieron como significado de agradecimiento por llevar a cabo iniciativas como estas, que aportan al sano esparcimiento.<\/p>\n\n\n\n<p class=\"wp-block-paragraph\">Dentro de las actividades que se pusieron de manifiesto, se encuentran Divertitarde con el payaso Cuchar\u00edn, quien realiz\u00f3 junto a los peque\u00f1os concursos de baile y trabalenguas, a quienes al final eran agraciados con juguetes cortes\u00eda de las empresas y compa\u00f1\u00edas que colaboraron con<br>patrocinios.<\/p>\n\n\n\n<p class=\"wp-block-paragraph\">Adem\u00e1s, se efectuaron jornadas de Pinta Caritas y acompa\u00f1aron otros personajes como Minnie y Mickey Mouse, con los que j\u00f3venes y adultos se tomaron sus fotos.<\/p>\n\n\n\n<p class=\"wp-block-paragraph\">La Asociaci\u00f3n La Nacional de Ahorros y Prestamos ofreci\u00f3 un Cuenta Cuentos con su mascota Chel\u00edn, asimismo obsequio peque\u00f1as alcanc\u00edas para motivar el ahorro en los presentes.<\/p>\n\n\n\n<p class=\"wp-block-paragraph\">Los ni\u00f1os, ni\u00f1as y adolescentes degustaron de un refrescante refrigerio, helados y golosinas.<\/p>\n\n\n\n<p class=\"wp-block-paragraph\">Tanto la Defensa Civil como la Polic\u00eda Municipal brindaron apoyo junto al staff de los Domingos Infantiles, compuesto de j\u00f3venes del AJI y empleados del cabildo banilejo.<\/p>\n\n\n\n<p class=\"wp-block-paragraph\">Los Domingos Infantiles contin\u00faan por tres ocasiones consecutivas, el pr\u00f3ximo ser\u00e1 el 10 de septiembre a las 3:00 de la tarde en el parque Francisco Matos \u201cLa Gallera\u201d, luego el 17 se efectuar\u00e1 en la cancha del sector Los Barracones y culminar\u00e1 el 24 en el parque central Marcos A. Cabral.<\/p>\n","protected":false},"excerpt":{"rendered":"<p>Por Servicios de Primermomento.com BAN\u00cd, Rep\u00fablica Dominicana.- El Ayuntamiento Juvenil e Infantil junto a la alcald\u00eda Ban\u00ed dio inicio ayer a la segunda edici\u00f3n de los Domingos Infantiles, efectuado en las instalaciones delparque Encarnaci\u00f3n Echavarr\u00eda (La Avenida), donde a pesar de un clima nublado, se dio cita un concurrido p\u00fablico que disfrut\u00f3 hasta m\u00e1s no [&hellip;]<\/p>\n","protected":false},"author":1,"featured_media":395314,"comment_status":"open","ping_status":"open","sticky":false,"template":"","format":"standard","meta":{"_bbp_topic_count":0,"_bbp_reply_count":0,"_bbp_total_topic_count":0,"_bbp_total_reply_count":0,"_bbp_voice_count":0,"_bbp_anonymous_reply_count":0,"_bbp_topic_count_hidden":0,"_bbp_reply_count_hidden":0,"_bbp_forum_subforum_count":0,"footnotes":""},"categories":[39],"tags":[],"class_list":["post-395313","post","type-post","status-publish","format-standard","has-post-thumbnail","category-entretenimiento"],"_links":{"self":[{"href":"https:\/\/primermomento.com\/index.php?rest_route=\/wp\/v2\/posts\/395313","targetHints":{"allow":["GET"]}}],"collection":[{"href":"https:\/\/primermomento.com\/index.php?rest_route=\/wp\/v2\/posts"}],"about":[{"href":"https:\/\/primermomento.com\/index.php?rest_route=\/wp\/v2\/types\/post"}],"author":[{"embeddable":true,"href":"https:\/\/primermomento.com\/index.php?rest_route=\/wp\/v2\/users\/1"}],"replies":[{"embeddable":true,"href":"https:\/\/primermomento.com\/index.php?rest_route=%2Fwp%2Fv2%2Fcomments&post=395313"}],"version-history":[{"count":1,"href":"https:\/\/primermomento.com\/index.php?rest_route=\/wp\/v2\/posts\/395313\/revisions"}],"predecessor-version":[{"id":395315,"href":"https:\/\/primermomento.com\/index.php?rest_route=\/wp\/v2\/posts\/395313\/revisions\/395315"}],"wp:featuredmedia":[{"embeddable":true,"href":"https:\/\/primermomento.com\/index.php?rest_route=\/wp\/v2\/media\/395314"}],"wp:attachment":[{"href":"https:\/\/primermomento.com\/index.php?rest_route=%2Fwp%2Fv2%2Fmedia&parent=395313"}],"wp:term":[{"taxonomy":"category","embeddable":true,"href":"https:\/\/primermomento.com\/index.php?rest_route=%2Fwp%2Fv2%2Fcategories&post=395313"},{"taxonomy":"post_tag","embeddable":true,"href":"https:\/\/primermomento.com\/index.php?rest_route=%2Fwp%2Fv2%2Ftags&post=395313"}],"curies":[{"name":"wp","href":"https:\/\/api.w.org\/{rel}","templated":true}]}}