{"id":395353,"date":"2023-09-05T09:51:00","date_gmt":"2023-09-05T13:51:00","guid":{"rendered":"https:\/\/primermomento.com\/?p=395353"},"modified":"2023-09-05T14:54:57","modified_gmt":"2023-09-05T18:54:57","slug":"feria-del-libro-termina-con-exito-de-ventas-y-gratitud","status":"publish","type":"post","link":"https:\/\/primermomento.com\/?p=395353","title":{"rendered":"Feria del Libro termina con \u00e9xito de ventas y gratitud"},"content":{"rendered":"\n<p class=\"wp-block-paragraph\"><em>Agencia Prensa Latina<\/em><\/p>\n\n\n\n<p class=\"wp-block-paragraph\">SANTO DOMINGO, Rep\u00fablica Dominicana.- La Feria Internacional del Libro Santo Domingo 2023 finaliz\u00f3 con gran \u00e9xito de ventas y la aceptaci\u00f3n de la inmensa mayor\u00eda de sus asistentes, quienes desde hoy esperan la pr\u00f3xima edici\u00f3n del evento literario m\u00e1s importante del pa\u00eds.<\/p>\n\n\n\n<p class=\"wp-block-paragraph\">El acto de cierre tuvo lugar anoche en la Sala de Letras, ubicada en la Cinemateca Dominicana, donde la ministra de Cultura, Milagros Germ\u00e1n, atribuy\u00f3 su prestigio al apoyo masivo de la ciudadan\u00eda y de los estudiantes.<\/p>\n\n\n\n<p class=\"wp-block-paragraph\">El ministerio de Cultura inform\u00f3 que m\u00e1s de 50 millones de pesos dominicanos (877 mil d\u00f3lares) se vendieron en libros en los 89 puntos distribuidos entre librer\u00edas y casas editora, cifra muy superior a la alcanzada en ediciones anteriores de este certamen, con sede en la Plaza de la Cultura Juan Pablo Duarte.<\/p>\n\n\n\n<p class=\"wp-block-paragraph\">Miles de personas visitaron el recinto ferial desde el 25 de agosto pasado atra\u00eddos por las novedades literarias y por la mejor organizaci\u00f3n en cuanto a la distribuci\u00f3n de los espacios, con la instalaci\u00f3n de la mayor\u00eda de los pabellones en el interior de los museos que conforman la Plaza de la Cultura, a fin de aproximar a los visitantes al patrimonio de la naci\u00f3n.<\/p>\n\n\n\n<p class=\"wp-block-paragraph\">Dedicada en esta ocasi\u00f3n a la escritora dominicana Jeannette Miller, Premio Nacional de Literatura 2011, este acontecimiento cultural atrajo a un p\u00fablico \u00e1vido de conocer lo nuevo en las ramas del conocimiento y las nuevas pr\u00e1cticas tecnol\u00f3gicas.<\/p>\n\n\n\n<p class=\"wp-block-paragraph\">En ese sentido, una de las mayores atracciones lo constituy\u00f3 el Pabell\u00f3n de la Imaginaci\u00f3n, donde las familias disfrutaron de visitas virtuales a la Ciudad Colonial, brazos rob\u00f3ticos, una pista de carros que funciona por medio del nivel de concentraci\u00f3n del usuario y el metaverso, entre otras novedades.<\/p>\n","protected":false},"excerpt":{"rendered":"<p>Agencia Prensa Latina SANTO DOMINGO, Rep\u00fablica Dominicana.- La Feria Internacional del Libro Santo Domingo 2023 finaliz\u00f3 con gran \u00e9xito de ventas y la aceptaci\u00f3n de la inmensa mayor\u00eda de sus asistentes, quienes desde hoy esperan la pr\u00f3xima edici\u00f3n del evento literario m\u00e1s importante del pa\u00eds. El acto de cierre tuvo lugar anoche en la Sala [&hellip;]<\/p>\n","protected":false},"author":1,"featured_media":395354,"comment_status":"open","ping_status":"open","sticky":false,"template":"","format":"standard","meta":{"_bbp_topic_count":0,"_bbp_reply_count":0,"_bbp_total_topic_count":0,"_bbp_total_reply_count":0,"_bbp_voice_count":0,"_bbp_anonymous_reply_count":0,"_bbp_topic_count_hidden":0,"_bbp_reply_count_hidden":0,"_bbp_forum_subforum_count":0,"footnotes":""},"categories":[39],"tags":[],"class_list":["post-395353","post","type-post","status-publish","format-standard","has-post-thumbnail","category-entretenimiento"],"_links":{"self":[{"href":"https:\/\/primermomento.com\/index.php?rest_route=\/wp\/v2\/posts\/395353","targetHints":{"allow":["GET"]}}],"collection":[{"href":"https:\/\/primermomento.com\/index.php?rest_route=\/wp\/v2\/posts"}],"about":[{"href":"https:\/\/primermomento.com\/index.php?rest_route=\/wp\/v2\/types\/post"}],"author":[{"embeddable":true,"href":"https:\/\/primermomento.com\/index.php?rest_route=\/wp\/v2\/users\/1"}],"replies":[{"embeddable":true,"href":"https:\/\/primermomento.com\/index.php?rest_route=%2Fwp%2Fv2%2Fcomments&post=395353"}],"version-history":[{"count":1,"href":"https:\/\/primermomento.com\/index.php?rest_route=\/wp\/v2\/posts\/395353\/revisions"}],"predecessor-version":[{"id":395355,"href":"https:\/\/primermomento.com\/index.php?rest_route=\/wp\/v2\/posts\/395353\/revisions\/395355"}],"wp:featuredmedia":[{"embeddable":true,"href":"https:\/\/primermomento.com\/index.php?rest_route=\/wp\/v2\/media\/395354"}],"wp:attachment":[{"href":"https:\/\/primermomento.com\/index.php?rest_route=%2Fwp%2Fv2%2Fmedia&parent=395353"}],"wp:term":[{"taxonomy":"category","embeddable":true,"href":"https:\/\/primermomento.com\/index.php?rest_route=%2Fwp%2Fv2%2Fcategories&post=395353"},{"taxonomy":"post_tag","embeddable":true,"href":"https:\/\/primermomento.com\/index.php?rest_route=%2Fwp%2Fv2%2Ftags&post=395353"}],"curies":[{"name":"wp","href":"https:\/\/api.w.org\/{rel}","templated":true}]}}