{"id":395382,"date":"2023-09-06T09:01:57","date_gmt":"2023-09-06T13:01:57","guid":{"rendered":"https:\/\/primermomento.com\/?p=395382"},"modified":"2023-09-06T09:01:59","modified_gmt":"2023-09-06T13:01:59","slug":"mana-rinde-homenaje-en-texas-a-nina-victima-de-masacre-de-uvalde","status":"publish","type":"post","link":"https:\/\/primermomento.com\/?p=395382","title":{"rendered":"Man\u00e1 rinde homenaje en Texas a ni\u00f1a v\u00edctima de masacre de Uvalde"},"content":{"rendered":"\n<p class=\"wp-block-paragraph\"><em>Agencia Prensa Latina<\/em><\/p>\n\n\n\n<p class=\"wp-block-paragraph\">LOS \u00c1NGELES, EEUU.- El grupo mexicano Man\u00e1 rindi\u00f3 homenaje en Texas a una ni\u00f1a que perdi\u00f3 la vida en la masacre de Uvalde y parte de las ganancias del concierto ser\u00e1n donadas a la beca con el nombre de la v\u00edctima.<\/p>\n\n\n\n<p class=\"wp-block-paragraph\">Los donativos generados de este espect\u00e1culo ir\u00e1n directamente a la Universidad texana A&amp;M-Corpus Christi, as\u00ed como, otros ser\u00e1n entregados a The Latino Victory Foundation.<\/p>\n\n\n\n<p class=\"wp-block-paragraph\">Maite Rodr\u00edguez fue una de las 21 personas baleadas en el atentado perpetrado en 2022 en la escuela primaria Robb de Uvalde, hecho que marc\u00f3 la vida de los miembros de esa comunidad.<\/p>\n\n\n\n<p class=\"wp-block-paragraph\">La ciudad texana de San Antonio acogi\u00f3 la presentaci\u00f3n de la reconocida banda de pop, donde Fher Olvera, su l\u00edder, junto al resto de los integrantes, regalaron un tema musical a la peque\u00f1a.<\/p>\n\n\n\n<p class=\"wp-block-paragraph\">Era solo una ni\u00f1a de 10 a\u00f1os y esta canci\u00f3n se la quiero dedicar a esa personita que nos est\u00e1 viendo all\u00e1 en las estrellas, lleva por t\u00edtulo \u201cEl Reloj Cuc\u00fa\u201d, coment\u00f3 Fher.<\/p>\n\n\n\n<p class=\"wp-block-paragraph\">Se trata de una melod\u00eda escrita por Olvera a ra\u00edz de la p\u00e9rdida de su padre como un \u201cgrito de amor\u201d.<\/p>\n\n\n\n<p class=\"wp-block-paragraph\">La agrupaci\u00f3n se encuentra en medio de su gira \u201cM\u00e9xico Lindo y Querido Tour\u201d y lanz\u00f3 esta iniciativa que tuvo gran impacto y compromiso social en las localidades de San Antonio y Uvalde.<\/p>\n\n\n\n<p class=\"wp-block-paragraph\">Miles de fan\u00e1ticos en el AT&amp;T Center vieron el rostro de una ni\u00f1a en grandes pantallas del lugar y el vocalista de Man\u00e1 invit\u00f3 al escenario del show a Ana Coronado, madre de la peque\u00f1a, quien declar\u00f3 al sitio ABC News que a su hija le gustaban los animales marinos -algo en com\u00fan con Fher- y so\u00f1aba con ser bi\u00f3loga marina.<\/p>\n\n\n\n<p class=\"wp-block-paragraph\">Hace un a\u00f1o, un joven de 18 a\u00f1os armado con un fusil semiautom\u00e1tico entr\u00f3 en la escuela primaria Robb de Uvalde y antes de morir en un enfrentamiento con la polic\u00eda, mat\u00f3 a 19 estudiantes y dos profesoras.<\/p>\n\n\n\n<p class=\"wp-block-paragraph\">Mediante las diferentes presentaciones de su tour, la banda eligi\u00f3 su plataforma para diversas causas, entre ellas, las relacionadas con derechos humanos y medio ambiente, se\u00f1alando que les gusta ayudar.<\/p>\n\n\n\n<p class=\"wp-block-paragraph\">La m\u00fasica nos ha dado tanto que nos sentimos bien apoyando a la gente, expuso el baterista Alex Gonz\u00e1lez a ABC News.<\/p>\n\n\n\n<p class=\"wp-block-paragraph\">Todos deber\u00edan colaborar y tratar de ayudarse unos a otros. Eso es lo que necesitamos, concluy\u00f3 el artista.<\/p>\n","protected":false},"excerpt":{"rendered":"<p>Agencia Prensa Latina LOS \u00c1NGELES, EEUU.- El grupo mexicano Man\u00e1 rindi\u00f3 homenaje en Texas a una ni\u00f1a que perdi\u00f3 la vida en la masacre de Uvalde y parte de las ganancias del concierto ser\u00e1n donadas a la beca con el nombre de la v\u00edctima. Los donativos generados de este espect\u00e1culo ir\u00e1n directamente a la Universidad [&hellip;]<\/p>\n","protected":false},"author":1,"featured_media":395383,"comment_status":"open","ping_status":"open","sticky":false,"template":"","format":"standard","meta":{"_bbp_topic_count":0,"_bbp_reply_count":0,"_bbp_total_topic_count":0,"_bbp_total_reply_count":0,"_bbp_voice_count":0,"_bbp_anonymous_reply_count":0,"_bbp_topic_count_hidden":0,"_bbp_reply_count_hidden":0,"_bbp_forum_subforum_count":0,"footnotes":""},"categories":[39],"tags":[],"class_list":["post-395382","post","type-post","status-publish","format-standard","has-post-thumbnail","category-entretenimiento"],"_links":{"self":[{"href":"https:\/\/primermomento.com\/index.php?rest_route=\/wp\/v2\/posts\/395382","targetHints":{"allow":["GET"]}}],"collection":[{"href":"https:\/\/primermomento.com\/index.php?rest_route=\/wp\/v2\/posts"}],"about":[{"href":"https:\/\/primermomento.com\/index.php?rest_route=\/wp\/v2\/types\/post"}],"author":[{"embeddable":true,"href":"https:\/\/primermomento.com\/index.php?rest_route=\/wp\/v2\/users\/1"}],"replies":[{"embeddable":true,"href":"https:\/\/primermomento.com\/index.php?rest_route=%2Fwp%2Fv2%2Fcomments&post=395382"}],"version-history":[{"count":1,"href":"https:\/\/primermomento.com\/index.php?rest_route=\/wp\/v2\/posts\/395382\/revisions"}],"predecessor-version":[{"id":395384,"href":"https:\/\/primermomento.com\/index.php?rest_route=\/wp\/v2\/posts\/395382\/revisions\/395384"}],"wp:featuredmedia":[{"embeddable":true,"href":"https:\/\/primermomento.com\/index.php?rest_route=\/wp\/v2\/media\/395383"}],"wp:attachment":[{"href":"https:\/\/primermomento.com\/index.php?rest_route=%2Fwp%2Fv2%2Fmedia&parent=395382"}],"wp:term":[{"taxonomy":"category","embeddable":true,"href":"https:\/\/primermomento.com\/index.php?rest_route=%2Fwp%2Fv2%2Fcategories&post=395382"},{"taxonomy":"post_tag","embeddable":true,"href":"https:\/\/primermomento.com\/index.php?rest_route=%2Fwp%2Fv2%2Ftags&post=395382"}],"curies":[{"name":"wp","href":"https:\/\/api.w.org\/{rel}","templated":true}]}}