{"id":395500,"date":"2023-09-07T09:35:00","date_gmt":"2023-09-07T13:35:00","guid":{"rendered":"https:\/\/primermomento.com\/?p=395500"},"modified":"2023-09-07T11:38:36","modified_gmt":"2023-09-07T15:38:36","slug":"marc-anthony-ya-tiene-su-estrella-en-el-paseo-de-la-fama-de-hollywood","status":"publish","type":"post","link":"https:\/\/primermomento.com\/?p=395500","title":{"rendered":"Marc Anthony ya tiene su estrella en el Paseo de la Fama de Hollywood"},"content":{"rendered":"\n<p class=\"wp-block-paragraph\"><em>Agencia Prensa Latina<\/em><\/p>\n\n\n\n<p class=\"wp-block-paragraph\">LOS \u00c1NGELES, EEUU.- El salsero puertorrique\u00f1o Marc Anthony tendr\u00e1 a partir de hoy su propia estrella en el Paseo de la Fama de Hollywood para celebrar casi cuatro d\u00e9cadas de una carrera plagada de \u00e9xitos.<\/p>\n\n\n\n<p class=\"wp-block-paragraph\">La C\u00e1mara de Comercio de Hollywood dio la noticia, luego corroborada por Ellen K, directora del Paseo de la Fama, quien se\u00f1al\u00f3 que el m\u00fasico, de 53 a\u00f1os de edad, integrar\u00e1 ahora la extensa franja de estrellas dedicada a reconocer a personas por su contribuci\u00f3n a la industria del espect\u00e1culo.<\/p>\n\n\n\n<p class=\"wp-block-paragraph\">El Panel de Selecci\u00f3n del Paseo de la Fama se complace en anunciar 24 nuevos homenajeados en la acera de Hollywood Boulevard y estamos ansiosos por festejarlos a medida que se vuelven parte de la historia de esta ciudad con la pasarela m\u00e1s famosa del mundo, coment\u00f3 la empresaria.<\/p>\n\n\n\n<p class=\"wp-block-paragraph\">Anthony se encuentra actualmente de gira por Europa y ser\u00e1 reconocido en la categor\u00eda Artistas de la Grabaci\u00f3n, junto a otros famosos, como la baterista y percusionista Sheila E, el fot\u00f3grafo y multi-instrumentista Lenny Kravitz y el cantante de country Blake Shelton.<\/p>\n\n\n\n<p class=\"wp-block-paragraph\">El nombre del Rey de la Salsa quedar\u00e1 inscrito dentro de la estrella con el n\u00famero dos mil 762 en el paseo.<\/p>\n\n\n\n<p class=\"wp-block-paragraph\">La estrella ser\u00e1 presentada en 6284 Hollywood Blvd, cerca de la esquina hist\u00f3rica de Hollywood &amp; Vine.<\/p>\n\n\n\n<p class=\"wp-block-paragraph\">Ser\u00e1n agasajados tambi\u00e9n el grupo Jonas Brothers, compuesto por tres hermanos, as\u00ed como, la cantante Jenni Rivera y el actor de \u201cR\u00e1pido y Furioso\u201d, Paul Walker, en homenajes p\u00f3stumos, seg\u00fan la C\u00e1mara de Comercio.<\/p>\n\n\n\n<p class=\"wp-block-paragraph\">El Paseo de la Fama de Hollywood, creado en 1958, representa uno de los monumentos m\u00e1s famosos de Los \u00c1ngeles y, con la estrella de Marc y del resto, contar\u00e1 con m\u00e1s de dos mil 700 de esta figura de cinco puntas que celebran el impacto de \u00edconos de la industria art\u00edstica.<\/p>\n","protected":false},"excerpt":{"rendered":"<p>Agencia Prensa Latina LOS \u00c1NGELES, EEUU.- El salsero puertorrique\u00f1o Marc Anthony tendr\u00e1 a partir de hoy su propia estrella en el Paseo de la Fama de Hollywood para celebrar casi cuatro d\u00e9cadas de una carrera plagada de \u00e9xitos. La C\u00e1mara de Comercio de Hollywood dio la noticia, luego corroborada por Ellen K, directora del Paseo [&hellip;]<\/p>\n","protected":false},"author":1,"featured_media":362634,"comment_status":"open","ping_status":"open","sticky":false,"template":"","format":"standard","meta":{"_bbp_topic_count":0,"_bbp_reply_count":0,"_bbp_total_topic_count":0,"_bbp_total_reply_count":0,"_bbp_voice_count":0,"_bbp_anonymous_reply_count":0,"_bbp_topic_count_hidden":0,"_bbp_reply_count_hidden":0,"_bbp_forum_subforum_count":0,"footnotes":""},"categories":[39],"tags":[],"class_list":["post-395500","post","type-post","status-publish","format-standard","has-post-thumbnail","category-entretenimiento"],"_links":{"self":[{"href":"https:\/\/primermomento.com\/index.php?rest_route=\/wp\/v2\/posts\/395500","targetHints":{"allow":["GET"]}}],"collection":[{"href":"https:\/\/primermomento.com\/index.php?rest_route=\/wp\/v2\/posts"}],"about":[{"href":"https:\/\/primermomento.com\/index.php?rest_route=\/wp\/v2\/types\/post"}],"author":[{"embeddable":true,"href":"https:\/\/primermomento.com\/index.php?rest_route=\/wp\/v2\/users\/1"}],"replies":[{"embeddable":true,"href":"https:\/\/primermomento.com\/index.php?rest_route=%2Fwp%2Fv2%2Fcomments&post=395500"}],"version-history":[{"count":1,"href":"https:\/\/primermomento.com\/index.php?rest_route=\/wp\/v2\/posts\/395500\/revisions"}],"predecessor-version":[{"id":395501,"href":"https:\/\/primermomento.com\/index.php?rest_route=\/wp\/v2\/posts\/395500\/revisions\/395501"}],"wp:featuredmedia":[{"embeddable":true,"href":"https:\/\/primermomento.com\/index.php?rest_route=\/wp\/v2\/media\/362634"}],"wp:attachment":[{"href":"https:\/\/primermomento.com\/index.php?rest_route=%2Fwp%2Fv2%2Fmedia&parent=395500"}],"wp:term":[{"taxonomy":"category","embeddable":true,"href":"https:\/\/primermomento.com\/index.php?rest_route=%2Fwp%2Fv2%2Fcategories&post=395500"},{"taxonomy":"post_tag","embeddable":true,"href":"https:\/\/primermomento.com\/index.php?rest_route=%2Fwp%2Fv2%2Ftags&post=395500"}],"curies":[{"name":"wp","href":"https:\/\/api.w.org\/{rel}","templated":true}]}}