{"id":395672,"date":"2023-09-09T07:57:00","date_gmt":"2023-09-09T11:57:00","guid":{"rendered":"https:\/\/primermomento.com\/?p=395672"},"modified":"2023-09-09T13:04:45","modified_gmt":"2023-09-09T17:04:45","slug":"suspenden-oscar-honorifico-por-huelga-de-guionistas-y-actores-en-eeuu","status":"publish","type":"post","link":"https:\/\/primermomento.com\/?p=395672","title":{"rendered":"Suspenden Oscar honor\u00edfico por huelga de guionistas y actores en EEUU"},"content":{"rendered":"\n<p class=\"wp-block-paragraph\"><em>Agencia Prensa Latina<\/em><\/p>\n\n\n\n<p class=\"wp-block-paragraph\">LOS \u00c1NGELES, EEUU.- La huelga de guionistas y actores en Hollywood, Estados Unidos, contin\u00faa hasta hoy con nuevos estragos en la industria del entretenimiento y ello provoc\u00f3 la suspensi\u00f3n de los premios Oscar honor\u00edficos 2023, previstos para noviembre.<\/p>\n\n\n\n<p class=\"wp-block-paragraph\">Dicha ceremonia estaba programada para el 18 de ese mes, pero fue pospuesta para el 7 de enero de 2024 en el Fairmont Century Plaza de Los \u00c1ngeles, seg\u00fan anunci\u00f3 la Academia en un comunicado.<\/p>\n\n\n\n<p class=\"wp-block-paragraph\">La instituci\u00f3n entrega cada a\u00f1o los premios de los Gobernadores para honrar el logro de una trayectoria, contribuciones excepcionales al estado de las artes y ciencias cinematogr\u00e1ficas o un servicio sobresaliente a la Academia.<\/p>\n\n\n\n<p class=\"wp-block-paragraph\">Ese cambio de fecha se debe al contexto de los paros de los sindicatos de actores y guionistas en Hollywood, el cual comenz\u00f3 en mayo, indic\u00f3 el texto.<\/p>\n\n\n\n<p class=\"wp-block-paragraph\">No es la primera ceremonia interrumpida por los acontecimientos que protagoniza este personal art\u00edstico, el cual exige a los estudios mejoras en los pagos de derechos residuales y regulaci\u00f3n de la inteligencia artificial.<\/p>\n\n\n\n<p class=\"wp-block-paragraph\">De acuerdo con la declaraci\u00f3n de la Academia, quienes recibir\u00e1n la cotizada estatuilla son Angela Bassett, Mel Brooks, la editora Carol Littleton y Michelle Satter, del Instituto Sundance.<\/p>\n\n\n\n<p class=\"wp-block-paragraph\">La actriz estadounidense Basset recibi\u00f3 con \u201cWhat\u2019s Love Got to Do With It\u201d, de 1993, su primera nominaci\u00f3n al Oscar por interpretar a Tina Turner.<\/p>\n\n\n\n<p class=\"wp-block-paragraph\">En marzo de este a\u00f1o regres\u00f3 a casa sin el Oscar para el que estuvo nombrada por Black Panther: Wakanda Forever (2022) y ahora con esta nominaci\u00f3n a los \u201cOscar honor\u00edficos\u201d ser\u00e1 reconocida por su trayectoria y talento, junto al guionista, actor, productor de cine y director Mel Brooks, comedia.<\/p>\n\n\n\n<p class=\"wp-block-paragraph\">Brooks, de 96 a\u00f1os de edad, recibir\u00e1 el premio honorario en los lauros de los Gobernadores, concluy\u00f3 el comunicado de la Academia.<\/p>\n","protected":false},"excerpt":{"rendered":"<p>Agencia Prensa Latina LOS \u00c1NGELES, EEUU.- La huelga de guionistas y actores en Hollywood, Estados Unidos, contin\u00faa hasta hoy con nuevos estragos en la industria del entretenimiento y ello provoc\u00f3 la suspensi\u00f3n de los premios Oscar honor\u00edficos 2023, previstos para noviembre. Dicha ceremonia estaba programada para el 18 de ese mes, pero fue pospuesta para [&hellip;]<\/p>\n","protected":false},"author":1,"featured_media":395673,"comment_status":"open","ping_status":"open","sticky":false,"template":"","format":"standard","meta":{"_bbp_topic_count":0,"_bbp_reply_count":0,"_bbp_total_topic_count":0,"_bbp_total_reply_count":0,"_bbp_voice_count":0,"_bbp_anonymous_reply_count":0,"_bbp_topic_count_hidden":0,"_bbp_reply_count_hidden":0,"_bbp_forum_subforum_count":0,"footnotes":""},"categories":[39],"tags":[],"class_list":["post-395672","post","type-post","status-publish","format-standard","has-post-thumbnail","category-entretenimiento"],"_links":{"self":[{"href":"https:\/\/primermomento.com\/index.php?rest_route=\/wp\/v2\/posts\/395672","targetHints":{"allow":["GET"]}}],"collection":[{"href":"https:\/\/primermomento.com\/index.php?rest_route=\/wp\/v2\/posts"}],"about":[{"href":"https:\/\/primermomento.com\/index.php?rest_route=\/wp\/v2\/types\/post"}],"author":[{"embeddable":true,"href":"https:\/\/primermomento.com\/index.php?rest_route=\/wp\/v2\/users\/1"}],"replies":[{"embeddable":true,"href":"https:\/\/primermomento.com\/index.php?rest_route=%2Fwp%2Fv2%2Fcomments&post=395672"}],"version-history":[{"count":1,"href":"https:\/\/primermomento.com\/index.php?rest_route=\/wp\/v2\/posts\/395672\/revisions"}],"predecessor-version":[{"id":395674,"href":"https:\/\/primermomento.com\/index.php?rest_route=\/wp\/v2\/posts\/395672\/revisions\/395674"}],"wp:featuredmedia":[{"embeddable":true,"href":"https:\/\/primermomento.com\/index.php?rest_route=\/wp\/v2\/media\/395673"}],"wp:attachment":[{"href":"https:\/\/primermomento.com\/index.php?rest_route=%2Fwp%2Fv2%2Fmedia&parent=395672"}],"wp:term":[{"taxonomy":"category","embeddable":true,"href":"https:\/\/primermomento.com\/index.php?rest_route=%2Fwp%2Fv2%2Fcategories&post=395672"},{"taxonomy":"post_tag","embeddable":true,"href":"https:\/\/primermomento.com\/index.php?rest_route=%2Fwp%2Fv2%2Ftags&post=395672"}],"curies":[{"name":"wp","href":"https:\/\/api.w.org\/{rel}","templated":true}]}}