{"id":395675,"date":"2023-09-09T08:04:00","date_gmt":"2023-09-09T12:04:00","guid":{"rendered":"https:\/\/primermomento.com\/?p=395675"},"modified":"2023-09-09T13:09:34","modified_gmt":"2023-09-09T17:09:34","slug":"diaspora-el-libro-de-hector-manuel-valdez-que-reflexiona-sobre-la-migracion-dominicana-su-trabajo-y-esperanzas","status":"publish","type":"post","link":"https:\/\/primermomento.com\/?p=395675","title":{"rendered":"Di\u00e1spora, el libro de H\u00e9ctor Manuel Valdez\u00a0que reflexiona sobre la migraci\u00f3n dominicana, su trabajo y esperanzas"},"content":{"rendered":"\n<ul class=\"wp-block-list\">\n<li><strong>Basado en el documental hom\u00f3nimo y producido por Editorial Ingenio Lateral, el libro de arte es un ejercicio de pensamiento\u00a0 mucho m\u00e1s amplio desde la comunidad nacional residente en el exterior y que plantea preguntas a\u00fan\u00a0necesitadas de respuestas.<\/strong><\/li>\n<\/ul>\n\n\n\n<p class=\"wp-block-paragraph\"><strong>Por Jos\u00e9 Rafael Sosa\u00a0<\/strong><\/p>\n\n\n\n<p class=\"wp-block-paragraph\">SANTO DOMINGO, Rep\u00fablica Dominicana.- 2023 habr\u00e1 de pasar a la historia, editorialmente hablando, como un tiempo formidable con categor\u00eda de primer nivel. Es una pena verdadera que no exista en el pa\u00eds, el Premio Nacional del Libro de Arte, rengl\u00f3n que no tiene un espacio propio entre las convocatorias literarias, como acontece en casi toda naci\u00f3n civilizada.<\/p>\n\n\n\n<p class=\"wp-block-paragraph\"><strong>Lo que hemos tenido<\/strong><\/p>\n\n\n\n<p class=\"wp-block-paragraph\">H\u00e9ctor Manuel Valdez&nbsp;ha presentado Diaspora, la versi\u00f3n como libro en el cual,&nbsp;evita el facilismo de transcribir el gui\u00f3n de Di\u00e1spora, proceso que habr\u00eda sido sencillo, por lo que transforma el material original en unos planteamientos de mayor profundidad a partir de preguntas inteligentes y enfoques no abordados para el trabajo audiovisual.<\/p>\n\n\n\n<p class=\"wp-block-paragraph\">El autor reflexiona con sus entrevistados sobre la falta de ubicuidad \u201crazonada\u201d de los integrantes de la di\u00e1spora, ya que para muchos residentes en el territorio nacional, ellos no son \u201cni de aqu\u00ed, ni de all\u00e1\u201d consideraci\u00f3n injusta, ya que esos dominicanos y dominicanas siguen suspirando, viviendo y trabajando por su patria y su aporte materiales.<\/p>\n\n\n<div class=\"wp-block-image\">\n<figure class=\"alignleft size-full\"><img loading=\"lazy\" decoding=\"async\" width=\"441\" height=\"220\" src=\"https:\/\/primermomento.com\/wp-content\/uploads\/2023\/09\/Orlando-Menicucci-Jose-Alcantara-Almanzar-Hector-Manuel-Valdez-Minerva-del-Risco.jpeg\" alt=\"\" class=\"wp-image-395678\" srcset=\"https:\/\/primermomento.com\/wp-content\/uploads\/2023\/09\/Orlando-Menicucci-Jose-Alcantara-Almanzar-Hector-Manuel-Valdez-Minerva-del-Risco.jpeg 441w, https:\/\/primermomento.com\/wp-content\/uploads\/2023\/09\/Orlando-Menicucci-Jose-Alcantara-Almanzar-Hector-Manuel-Valdez-Minerva-del-Risco-300x150.jpeg 300w\" sizes=\"auto, (max-width: 441px) 100vw, 441px\" \/><\/figure>\n<\/div>\n\n\n<p class=\"wp-block-paragraph\">Ofrecen sus visiones sobre la di\u00e1spora: Babacar Mbow, la escritora Julia \u00c1lvarez, Manuel Garc\u00eda Ar\u00e9valo, el artista del jazz latino, Michel Camilo, la maestra de las artes visuales Ada Balc\u00e1cer, el novelista Rey And\u00fajar, el compositor y cantante popular Juan Luis Guerra.<\/p>\n\n\n\n<p class=\"wp-block-paragraph\">En sus intervenciones se lucen con expresiones y reflexiones que son testimonios vivos de la dominicanidad, su sensibilidad cultural y su visi\u00f3n extensa de un mundo de sensaciones relacionados con la di\u00e1spora, la cultura, la existencia y la historia.<\/p>\n\n\n\n<p class=\"wp-block-paragraph\">Los entrevistados ofrecen visiones detalladas y panor\u00e1micas que sit\u00faan mucho mejor la condici\u00f3n, la esperanza y las perspectivas de esa comunidad dominicana en el exterior, cada uno enmarcado en su esfera profesional: pintura, m\u00fasica, \u00e9tica o ra\u00edz, cine, literatura y antropolog\u00eda entre otras \u00e1reas.<\/p>\n\n\n\n<p class=\"wp-block-paragraph\">Fotogr\u00e1ficamente, el trabajo creativo ofrece un magn\u00edfico sustento a los contenidos de concepto.&nbsp; Y es que el tema de la di\u00e1spora, se presta a un manejo visual exuberante.<\/p>\n\n\n\n<p class=\"wp-block-paragraph\">Un panel crucial<\/p>\n\n\n\n<p class=\"wp-block-paragraph\">La presentaci\u00f3n del libro Di\u00e1spora tuvo intervenciones hondas y sentidas de Orlando Minicucci, maestro de la pintura, quien se refiri\u00f3 a los aspectos art\u00edsticos;&nbsp;Jos\u00e9 Alc\u00e1ntara Alm\u00e1nzar, soci\u00f3logo, asesor cultural (de Fundaci\u00f3n Corripio y el Banco Central), ensayista y escritor, y Minerva del Risco, quien se ha erigido como una de las gestoras de la literatura dominicana de primer nivel.<\/p>\n\n\n\n<p class=\"wp-block-paragraph\">La parte fundamental de la presentaci\u00f3n del libro &nbsp;fue el panel con Orlando Menicucci, Jos\u00e9 Alc\u00e1ntara Alm\u00e1nzar, Minerva del Risco y Manuel Garcia Ar\u00e9valo, moderado por el autor.<\/p>\n\n\n\n<p class=\"wp-block-paragraph\">La cuesti\u00f3n principal parti\u00f3 de las preguntas: \u00bfPor qu\u00e9 el ser humano o emigra?; \u00bfC\u00f3mo se pobl\u00f3 la isla de Santo Domingo?; \u00bfC\u00f3mo nace la identidad dominicana? Y \u00bfC\u00f3mo nace la Di\u00e1spora?<\/p>\n\n\n\n<p class=\"wp-block-paragraph\">Para Valdez&nbsp; la migraci\u00f3n tiene miradas en la forma en que los grupos migratorios que poblaron el Caribe, lo colonizaron, o vinieron a la fuerza, dejaron atr\u00e1s un legado art\u00edstico y cultural que forman parte del arraigo de la identidad, hasta hoy en d\u00eda, elemento que se vislumbra en el trabajo de las personalidades entrevistadas en el libro.<\/p>\n\n\n\n<p class=\"wp-block-paragraph\">Minerva del Risco, cont\u00f3 sus experiencias curando las entrevistas con un servidor; Manuel Garc\u00eda Ar\u00e9valo abord\u00f3 la tem\u00e1tica del pasado precolombino de la isla; Orlando Menicucci se remont\u00f3 a su performance sobre el mito del Cipango que realiz\u00f3 en los a\u00f1os 90, que explica las ambiciones de Crist\u00f3bal Col\u00f3n de encontrar las m\u00edticas ciudades de oro que describi\u00f3 Marco Polo.<\/p>\n\n\n\n<p class=\"wp-block-paragraph\">Jos\u00e9 Alc\u00e1ntara Alm\u00e1nzar habl\u00f3 de la migraci\u00f3n masiva de dominicanos al exterior, con \u00e9nfasis en Nueva York, y lo remont\u00f3 a sus experiencias personales como profesor Becario Fulbright, en Alabama<\/p>\n\n\n\n<p class=\"wp-block-paragraph\">El libro estar\u00e1 disponible en Librer\u00eda Cuesta a partir de la semana pr\u00f3xima e incluye un C\u00f3digo QR en que se podr\u00e1 ver el documental original.<\/p>\n","protected":false},"excerpt":{"rendered":"<p>Por Jos\u00e9 Rafael Sosa\u00a0 SANTO DOMINGO, Rep\u00fablica Dominicana.- 2023 habr\u00e1 de pasar a la historia, editorialmente hablando, como un tiempo formidable con categor\u00eda de primer nivel. Es una pena verdadera que no exista en el pa\u00eds, el Premio Nacional del Libro de Arte, rengl\u00f3n que no tiene un espacio propio entre las convocatorias literarias, como [&hellip;]<\/p>\n","protected":false},"author":1,"featured_media":395676,"comment_status":"open","ping_status":"open","sticky":false,"template":"","format":"standard","meta":{"_bbp_topic_count":0,"_bbp_reply_count":0,"_bbp_total_topic_count":0,"_bbp_total_reply_count":0,"_bbp_voice_count":0,"_bbp_anonymous_reply_count":0,"_bbp_topic_count_hidden":0,"_bbp_reply_count_hidden":0,"_bbp_forum_subforum_count":0,"footnotes":""},"categories":[39],"tags":[],"class_list":["post-395675","post","type-post","status-publish","format-standard","has-post-thumbnail","category-entretenimiento"],"_links":{"self":[{"href":"https:\/\/primermomento.com\/index.php?rest_route=\/wp\/v2\/posts\/395675","targetHints":{"allow":["GET"]}}],"collection":[{"href":"https:\/\/primermomento.com\/index.php?rest_route=\/wp\/v2\/posts"}],"about":[{"href":"https:\/\/primermomento.com\/index.php?rest_route=\/wp\/v2\/types\/post"}],"author":[{"embeddable":true,"href":"https:\/\/primermomento.com\/index.php?rest_route=\/wp\/v2\/users\/1"}],"replies":[{"embeddable":true,"href":"https:\/\/primermomento.com\/index.php?rest_route=%2Fwp%2Fv2%2Fcomments&post=395675"}],"version-history":[{"count":2,"href":"https:\/\/primermomento.com\/index.php?rest_route=\/wp\/v2\/posts\/395675\/revisions"}],"predecessor-version":[{"id":395679,"href":"https:\/\/primermomento.com\/index.php?rest_route=\/wp\/v2\/posts\/395675\/revisions\/395679"}],"wp:featuredmedia":[{"embeddable":true,"href":"https:\/\/primermomento.com\/index.php?rest_route=\/wp\/v2\/media\/395676"}],"wp:attachment":[{"href":"https:\/\/primermomento.com\/index.php?rest_route=%2Fwp%2Fv2%2Fmedia&parent=395675"}],"wp:term":[{"taxonomy":"category","embeddable":true,"href":"https:\/\/primermomento.com\/index.php?rest_route=%2Fwp%2Fv2%2Fcategories&post=395675"},{"taxonomy":"post_tag","embeddable":true,"href":"https:\/\/primermomento.com\/index.php?rest_route=%2Fwp%2Fv2%2Ftags&post=395675"}],"curies":[{"name":"wp","href":"https:\/\/api.w.org\/{rel}","templated":true}]}}