{"id":395804,"date":"2023-09-11T09:56:00","date_gmt":"2023-09-11T13:56:00","guid":{"rendered":"https:\/\/primermomento.com\/?p=395804"},"modified":"2023-09-11T17:01:41","modified_gmt":"2023-09-11T21:01:41","slug":"alcaldia-celebro-su-segundo-domingos-infantiles-en-la-zona-norte","status":"publish","type":"post","link":"https:\/\/primermomento.com\/?p=395804","title":{"rendered":"Alcald\u00eda celebr\u00f3 su segundo Domingos Infantiles en la zona Norte"},"content":{"rendered":"\n<p class=\"wp-block-paragraph\"><em><strong>Por Servicios de Primermomento.com<\/strong><\/em><\/p>\n\n\n\n<p class=\"wp-block-paragraph\">BAN\u00cd, Rep\u00fablica Dominicana.- El Ayuntamiento Juvenil e Infantil junto a la Alcald\u00eda Ban\u00ed, celebr\u00f3 su segundo Domingos Infantiles y por primera vez, desde el parque Francisco Matos (La Gallera), de la zona Norte.<\/p>\n\n\n\n<p class=\"wp-block-paragraph\">Un desborde de algarab\u00eda y felicidad se sinti\u00f3 al momento de hacer su entrada el &nbsp;payaso Gordin, quien divirti\u00f3 a decenas de ni\u00f1os que se dieron cita mediante la realizaci\u00f3n de juegos y din\u00e1micas como la pelota caliente, el pa\u00f1uelito, baile de aros, concurso de modelajes, entre otros.<\/p>\n\n\n\n<p class=\"wp-block-paragraph\">A los ni\u00f1os, ni\u00f1as y adolescentes participantes en los juegos, le fueron obsequiados juguetes, como retribuci\u00f3n por su excelente demostraci\u00f3n de talento.<\/p>\n\n\n\n<p class=\"wp-block-paragraph\">Las degustaciones no se hicieron esperar para los peque\u00f1os, los que recibieron refrescos, algodones, tambi\u00e9n jugos y salchichas cortes\u00eda de la empresa La Famosa.<\/p>\n\n\n\n<p class=\"wp-block-paragraph\">Dijo presente la regidora Carolina D\u00edaz, quien tambi\u00e9n form\u00f3 parte de los patrocinadores de este domingo.<\/p>\n\n\n\n<p class=\"wp-block-paragraph\">Los ni\u00f1os pudieron disfrutar de esta tarde super divertida gracias a la colaboraci\u00f3n de patrocinio de: Arismendy Medrano de la empresa Peque\u00f1o Gigante;&nbsp; y el joven Joel Blandino.<\/p>\n\n\n\n<p class=\"wp-block-paragraph\">El staff de los Domingos Infantiles est\u00e1 compuesto por miembros y voluntariados del Ayuntamiento Juvenil, empleados del cabildo e integrantes del Ballet Folcl\u00f3rico Municipal.<\/p>\n","protected":false},"excerpt":{"rendered":"<p>Por Servicios de Primermomento.com BAN\u00cd, Rep\u00fablica Dominicana.- El Ayuntamiento Juvenil e Infantil junto a la Alcald\u00eda Ban\u00ed, celebr\u00f3 su segundo Domingos Infantiles y por primera vez, desde el parque Francisco Matos (La Gallera), de la zona Norte. Un desborde de algarab\u00eda y felicidad se sinti\u00f3 al momento de hacer su entrada el &nbsp;payaso Gordin, quien [&hellip;]<\/p>\n","protected":false},"author":1,"featured_media":395805,"comment_status":"open","ping_status":"open","sticky":false,"template":"","format":"standard","meta":{"_bbp_topic_count":0,"_bbp_reply_count":0,"_bbp_total_topic_count":0,"_bbp_total_reply_count":0,"_bbp_voice_count":0,"_bbp_anonymous_reply_count":0,"_bbp_topic_count_hidden":0,"_bbp_reply_count_hidden":0,"_bbp_forum_subforum_count":0,"footnotes":""},"categories":[39],"tags":[],"class_list":["post-395804","post","type-post","status-publish","format-standard","has-post-thumbnail","category-entretenimiento"],"_links":{"self":[{"href":"https:\/\/primermomento.com\/index.php?rest_route=\/wp\/v2\/posts\/395804","targetHints":{"allow":["GET"]}}],"collection":[{"href":"https:\/\/primermomento.com\/index.php?rest_route=\/wp\/v2\/posts"}],"about":[{"href":"https:\/\/primermomento.com\/index.php?rest_route=\/wp\/v2\/types\/post"}],"author":[{"embeddable":true,"href":"https:\/\/primermomento.com\/index.php?rest_route=\/wp\/v2\/users\/1"}],"replies":[{"embeddable":true,"href":"https:\/\/primermomento.com\/index.php?rest_route=%2Fwp%2Fv2%2Fcomments&post=395804"}],"version-history":[{"count":1,"href":"https:\/\/primermomento.com\/index.php?rest_route=\/wp\/v2\/posts\/395804\/revisions"}],"predecessor-version":[{"id":395806,"href":"https:\/\/primermomento.com\/index.php?rest_route=\/wp\/v2\/posts\/395804\/revisions\/395806"}],"wp:featuredmedia":[{"embeddable":true,"href":"https:\/\/primermomento.com\/index.php?rest_route=\/wp\/v2\/media\/395805"}],"wp:attachment":[{"href":"https:\/\/primermomento.com\/index.php?rest_route=%2Fwp%2Fv2%2Fmedia&parent=395804"}],"wp:term":[{"taxonomy":"category","embeddable":true,"href":"https:\/\/primermomento.com\/index.php?rest_route=%2Fwp%2Fv2%2Fcategories&post=395804"},{"taxonomy":"post_tag","embeddable":true,"href":"https:\/\/primermomento.com\/index.php?rest_route=%2Fwp%2Fv2%2Ftags&post=395804"}],"curies":[{"name":"wp","href":"https:\/\/api.w.org\/{rel}","templated":true}]}}