{"id":395869,"date":"2023-09-12T04:20:00","date_gmt":"2023-09-12T08:20:00","guid":{"rendered":"https:\/\/primermomento.com\/?p=395869"},"modified":"2023-09-12T14:24:50","modified_gmt":"2023-09-12T18:24:50","slug":"cantante-y-compositora-colombiana-shakira-recibira-otro-premio","status":"publish","type":"post","link":"https:\/\/primermomento.com\/?p=395869","title":{"rendered":"Cantante y compositora colombiana Shakira recibir\u00e1 otro Premio"},"content":{"rendered":"\n<p class=\"wp-block-paragraph\">Por Daimarelys P\u00e9rez Mart\u00ednez\/<em>Prensa Latina<\/em><\/p>\n\n\n\n<p class=\"wp-block-paragraph\">LOS \u00c1NGELES, EEUU.- La cantante y compositora colombiana Shakira incluir\u00e1 hoy a su exitosa trayectoria el Video Vanguard Award, en la ceremonia de los MTV Video Music Awards, galard\u00f3n conocido tambi\u00e9n como Premio Michael Jackson.<\/p>\n\n\n\n<p class=\"wp-block-paragraph\">Por un estrecho margen no sabr\u00eda distinguir si Shakira es la Mujer del A\u00f1o o 2023 es el A\u00f1o de Shakira, pues la estrella pop recoger\u00e1 el nuevo lauro dentro de una etapa de altibajos entre los que, sin lugar a duda, ganan cada d\u00eda las conquistas cosechadas por la artista.<\/p>\n\n\n\n<p class=\"wp-block-paragraph\">Durante la jornada de premiaci\u00f3n la acompa\u00f1ar\u00e1n importantes figuras internacionales de la m\u00fasica, quienes cantar\u00e1n junto a ella varias de sus composiciones, la propia int\u00e9rprete comparti\u00f3 en su red social Twitter el listado de los temas escogidos para el espect\u00e1culo.<\/p>\n\n\n\n<p class=\"wp-block-paragraph\">La reconocida barranquillera se convirti\u00f3 en la primera latina en ubicar tres canciones en las listas de la Billboard de manera simult\u00e1nea, seg\u00fan destacaron sus seguidores en Instagram.<\/p>\n\n\n\n<p class=\"wp-block-paragraph\">Tambi\u00e9n Shakira es la primera latinoamericana en hacerse con este reconocimiento internacional, que se llevar\u00e1 a cabo en el Prudential Center, ubicado en la ciudad de Nueva Jersey, Estados Unidos.<\/p>\n\n\n\n<p class=\"wp-block-paragraph\">Ha sido tanto su impacto en la cultura popular que piden tenerla en cuenta de manera simb\u00f3lica en su pa\u00eds de origen y la plataforma de m\u00fasica digital Spotify tuvo la iniciativa de proponer un d\u00eda festivo en Colombia en su honor. Actualmente lanzan una campa\u00f1a para hacerse efectivo con la etiqueta #ShakiraMereceUnDia, aunque no se sabe si el gobierno nacional la tendr\u00e1 en cuenta.<\/p>\n\n\n\n<p class=\"wp-block-paragraph\">El objetivo de esta idea es celebrar a la artista por el legado y labor social a trav\u00e9s de su fundaci\u00f3n Pies descalzos.<\/p>\n\n\n\n<p class=\"wp-block-paragraph\">Adem\u00e1s de recibir la estatuilla este d\u00eda, la protagonista del show ser\u00e1 la cara del n\u00famero principal de esta noche de gala, lo cual marca su regreso al escenario de los MTV VMA\u2019s, pisado por ella hace 17 a\u00f1os.<\/p>\n\n\n\n<p class=\"wp-block-paragraph\">Su aparici\u00f3n puede representar un largo viaje en el tiempo desde que comenz\u00f3 hace m\u00e1s de 30 a\u00f1os y el arranque musical despuntar\u00e1 con \u201cLa tortura\u201d (2005), \u201cLoba\u201d (2009), \u201cChantaje\u201d (2016) y \u201cTe felicito\u201d (2022).<\/p>\n\n\n\n<p class=\"wp-block-paragraph\">Est\u00e1n previstos para el primer corte de la funci\u00f3n figuras como Alejandro Sanz y Maluma, y de una generaci\u00f3n m\u00e1s joven Rauw Alejandro, con quienes enton\u00f3 los mencionados \u00e9xitos en su momento.<\/p>\n\n\n\n<p class=\"wp-block-paragraph\">La segunda parte prepara una \u201cexplosi\u00f3n retro\u201d, iniciando con un popurr\u00ed que incluye \u201cEstoy aqu\u00ed\/Ciega Sordomuda\u201d, continuando con varios de sus temas en ingl\u00e9s: \u201cUnderneath Your Clothes\u201d, \u201cCan\u2019t Remember to Forget You\u201d y \u201cObjection\u201d, y aqu\u00ed se prev\u00e9 la incorporaci\u00f3n en vivo de la celebridad Rihanna.<\/p>\n\n\n\n<p class=\"wp-block-paragraph\">El cierre depara uno de sus mayores \u00e9xitos de pasadas d\u00e9cadas, sumado a su gran hit de 2022.<\/p>\n\n\n\n<p class=\"wp-block-paragraph\">Su video homenaje en esta entrega del Premio Michael Jackson se proyectar\u00e1 a ritmo de Waka Waka (tema del Mundial de F\u00fatbol 2010) y tiene pronosticado despedirse con la Session 53 de Bizarrap, quien \u201cpodr\u00eda aparecer de manera sorpresiva\u201d, seg\u00fan algunos comentarios en redes sociales.<\/p>\n\n\n\n<p class=\"wp-block-paragraph\">En medio de tantas alabanzas a su favor, Shakira sigue consolid\u00e1ndose como una de las mayores figuras de la historia de la m\u00fasica en espa\u00f1ol, por eso tambi\u00e9n en Barranquilla se le honra con una gigantesca escultura en cobre fundido, erigida con la colaboraci\u00f3n de estudiantes de artes pl\u00e1sticas de la Universidad del Atl\u00e1ntico.<\/p>\n\n\n\n<p class=\"wp-block-paragraph\">La obra medir\u00e1 m\u00e1s de seis metros de altura, destacar\u00e1 por los atributos de la barranquillera, y su autor quiere darle vida propia, movimiento, sensualidad y musicalidad, con un rostro lo m\u00e1s parecido a la cantante.<\/p>\n\n\n\n<p class=\"wp-block-paragraph\">Shakira seguir\u00e1 acumulando conquistas, hay talento de sobra, pero tambi\u00e9n, voluntad para llevar adelante obras sociales, por eso nuevamente se reafirma como la dama 2023, que se gan\u00f3 a su p\u00fablico.<\/p>\n","protected":false},"excerpt":{"rendered":"<p>Por Daimarelys P\u00e9rez Mart\u00ednez\/Prensa Latina LOS \u00c1NGELES, EEUU.- La cantante y compositora colombiana Shakira incluir\u00e1 hoy a su exitosa trayectoria el Video Vanguard Award, en la ceremonia de los MTV Video Music Awards, galard\u00f3n conocido tambi\u00e9n como Premio Michael Jackson. Por un estrecho margen no sabr\u00eda distinguir si Shakira es la Mujer del A\u00f1o o [&hellip;]<\/p>\n","protected":false},"author":1,"featured_media":395870,"comment_status":"open","ping_status":"open","sticky":false,"template":"","format":"standard","meta":{"_bbp_topic_count":0,"_bbp_reply_count":0,"_bbp_total_topic_count":0,"_bbp_total_reply_count":0,"_bbp_voice_count":0,"_bbp_anonymous_reply_count":0,"_bbp_topic_count_hidden":0,"_bbp_reply_count_hidden":0,"_bbp_forum_subforum_count":0,"footnotes":""},"categories":[39],"tags":[],"class_list":["post-395869","post","type-post","status-publish","format-standard","has-post-thumbnail","category-entretenimiento"],"_links":{"self":[{"href":"https:\/\/primermomento.com\/index.php?rest_route=\/wp\/v2\/posts\/395869","targetHints":{"allow":["GET"]}}],"collection":[{"href":"https:\/\/primermomento.com\/index.php?rest_route=\/wp\/v2\/posts"}],"about":[{"href":"https:\/\/primermomento.com\/index.php?rest_route=\/wp\/v2\/types\/post"}],"author":[{"embeddable":true,"href":"https:\/\/primermomento.com\/index.php?rest_route=\/wp\/v2\/users\/1"}],"replies":[{"embeddable":true,"href":"https:\/\/primermomento.com\/index.php?rest_route=%2Fwp%2Fv2%2Fcomments&post=395869"}],"version-history":[{"count":1,"href":"https:\/\/primermomento.com\/index.php?rest_route=\/wp\/v2\/posts\/395869\/revisions"}],"predecessor-version":[{"id":395871,"href":"https:\/\/primermomento.com\/index.php?rest_route=\/wp\/v2\/posts\/395869\/revisions\/395871"}],"wp:featuredmedia":[{"embeddable":true,"href":"https:\/\/primermomento.com\/index.php?rest_route=\/wp\/v2\/media\/395870"}],"wp:attachment":[{"href":"https:\/\/primermomento.com\/index.php?rest_route=%2Fwp%2Fv2%2Fmedia&parent=395869"}],"wp:term":[{"taxonomy":"category","embeddable":true,"href":"https:\/\/primermomento.com\/index.php?rest_route=%2Fwp%2Fv2%2Fcategories&post=395869"},{"taxonomy":"post_tag","embeddable":true,"href":"https:\/\/primermomento.com\/index.php?rest_route=%2Fwp%2Fv2%2Ftags&post=395869"}],"curies":[{"name":"wp","href":"https:\/\/api.w.org\/{rel}","templated":true}]}}