{"id":396010,"date":"2023-09-14T11:36:41","date_gmt":"2023-09-14T15:36:41","guid":{"rendered":"https:\/\/primermomento.com\/?p=396010"},"modified":"2023-09-14T11:37:25","modified_gmt":"2023-09-14T15:37:25","slug":"plazas-y-parques-acondiciona-espacios-de-recreacion-en-el-municipio","status":"publish","type":"post","link":"https:\/\/primermomento.com\/?p=396010","title":{"rendered":"BAN\u00cd | Plazas y Parques acondiciona espacios de recreaci\u00f3n en el municipio"},"content":{"rendered":"\n<p><em><strong>Por Servicios de Primermomento.com<\/strong><\/em><\/p>\n\n\n\n<p>BAN\u00cd, Rep\u00fablica Dominicana.- El acondicionamiento de las diferentes zonas del municipio, es una prioridad para el Ayuntamiento de Ban\u00ed. <\/p>\n\n\n\n<p>Es por esto que desde el departamento de Plazas y Parques se llevan a cabo labores de aseo de manera constante.<\/p>\n\n\n\n<p>Los lugares que han sido intervenidos durante el transcurso de esta semana son el parque central Marcos A. Cabral donde fueron corregidas algunas aver\u00edas en el sistema el\u00e9ctrico que estaban afectando la iluminaci\u00f3n frente a la catedral y en la Plaza de los Fundadores.<\/p>\n\n\n\n<p>Asimismo, se realizan poda en las jardineras del parque M\u00e1ximo G\u00f3mez y se retoca la pintura de las mismas.<\/p>\n\n\n\n<p>Tambi\u00e9n se hicieron labores similares en el \u00e1rea verde ubicada en la entrada del residencial Costa Sur y en la carretera M\u00e1ximo G\u00f3mez.<\/p>\n\n\n\n<p>Estas ejecuciones de limpiezas se realizan de manera regular para mantener los espacios p\u00fablicos en condiciones y aptos para el sano esparcimiento de los mun\u00edcipes.<\/p>\n","protected":false},"excerpt":{"rendered":"<p>Por Servicios de Primermomento.com BAN\u00cd, Rep\u00fablica Dominicana.- El acondicionamiento de las diferentes zonas del municipio, es una prioridad para el Ayuntamiento de Ban\u00ed. Es por esto que desde el departamento de Plazas y Parques se llevan a cabo labores de aseo de manera constante. Los lugares que han sido intervenidos durante el transcurso de esta [&hellip;]<\/p>\n","protected":false},"author":1,"featured_media":396012,"comment_status":"open","ping_status":"open","sticky":false,"template":"","format":"standard","meta":{"_bbp_topic_count":0,"_bbp_reply_count":0,"_bbp_total_topic_count":0,"_bbp_total_reply_count":0,"_bbp_voice_count":0,"_bbp_anonymous_reply_count":0,"_bbp_topic_count_hidden":0,"_bbp_reply_count_hidden":0,"_bbp_forum_subforum_count":0,"footnotes":""},"categories":[30],"tags":[],"class_list":{"0":"post-396010","1":"post","2":"type-post","3":"status-publish","4":"format-standard","5":"has-post-thumbnail","7":"category-actualidad"},"_links":{"self":[{"href":"https:\/\/primermomento.com\/index.php?rest_route=\/wp\/v2\/posts\/396010","targetHints":{"allow":["GET"]}}],"collection":[{"href":"https:\/\/primermomento.com\/index.php?rest_route=\/wp\/v2\/posts"}],"about":[{"href":"https:\/\/primermomento.com\/index.php?rest_route=\/wp\/v2\/types\/post"}],"author":[{"embeddable":true,"href":"https:\/\/primermomento.com\/index.php?rest_route=\/wp\/v2\/users\/1"}],"replies":[{"embeddable":true,"href":"https:\/\/primermomento.com\/index.php?rest_route=%2Fwp%2Fv2%2Fcomments&post=396010"}],"version-history":[{"count":2,"href":"https:\/\/primermomento.com\/index.php?rest_route=\/wp\/v2\/posts\/396010\/revisions"}],"predecessor-version":[{"id":396013,"href":"https:\/\/primermomento.com\/index.php?rest_route=\/wp\/v2\/posts\/396010\/revisions\/396013"}],"wp:featuredmedia":[{"embeddable":true,"href":"https:\/\/primermomento.com\/index.php?rest_route=\/wp\/v2\/media\/396012"}],"wp:attachment":[{"href":"https:\/\/primermomento.com\/index.php?rest_route=%2Fwp%2Fv2%2Fmedia&parent=396010"}],"wp:term":[{"taxonomy":"category","embeddable":true,"href":"https:\/\/primermomento.com\/index.php?rest_route=%2Fwp%2Fv2%2Fcategories&post=396010"},{"taxonomy":"post_tag","embeddable":true,"href":"https:\/\/primermomento.com\/index.php?rest_route=%2Fwp%2Fv2%2Ftags&post=396010"}],"curies":[{"name":"wp","href":"https:\/\/api.w.org\/{rel}","templated":true}]}}