{"id":396207,"date":"2023-09-17T07:12:35","date_gmt":"2023-09-17T11:12:35","guid":{"rendered":"https:\/\/primermomento.com\/?p=396207"},"modified":"2023-09-17T07:16:40","modified_gmt":"2023-09-17T11:16:40","slug":"gobierno-decreta-duelo-nacional-para-rendir-tributo-a-fernando-botero","status":"publish","type":"post","link":"https:\/\/primermomento.com\/?p=396207","title":{"rendered":"Gobierno colombiano decreta duelo nacional para rendir tributo a Fernando Botero"},"content":{"rendered":"\n<p class=\"wp-block-paragraph\"><em>Agencia Prensa Latina<\/em><\/p>\n\n\n\n<p class=\"wp-block-paragraph\">BOGOT\u00c1, Colombia.- La Presidencia de Colombia decret\u00f3 tres d\u00edas de duelo nacional para rendir tributo al maestro Fernando Botero, durante los cuales la bandera se izar\u00e1 a media asta en edificios p\u00fablicos, embajadas y oficinas consulares.<\/p>\n\n\n\n<p class=\"wp-block-paragraph\">Botero \u00abfue el artista colombiano m\u00e1s reconocido de todos los tiempos en los \u00e1mbitos nacional e internacional\u00bb, se\u00f1al\u00f3 la Presidencia al destacar la vasta y encumbrada obra del pintor, dibujante y escultor quien falleci\u00f3 este 15 de septiembre a los 91 a\u00f1os de edad.<\/p>\n\n\n\n<figure class=\"wp-block-image size-full\"><img loading=\"lazy\" decoding=\"async\" width=\"1024\" height=\"682\" src=\"https:\/\/primermomento.com\/wp-content\/uploads\/2023\/09\/colombia-duelo-nacional-1.jpg\" alt=\"\" class=\"wp-image-396209\" srcset=\"https:\/\/primermomento.com\/wp-content\/uploads\/2023\/09\/colombia-duelo-nacional-1.jpg 1024w, https:\/\/primermomento.com\/wp-content\/uploads\/2023\/09\/colombia-duelo-nacional-1-300x200.jpg 300w, https:\/\/primermomento.com\/wp-content\/uploads\/2023\/09\/colombia-duelo-nacional-1-768x512.jpg 768w, https:\/\/primermomento.com\/wp-content\/uploads\/2023\/09\/colombia-duelo-nacional-1-696x464.jpg 696w\" sizes=\"auto, (max-width: 1024px) 100vw, 1024px\" \/><\/figure>\n\n\n\n<p class=\"wp-block-paragraph\">Mediante el decreto 1517 del 15 de septiembre de 2023, el Gobierno del presidente Gustavo Petro orden\u00f3 el duelo nacional al tiempo que \u00abmanifiesta su profundo pesar por el fallecimiento del maestro Fernando Botero Angulo\u00bb.<\/p>\n\n\n\n<p class=\"wp-block-paragraph\">La normativa se\u00f1ala que el Gobierno del Cambio \u00abhonra la vida, obra y memoria del maestro Fernando Botero Angulo, expresa su solidaridad y extiende un saludo respetuoso a sus hijos Fernando Botero Zea, Lina Botero Zea y Juan Carlos Botero Zea, sus nietos y dem\u00e1s familiares y allegados\u00bb.<\/p>\n\n\n\n<p class=\"wp-block-paragraph\">Tras el fallecimiento del ilustre artista pl\u00e1stico, pintor y escultor, el presidente Petro expres\u00f3 sus condolencias a trav\u00e9s de su cuenta oficial en X (antes Twitter).<\/p>\n\n\n\n<p class=\"wp-block-paragraph\">Botero \u00abfue el artista colombiano m\u00e1s reconocido de todos los tiempos en los \u00e1mbitos nacional e internacional, cuyas obras art\u00edsticas han sido expuestas alrededor del mundo, marcando un estilo \u00fanico e irrepetible\u00bb, destaca el decreto.<\/p>\n\n\n\n<p class=\"wp-block-paragraph\">\u00abComo muestra de su extrema generosidad don\u00f3 m\u00e1s de 300 obras a distintas instituciones p\u00fablicas de Colombia para que fueran conocidas por todos los habitantes del territorio nacional\u00bb, agrega.<\/p>\n\n\n\n<p class=\"wp-block-paragraph\">En la Casa de Nari\u00f1o, sede de la Presidencia, reposan dos de las obras insignias que el maestro Botero dej\u00f3 como legado para todos sus compatriotas en la Presidencia de Colombia: La Paloma de la Paz y la Madre Superiora.<\/p>\n\n\n\n<p class=\"wp-block-paragraph\">Las dos obras est\u00e1n ubicadas en la antesala de los salones Gobelinos y Bicentenario o Consejo de Ministros, las cuales son visitadas a diario por colombianos y extranjeros<\/p>\n","protected":false},"excerpt":{"rendered":"<p>Agencia Prensa Latina BOGOT\u00c1, Colombia.- La Presidencia de Colombia decret\u00f3 tres d\u00edas de duelo nacional para rendir tributo al maestro Fernando Botero, durante los cuales la bandera se izar\u00e1 a media asta en edificios p\u00fablicos, embajadas y oficinas consulares. Botero \u00abfue el artista colombiano m\u00e1s reconocido de todos los tiempos en los \u00e1mbitos nacional e [&hellip;]<\/p>\n","protected":false},"author":1,"featured_media":396208,"comment_status":"open","ping_status":"open","sticky":false,"template":"","format":"video","meta":{"_bbp_topic_count":0,"_bbp_reply_count":0,"_bbp_total_topic_count":0,"_bbp_total_reply_count":0,"_bbp_voice_count":0,"_bbp_anonymous_reply_count":0,"_bbp_topic_count_hidden":0,"_bbp_reply_count_hidden":0,"_bbp_forum_subforum_count":0,"footnotes":""},"categories":[39,106],"tags":[],"class_list":["post-396207","post","type-post","status-publish","format-video","has-post-thumbnail","category-entretenimiento","category-video-news","post_format-post-format-video"],"_links":{"self":[{"href":"https:\/\/primermomento.com\/index.php?rest_route=\/wp\/v2\/posts\/396207","targetHints":{"allow":["GET"]}}],"collection":[{"href":"https:\/\/primermomento.com\/index.php?rest_route=\/wp\/v2\/posts"}],"about":[{"href":"https:\/\/primermomento.com\/index.php?rest_route=\/wp\/v2\/types\/post"}],"author":[{"embeddable":true,"href":"https:\/\/primermomento.com\/index.php?rest_route=\/wp\/v2\/users\/1"}],"replies":[{"embeddable":true,"href":"https:\/\/primermomento.com\/index.php?rest_route=%2Fwp%2Fv2%2Fcomments&post=396207"}],"version-history":[{"count":4,"href":"https:\/\/primermomento.com\/index.php?rest_route=\/wp\/v2\/posts\/396207\/revisions"}],"predecessor-version":[{"id":396215,"href":"https:\/\/primermomento.com\/index.php?rest_route=\/wp\/v2\/posts\/396207\/revisions\/396215"}],"wp:featuredmedia":[{"embeddable":true,"href":"https:\/\/primermomento.com\/index.php?rest_route=\/wp\/v2\/media\/396208"}],"wp:attachment":[{"href":"https:\/\/primermomento.com\/index.php?rest_route=%2Fwp%2Fv2%2Fmedia&parent=396207"}],"wp:term":[{"taxonomy":"category","embeddable":true,"href":"https:\/\/primermomento.com\/index.php?rest_route=%2Fwp%2Fv2%2Fcategories&post=396207"},{"taxonomy":"post_tag","embeddable":true,"href":"https:\/\/primermomento.com\/index.php?rest_route=%2Fwp%2Fv2%2Ftags&post=396207"}],"curies":[{"name":"wp","href":"https:\/\/api.w.org\/{rel}","templated":true}]}}