{"id":396287,"date":"2023-09-18T08:00:00","date_gmt":"2023-09-18T12:00:00","guid":{"rendered":"https:\/\/primermomento.com\/?p=396287"},"modified":"2023-09-18T15:04:35","modified_gmt":"2023-09-18T19:04:35","slug":"adompretur-extiende-al-viernes-22-recepcion-propuestas-xix-premio-pel-2023","status":"publish","type":"post","link":"https:\/\/primermomento.com\/?p=396287","title":{"rendered":"ADOMPRETUR extiende al viernes 22 recepci\u00f3n propuestas XIX Premio PEL 2023"},"content":{"rendered":"\n<ul class=\"wp-block-list\">\n<li><strong>Comunicadores solicitaron por diversas v\u00edas, que la direcci\u00f3n del Premio les diera oportunidad de presentar trabajos que est\u00e1n en proceso.<\/strong><\/li>\n<\/ul>\n\n\n\n<p class=\"wp-block-paragraph\"><strong><em>Servicios de prensa<\/em><\/strong><\/p>\n\n\n\n<p class=\"wp-block-paragraph\">SANTO DOMINGO, Rep\u00fablica Dominicana.- La Asociaci\u00f3n Dominicana de Prensa Tur\u00edstica anunci\u00f3 que extiende hasta el viernes 22 de septiembre, la recepci\u00f3n de trabajos, a solicitud de periodistas y comunicadores que tienen propuestas en proceso de publicaci\u00f3n.<\/p>\n\n\n\n<p class=\"wp-block-paragraph\">La informaci\u00f3n la ofrece la directiva nacional, previa coordinaci\u00f3n con la direcci\u00f3n ejecutiva del Premio PEL, para su edici\u00f3n 2023. La fecha de cierre original era el jueves 14 de septiembre, pero en vista de la petici\u00f3n por potenciales participantes, se ha dado la extensi\u00f3n.<\/p>\n\n\n\n<figure class=\"wp-block-image size-large\"><img loading=\"lazy\" decoding=\"async\" width=\"1024\" height=\"586\" src=\"https:\/\/primermomento.com\/wp-content\/uploads\/2023\/09\/Los-ganadores-del-Premio-PEL-la-noche-del-28-de-Noviembre-de-2019-1024x586.jpg\" alt=\"\" class=\"wp-image-396289\" srcset=\"https:\/\/primermomento.com\/wp-content\/uploads\/2023\/09\/Los-ganadores-del-Premio-PEL-la-noche-del-28-de-Noviembre-de-2019-1024x586.jpg 1024w, https:\/\/primermomento.com\/wp-content\/uploads\/2023\/09\/Los-ganadores-del-Premio-PEL-la-noche-del-28-de-Noviembre-de-2019-300x172.jpg 300w, https:\/\/primermomento.com\/wp-content\/uploads\/2023\/09\/Los-ganadores-del-Premio-PEL-la-noche-del-28-de-Noviembre-de-2019-768x440.jpg 768w, https:\/\/primermomento.com\/wp-content\/uploads\/2023\/09\/Los-ganadores-del-Premio-PEL-la-noche-del-28-de-Noviembre-de-2019-696x398.jpg 696w, https:\/\/primermomento.com\/wp-content\/uploads\/2023\/09\/Los-ganadores-del-Premio-PEL-la-noche-del-28-de-Noviembre-de-2019-1068x611.jpg 1068w, https:\/\/primermomento.com\/wp-content\/uploads\/2023\/09\/Los-ganadores-del-Premio-PEL-la-noche-del-28-de-Noviembre-de-2019.jpg 1200w\" sizes=\"auto, (max-width: 1024px) 100vw, 1024px\" \/><\/figure>\n\n\n\n<p class=\"wp-block-paragraph\"><em>Jarabacoa es un estuche de belleza paisaj\u00edstica que adem\u00e1s tiene una gran actividad cultural.<\/em><\/p>\n\n\n\n<p class=\"wp-block-paragraph\">El Premio Nacional de Periodismo Tur\u00edstico Epifanio Lantigua es el galard\u00f3n m\u00e1s importante que se otorga en el pa\u00eds a los comunicadores de la industria del turismo y el de mayor tradici\u00f3n, ahora con su edici\u00f3n 19.<\/p>\n\n\n\n<p class=\"wp-block-paragraph\">El premio, auspiciado inicialmente por Occidental Hoteles,&nbsp;honra la memoria del periodista de Puerto Plata, Epifanio Lantigua, quien se dedic\u00f3 a servir a la comunidad de Puerto Plata y a su industria tur\u00edstica a trav\u00e9s del ejercicio del periodismo, creado en ideado (2003) y elevado a categor\u00eda nacional en 2007.<strong><\/strong><\/p>\n\n\n\n<p class=\"wp-block-paragraph\">Juan de Dios Valent\u00edn, director del premio, y\u00a0Salvador Batista, vicepresidente de ADOMPRETUR dicen que la premiaci\u00f3n va evoluciona con\u00a0 cambios que incluyen nuevas categor\u00edas. En esta versi\u00f3n, citan, se contempla el rengl\u00f3n YouTube, dedicado a aquellos que tienen un canal en esta plataforma digital, que cada d\u00eda tiene m\u00e1s seguidores.<br><\/p>\n","protected":false},"excerpt":{"rendered":"<p>Servicios de prensa SANTO DOMINGO, Rep\u00fablica Dominicana.- La Asociaci\u00f3n Dominicana de Prensa Tur\u00edstica anunci\u00f3 que extiende hasta el viernes 22 de septiembre, la recepci\u00f3n de trabajos, a solicitud de periodistas y comunicadores que tienen propuestas en proceso de publicaci\u00f3n. La informaci\u00f3n la ofrece la directiva nacional, previa coordinaci\u00f3n con la direcci\u00f3n ejecutiva del Premio PEL, [&hellip;]<\/p>\n","protected":false},"author":1,"featured_media":396288,"comment_status":"open","ping_status":"open","sticky":false,"template":"","format":"standard","meta":{"_bbp_topic_count":0,"_bbp_reply_count":0,"_bbp_total_topic_count":0,"_bbp_total_reply_count":0,"_bbp_voice_count":0,"_bbp_anonymous_reply_count":0,"_bbp_topic_count_hidden":0,"_bbp_reply_count_hidden":0,"_bbp_forum_subforum_count":0,"footnotes":""},"categories":[39],"tags":[],"class_list":["post-396287","post","type-post","status-publish","format-standard","has-post-thumbnail","category-entretenimiento"],"_links":{"self":[{"href":"https:\/\/primermomento.com\/index.php?rest_route=\/wp\/v2\/posts\/396287","targetHints":{"allow":["GET"]}}],"collection":[{"href":"https:\/\/primermomento.com\/index.php?rest_route=\/wp\/v2\/posts"}],"about":[{"href":"https:\/\/primermomento.com\/index.php?rest_route=\/wp\/v2\/types\/post"}],"author":[{"embeddable":true,"href":"https:\/\/primermomento.com\/index.php?rest_route=\/wp\/v2\/users\/1"}],"replies":[{"embeddable":true,"href":"https:\/\/primermomento.com\/index.php?rest_route=%2Fwp%2Fv2%2Fcomments&post=396287"}],"version-history":[{"count":1,"href":"https:\/\/primermomento.com\/index.php?rest_route=\/wp\/v2\/posts\/396287\/revisions"}],"predecessor-version":[{"id":396290,"href":"https:\/\/primermomento.com\/index.php?rest_route=\/wp\/v2\/posts\/396287\/revisions\/396290"}],"wp:featuredmedia":[{"embeddable":true,"href":"https:\/\/primermomento.com\/index.php?rest_route=\/wp\/v2\/media\/396288"}],"wp:attachment":[{"href":"https:\/\/primermomento.com\/index.php?rest_route=%2Fwp%2Fv2%2Fmedia&parent=396287"}],"wp:term":[{"taxonomy":"category","embeddable":true,"href":"https:\/\/primermomento.com\/index.php?rest_route=%2Fwp%2Fv2%2Fcategories&post=396287"},{"taxonomy":"post_tag","embeddable":true,"href":"https:\/\/primermomento.com\/index.php?rest_route=%2Fwp%2Fv2%2Ftags&post=396287"}],"curies":[{"name":"wp","href":"https:\/\/api.w.org\/{rel}","templated":true}]}}