{"id":396309,"date":"2023-09-18T08:49:00","date_gmt":"2023-09-18T12:49:00","guid":{"rendered":"https:\/\/primermomento.com\/?p=396309"},"modified":"2023-09-18T17:03:24","modified_gmt":"2023-09-18T21:03:24","slug":"bani-domingos-infantiles-se-traslado-al-centro-comunal-de-los-barracones","status":"publish","type":"post","link":"https:\/\/primermomento.com\/?p=396309","title":{"rendered":"BAN\u00cd | Domingos Infantiles llevado al Centro Comunal de Los Barracones"},"content":{"rendered":"\n<p class=\"wp-block-paragraph\"><em><strong>Por Servicios de Primermomento.com<\/strong><\/em><\/p>\n\n\n\n<p class=\"wp-block-paragraph\">BAN\u00cd, Rep\u00fablica Dominicana.- Los domingos Infantiles llegaron en esta ocasi\u00f3n al Centro Comunal del sector Los Barracones 20 Casitas, donde el p\u00fablico asistente lo acogi\u00f3 con mucha algarab\u00eda y cont\u00f3 con la animaci\u00f3n del payaso Musiqu\u00edn.<\/p>\n\n\n\n<p class=\"wp-block-paragraph\">El personaje puso a los ni\u00f1os, ni\u00f1as y adolescentes a bailar aros, correr con sacos y el famoso juego de la sillita, los ganadores recibieron premios de juguetes variados.<\/p>\n\n\n\n<p class=\"wp-block-paragraph\">Los peque\u00f1os degustaron bizcochitos esponjosos, helados cortes\u00eda de helados Bon y adem\u00e1s cuadernos obsequiados por el regidor Jorge Mateo.<\/p>\n\n\n\n<p class=\"wp-block-paragraph\">Los miembros del Ayuntamiento Juvenil e Infantil estuvieron colaborando como pintas caritas a los ni\u00f1os.<\/p>\n\n\n\n<p class=\"wp-block-paragraph\">Esta actividad dijo presente adem\u00e1s con su colaboraci\u00f3n, el Ing. Willy S\u00e1nchez y empresa Daniel Batista S\u00e1nchez.<\/p>\n\n\n\n<p class=\"wp-block-paragraph\">El pr\u00f3ximo domingo 24 de septiembre el Ayuntamiento de Ban\u00ed junto al Ayuntamiento Juvenil e Infantil, finalizar\u00e1 los Domingos Infantiles, en el parque central Marcos A. Cabral, donde tendremos al Payaso Cucharin, personajes infantiles,&nbsp;nuevas atracciones y sorpresas para todos los ni\u00f1os, para despedir a lo grande este maravilloso momento que tiene como objetivo recrear a toda la familia banileja.<\/p>\n","protected":false},"excerpt":{"rendered":"<p>Por Servicios de Primermomento.com BAN\u00cd, Rep\u00fablica Dominicana.- Los domingos Infantiles llegaron en esta ocasi\u00f3n al Centro Comunal del sector Los Barracones 20 Casitas, donde el p\u00fablico asistente lo acogi\u00f3 con mucha algarab\u00eda y cont\u00f3 con la animaci\u00f3n del payaso Musiqu\u00edn. El personaje puso a los ni\u00f1os, ni\u00f1as y adolescentes a bailar aros, correr con sacos [&hellip;]<\/p>\n","protected":false},"author":1,"featured_media":396310,"comment_status":"open","ping_status":"open","sticky":false,"template":"","format":"standard","meta":{"_bbp_topic_count":0,"_bbp_reply_count":0,"_bbp_total_topic_count":0,"_bbp_total_reply_count":0,"_bbp_voice_count":0,"_bbp_anonymous_reply_count":0,"_bbp_topic_count_hidden":0,"_bbp_reply_count_hidden":0,"_bbp_forum_subforum_count":0,"footnotes":""},"categories":[39],"tags":[],"class_list":["post-396309","post","type-post","status-publish","format-standard","has-post-thumbnail","category-entretenimiento"],"_links":{"self":[{"href":"https:\/\/primermomento.com\/index.php?rest_route=\/wp\/v2\/posts\/396309","targetHints":{"allow":["GET"]}}],"collection":[{"href":"https:\/\/primermomento.com\/index.php?rest_route=\/wp\/v2\/posts"}],"about":[{"href":"https:\/\/primermomento.com\/index.php?rest_route=\/wp\/v2\/types\/post"}],"author":[{"embeddable":true,"href":"https:\/\/primermomento.com\/index.php?rest_route=\/wp\/v2\/users\/1"}],"replies":[{"embeddable":true,"href":"https:\/\/primermomento.com\/index.php?rest_route=%2Fwp%2Fv2%2Fcomments&post=396309"}],"version-history":[{"count":2,"href":"https:\/\/primermomento.com\/index.php?rest_route=\/wp\/v2\/posts\/396309\/revisions"}],"predecessor-version":[{"id":396312,"href":"https:\/\/primermomento.com\/index.php?rest_route=\/wp\/v2\/posts\/396309\/revisions\/396312"}],"wp:featuredmedia":[{"embeddable":true,"href":"https:\/\/primermomento.com\/index.php?rest_route=\/wp\/v2\/media\/396310"}],"wp:attachment":[{"href":"https:\/\/primermomento.com\/index.php?rest_route=%2Fwp%2Fv2%2Fmedia&parent=396309"}],"wp:term":[{"taxonomy":"category","embeddable":true,"href":"https:\/\/primermomento.com\/index.php?rest_route=%2Fwp%2Fv2%2Fcategories&post=396309"},{"taxonomy":"post_tag","embeddable":true,"href":"https:\/\/primermomento.com\/index.php?rest_route=%2Fwp%2Fv2%2Ftags&post=396309"}],"curies":[{"name":"wp","href":"https:\/\/api.w.org\/{rel}","templated":true}]}}