{"id":396542,"date":"2023-09-20T08:10:00","date_gmt":"2023-09-20T12:10:00","guid":{"rendered":"https:\/\/primermomento.com\/?p=396542"},"modified":"2023-09-20T16:13:54","modified_gmt":"2023-09-20T20:13:54","slug":"ocho-dominicanos-nominados-al-grammy-latino-2023","status":"publish","type":"post","link":"https:\/\/primermomento.com\/?p=396542","title":{"rendered":"Ocho dominicanos nominados al Grammy Latino 2023"},"content":{"rendered":"\n<p class=\"wp-block-paragraph\"><em>Agencia Prensa Latina<\/em><\/p>\n\n\n\n<p class=\"wp-block-paragraph\">SANTO DOMINGO, Rep\u00fablica Dominicana.- Ocho dominicanos exponentes de la m\u00fasica tropical fueron nominados a los premios Grammy Latinos, cuya gala tendr\u00e1 lugar en Sevilla, Espa\u00f1a, el 16 de noviembre pr\u00f3ximo, se conoci\u00f3 hoy.<\/p>\n\n\n\n<p class=\"wp-block-paragraph\">Vicente Garc\u00eda, Pavel N\u00fa\u00f1ez, Techy Fatule, Romeo Santos, Juan Luis Guerra y Sergio Vargas compiten en las categor\u00edas de Mejor \u00c1lbum de Bachata y\/o Merengue; Mejor \u00c1lbum Contempor\u00e1neo; Mejor Canci\u00f3n Tropical y Mejor \u00c1lbum Folcl\u00f3rico.<\/p>\n\n\n\n<p class=\"wp-block-paragraph\">El cantautor Vicente Garc\u00eda, ganador de tres premios Latin Grammy, comparti\u00f3 su alegr\u00eda desde Bogot\u00e1, al recibir la nominaci\u00f3n por su \u00e1lbum \u00abCamino al Sol\u00bb en Mejor \u00c1lbum Folcl\u00f3rico, producci\u00f3n que, dijo, naci\u00f3 durante la pandemia de la Covid-19.<\/p>\n\n\n\n<p class=\"wp-block-paragraph\">La lista de nacionales la completan Manny Cruz e Ilegales con proyectos musicales presentados durante el actual a\u00f1o.<\/p>\n\n\n\n<p class=\"wp-block-paragraph\">La int\u00e9rprete y compositora Techy Fatule escribi\u00f3 en las redes sociales:\u00bbEstoy nominada a los @latingrammys. No puedo respirar\u00bb, poco despu\u00e9s de saber que figura en el apartado a la Mejor Canci\u00f3n Tropical por su tema \u00abQue me quedes t\u00fa\u00bb.<\/p>\n\n\n\n<p class=\"wp-block-paragraph\">La agrupaci\u00f3n Ilegales tambi\u00e9n celebr\u00f3 la buena nueva al saber que la Academia Latina de las Artes y Ciencias de la Grabaci\u00f3n seleccion\u00f3 su disco \u00abOtro color\u00bb para competir en la clase a Mejor Alb\u00fam Tropical.<\/p>\n","protected":false},"excerpt":{"rendered":"<p>Agencia Prensa Latina SANTO DOMINGO, Rep\u00fablica Dominicana.- Ocho dominicanos exponentes de la m\u00fasica tropical fueron nominados a los premios Grammy Latinos, cuya gala tendr\u00e1 lugar en Sevilla, Espa\u00f1a, el 16 de noviembre pr\u00f3ximo, se conoci\u00f3 hoy. Vicente Garc\u00eda, Pavel N\u00fa\u00f1ez, Techy Fatule, Romeo Santos, Juan Luis Guerra y Sergio Vargas compiten en las categor\u00edas de [&hellip;]<\/p>\n","protected":false},"author":1,"featured_media":396543,"comment_status":"open","ping_status":"open","sticky":false,"template":"","format":"standard","meta":{"_bbp_topic_count":0,"_bbp_reply_count":0,"_bbp_total_topic_count":0,"_bbp_total_reply_count":0,"_bbp_voice_count":0,"_bbp_anonymous_reply_count":0,"_bbp_topic_count_hidden":0,"_bbp_reply_count_hidden":0,"_bbp_forum_subforum_count":0,"footnotes":""},"categories":[39],"tags":[],"class_list":["post-396542","post","type-post","status-publish","format-standard","has-post-thumbnail","category-entretenimiento"],"_links":{"self":[{"href":"https:\/\/primermomento.com\/index.php?rest_route=\/wp\/v2\/posts\/396542","targetHints":{"allow":["GET"]}}],"collection":[{"href":"https:\/\/primermomento.com\/index.php?rest_route=\/wp\/v2\/posts"}],"about":[{"href":"https:\/\/primermomento.com\/index.php?rest_route=\/wp\/v2\/types\/post"}],"author":[{"embeddable":true,"href":"https:\/\/primermomento.com\/index.php?rest_route=\/wp\/v2\/users\/1"}],"replies":[{"embeddable":true,"href":"https:\/\/primermomento.com\/index.php?rest_route=%2Fwp%2Fv2%2Fcomments&post=396542"}],"version-history":[{"count":1,"href":"https:\/\/primermomento.com\/index.php?rest_route=\/wp\/v2\/posts\/396542\/revisions"}],"predecessor-version":[{"id":396544,"href":"https:\/\/primermomento.com\/index.php?rest_route=\/wp\/v2\/posts\/396542\/revisions\/396544"}],"wp:featuredmedia":[{"embeddable":true,"href":"https:\/\/primermomento.com\/index.php?rest_route=\/wp\/v2\/media\/396543"}],"wp:attachment":[{"href":"https:\/\/primermomento.com\/index.php?rest_route=%2Fwp%2Fv2%2Fmedia&parent=396542"}],"wp:term":[{"taxonomy":"category","embeddable":true,"href":"https:\/\/primermomento.com\/index.php?rest_route=%2Fwp%2Fv2%2Fcategories&post=396542"},{"taxonomy":"post_tag","embeddable":true,"href":"https:\/\/primermomento.com\/index.php?rest_route=%2Fwp%2Fv2%2Ftags&post=396542"}],"curies":[{"name":"wp","href":"https:\/\/api.w.org\/{rel}","templated":true}]}}