{"id":396725,"date":"2023-09-22T09:41:00","date_gmt":"2023-09-22T13:41:00","guid":{"rendered":"https:\/\/primermomento.com\/?p=396725"},"modified":"2023-09-22T20:01:36","modified_gmt":"2023-09-23T00:01:36","slug":"hecha-justicia-a-johnny-pacheco-con-tres-de-cafe-dos-de-azucar-y-ponle-salsa","status":"publish","type":"post","link":"https:\/\/primermomento.com\/?p=396725","title":{"rendered":"Hecha justicia a Johnny Pacheco, con tres de caf\u00e9, dos de az\u00facar y ponle \u00a1salsa!"},"content":{"rendered":"\n<ul class=\"wp-block-list\">\n<li><strong>El aporte no tan evidente de Johnny Pacheco el logro de un sello de identidad caribe\u00f1a que empoder\u00f3 en su momento a millones de latinos.<\/strong><\/li>\n<\/ul>\n\n\n\n<p class=\"wp-block-paragraph\"><strong><em>Por Jos\u00e9 Rafael Sosa<\/em><\/strong><\/p>\n\n\n\n<p class=\"wp-block-paragraph\">SANTO DOMINGO, Rep\u00fablica Dominicana.- El libro Johnny Pacheco, con tres de caf\u00e9, dos de az\u00facar y ponle \u00a1salsa! Llega a hacer justicia a la obra, probablemente no comprendida integralmente, del maestro Jhonny Pacheco.<\/p>\n\n\n\n<p class=\"wp-block-paragraph\">Lo que acontece con Johnny Pacheco, tres de caf\u00e9, dos de az\u00facar y \u00a1ponle salsa!, del cronista musical Juan Moreno-Vel\u00e1zquez, presentado por Banreservas, se escapa de los esquemas del populismo disquero, supera a las cavilaciones y elogios propios del ambiente farandulero y evita identificar el triunfo art\u00edstico con el tama\u00f1o de las listas de discos de \u00e9xito (Hit parade).<\/p>\n\n\n\n<figure class=\"wp-block-image size-large\"><img loading=\"lazy\" decoding=\"async\" width=\"868\" height=\"1024\" src=\"https:\/\/primermomento.com\/wp-content\/uploads\/2023\/09\/Portada-de-la-biografia-de-Johnny-Pacheco-editada-por-Banreservas-868x1024.jpg\" alt=\"\" class=\"wp-image-396728\" srcset=\"https:\/\/primermomento.com\/wp-content\/uploads\/2023\/09\/Portada-de-la-biografia-de-Johnny-Pacheco-editada-por-Banreservas-868x1024.jpg 868w, https:\/\/primermomento.com\/wp-content\/uploads\/2023\/09\/Portada-de-la-biografia-de-Johnny-Pacheco-editada-por-Banreservas-254x300.jpg 254w, https:\/\/primermomento.com\/wp-content\/uploads\/2023\/09\/Portada-de-la-biografia-de-Johnny-Pacheco-editada-por-Banreservas-768x906.jpg 768w, https:\/\/primermomento.com\/wp-content\/uploads\/2023\/09\/Portada-de-la-biografia-de-Johnny-Pacheco-editada-por-Banreservas-696x821.jpg 696w, https:\/\/primermomento.com\/wp-content\/uploads\/2023\/09\/Portada-de-la-biografia-de-Johnny-Pacheco-editada-por-Banreservas.jpg 965w\" sizes=\"auto, (max-width: 868px) 100vw, 868px\" \/><\/figure>\n\n\n\n<p class=\"wp-block-paragraph\"><em>Portada del libro Johnny Pacheco, tres de caf\u00e9, dos de az\u00facar y \u00a1ponle salsa!, de Juan Moreno-Vel\u00e1zquez.<\/em><\/p>\n\n\n\n<p class=\"wp-block-paragraph\">Pacheco logra, a la luz de la historia contada, superar las condiciones de su entorno. Era positivo m\u00e1s no suficiente, haber tenido influencia musical paterna en Los Pepines (Santiago) por Rafael Arias Pacheco, ni sus estudios de percusi\u00f3n en el Conservatorio The\u00a0<em>Juilliard<\/em>\u00a0School, de New York, ni siquiera su capacidad de int\u00e9rprete (sobre todo flauta y percusi\u00f3n), su talento de arreglista virtuoso y su carisma personal como l\u00edder inspirador musical. Pacheco complet\u00f3 esas condiciones con una visi\u00f3n empresarial que modific\u00f3 los patrones del negocio del disco y el espect\u00e1culo, que hizo m\u00e1s justo y amigable el tratamiento a los artistas.<\/p>\n\n\n\n<p class=\"wp-block-paragraph\">El aporte de Pacheco es otro, superiormente m\u00e1s valioso: tom\u00f3 la salsa como hoy la conocemos, para elevarla a una categor\u00eda de identidad caribe\u00f1a que dio sentido de ser, a millones de latinos que de pronto encontraron que la m\u00fasica podr\u00eda ser un pasaporte digno a su encuentro.<\/p>\n\n\n\n<figure class=\"wp-block-image size-full\"><img loading=\"lazy\" decoding=\"async\" width=\"928\" height=\"499\" src=\"https:\/\/primermomento.com\/wp-content\/uploads\/2023\/09\/Las-estrellas-de-Fania.png\" alt=\"\" class=\"wp-image-396730\" srcset=\"https:\/\/primermomento.com\/wp-content\/uploads\/2023\/09\/Las-estrellas-de-Fania.png 928w, https:\/\/primermomento.com\/wp-content\/uploads\/2023\/09\/Las-estrellas-de-Fania-300x161.png 300w, https:\/\/primermomento.com\/wp-content\/uploads\/2023\/09\/Las-estrellas-de-Fania-768x413.png 768w, https:\/\/primermomento.com\/wp-content\/uploads\/2023\/09\/Las-estrellas-de-Fania-696x374.png 696w\" sizes=\"auto, (max-width: 928px) 100vw, 928px\" \/><\/figure>\n\n\n\n<p class=\"wp-block-paragraph\"><em>Pacheco estableci\u00f3 culturalmente nuevas formas de disfrutar la m\u00fasica como relaci\u00f3n de identidad caribe\u00f1a, nuevas maneras del trato a los m\u00fasicos, nuevos enfoques para proyectar talentos y temas.<\/em><\/p>\n\n\n\n<p class=\"wp-block-paragraph\">El maestro cre\u00f3 un concepto art\u00edstico empresarial nuevo, el sello Fania, determinante en la consolidaci\u00f3n de la salsa, que era resultado de corrientes musicales provenientes de Cuba, Rep\u00fablica Dominicana y Puerto Rico.<\/p>\n\n\n\n<p class=\"wp-block-paragraph\">Antes de lograr lo que hizo con la salsa y el fen\u00f3meno Fania, Pacheco hab\u00eda mostrado su impulso creativo con dos ritmos que personaliz\u00f3: la Pachanga y la Charanga.<\/p>\n\n\n\n<p class=\"wp-block-paragraph\">Pacheco y la identidad del Caribe El libro ofrece una panor\u00e1mica de hechos personajes, circunstancias, encuentros, an\u00e9cdotas que pocas veces se hab\u00eda visto tan en detalle el libro, pero su tema no es la creatividad musical en las producciones (sin restarles calidad) sino el movimiento de identidad latina que representa.<\/p>\n\n\n\n<p class=\"wp-block-paragraph\">El impacto de la m\u00fasica de Pacheco es resultado de un conjunto de factores, se colige del texto el profesor Juan Moreno Vel\u00e1zquez en un proceso que hizo provecho de su experiencia, su sentido de la m\u00fasica, su liderazgo musical, su asimilaci\u00f3n de las experiencias de otras orquestas, su capacidad de conformar el sello Fania.<\/p>\n\n\n\n<p class=\"wp-block-paragraph\">Era necesario un libro de esta categor\u00eda para consignar y consagrar la obra de Pacheco, que se resuelve en una reconstrucci\u00f3n documental.<\/p>\n\n\n\n<p class=\"wp-block-paragraph\">Ojal\u00e1 este t\u00edtulo, debido a su alto inter\u00e9s para un p\u00fablico que sigue la m\u00fasica, pueda llegar a la venta en librer\u00edas, a pesar de ser un t\u00edtulo institucionalmente editado por Banreservas.<\/p>\n\n\n\n<p class=\"wp-block-paragraph\">Editorialmente es un volumen en gran formato: cuadrado, ocho y media pulgadas por lado, en el interior papel satinado 100, 208 im\u00e1genes, con sobrecubierta (\u201ccamisa\u201d) en cartonite. Full color, empleando el sobrio color negro como marco del dise\u00f1o exterior.<\/p>\n\n\n\n<p class=\"wp-block-paragraph\"><strong>Ficha T\u00e9cnica:<\/strong><\/p>\n\n\n\n<p class=\"wp-block-paragraph\">T\u00edtulo: Johnny Pacheco: tres de caf\u00e9, dos de az\u00facar y \u00a1ponle salsa!<\/p>\n\n\n\n<p class=\"wp-block-paragraph\">Autor: Juan Moreno-Vel\u00e1zquez<\/p>\n\n\n\n<p class=\"wp-block-paragraph\">Presentaci\u00f3n: Samuel Pereyra, Administrador general<\/p>\n\n\n\n<p class=\"wp-block-paragraph\">Dise\u00f1o y arte final: Nin\u00f3n de Saleme y Asociados<\/p>\n\n\n\n<p class=\"wp-block-paragraph\">Responsabilidad editorial y Producci\u00f3n: Direcci\u00f3n General de Relaciones P\u00fablicas: Luis R. Mi\u00f1oso, Wilson Rodr\u00edguez, Mijail Peralta, Salvador Tav\u00e1rez y Silvia Hazoury Ruiz.<\/p>\n\n\n\n<p class=\"wp-block-paragraph\">Concepto de portada: Mar\u00eda Elena Pacheco (Cuqui) y Cristopher Hopkins.<\/p>\n\n\n\n<p class=\"wp-block-paragraph\">Contraportada: Izzy Sanabria<\/p>\n\n\n\n<p class=\"wp-block-paragraph\">Impresi\u00f3n: Amigo del Hogar<\/p>\n","protected":false},"excerpt":{"rendered":"<p>Por Jos\u00e9 Rafael Sosa SANTO DOMINGO, Rep\u00fablica Dominicana.- El libro Johnny Pacheco, con tres de caf\u00e9, dos de az\u00facar y ponle \u00a1salsa! Llega a hacer justicia a la obra, probablemente no comprendida integralmente, del maestro Jhonny Pacheco. Lo que acontece con Johnny Pacheco, tres de caf\u00e9, dos de az\u00facar y \u00a1ponle salsa!, del cronista musical [&hellip;]<\/p>\n","protected":false},"author":1,"featured_media":396726,"comment_status":"open","ping_status":"open","sticky":false,"template":"","format":"standard","meta":{"_bbp_topic_count":0,"_bbp_reply_count":0,"_bbp_total_topic_count":0,"_bbp_total_reply_count":0,"_bbp_voice_count":0,"_bbp_anonymous_reply_count":0,"_bbp_topic_count_hidden":0,"_bbp_reply_count_hidden":0,"_bbp_forum_subforum_count":0,"footnotes":""},"categories":[39],"tags":[],"class_list":["post-396725","post","type-post","status-publish","format-standard","has-post-thumbnail","category-entretenimiento"],"_links":{"self":[{"href":"https:\/\/primermomento.com\/index.php?rest_route=\/wp\/v2\/posts\/396725","targetHints":{"allow":["GET"]}}],"collection":[{"href":"https:\/\/primermomento.com\/index.php?rest_route=\/wp\/v2\/posts"}],"about":[{"href":"https:\/\/primermomento.com\/index.php?rest_route=\/wp\/v2\/types\/post"}],"author":[{"embeddable":true,"href":"https:\/\/primermomento.com\/index.php?rest_route=\/wp\/v2\/users\/1"}],"replies":[{"embeddable":true,"href":"https:\/\/primermomento.com\/index.php?rest_route=%2Fwp%2Fv2%2Fcomments&post=396725"}],"version-history":[{"count":2,"href":"https:\/\/primermomento.com\/index.php?rest_route=\/wp\/v2\/posts\/396725\/revisions"}],"predecessor-version":[{"id":396731,"href":"https:\/\/primermomento.com\/index.php?rest_route=\/wp\/v2\/posts\/396725\/revisions\/396731"}],"wp:featuredmedia":[{"embeddable":true,"href":"https:\/\/primermomento.com\/index.php?rest_route=\/wp\/v2\/media\/396726"}],"wp:attachment":[{"href":"https:\/\/primermomento.com\/index.php?rest_route=%2Fwp%2Fv2%2Fmedia&parent=396725"}],"wp:term":[{"taxonomy":"category","embeddable":true,"href":"https:\/\/primermomento.com\/index.php?rest_route=%2Fwp%2Fv2%2Fcategories&post=396725"},{"taxonomy":"post_tag","embeddable":true,"href":"https:\/\/primermomento.com\/index.php?rest_route=%2Fwp%2Fv2%2Ftags&post=396725"}],"curies":[{"name":"wp","href":"https:\/\/api.w.org\/{rel}","templated":true}]}}