{"id":396894,"date":"2023-09-25T05:30:00","date_gmt":"2023-09-25T09:30:00","guid":{"rendered":"https:\/\/primermomento.com\/?p=396894"},"modified":"2023-09-25T08:34:52","modified_gmt":"2023-09-25T12:34:52","slug":"estrella-ganadora-de-premios-grammy-encabezara-super-bowl-2024","status":"publish","type":"post","link":"https:\/\/primermomento.com\/?p=396894","title":{"rendered":"Estrella ganadora de premios Grammy encabezar\u00e1 Super Bowl 2024"},"content":{"rendered":"\n<p class=\"wp-block-paragraph\"><em>Agencia Prensa Latina<\/em><\/p>\n\n\n\n<p class=\"wp-block-paragraph\">LOS \u00c1NGELES, EEUU.- El m\u00fasico y productor estadounidense Usher, ganador de ocho premios Grammy, asumira los preparativos para encabezar su espect\u00e1culo intermedio del Super Bowl 2024.<\/p>\n\n\n\n<p class=\"wp-block-paragraph\">Usher ya apareci\u00f3 en el escenario del medio tiempo del Super Bowl en 2011 donde comparti\u00f3 con los Black Eyed Peas, pero el show del pr\u00f3ximo a\u00f1o ser\u00e1 su primera vez como protagonista.<\/p>\n\n\n\n<p class=\"wp-block-paragraph\">La gran ceremonia estar\u00e1 presentada por Apple Music, seg\u00fan un comunicado de prensa dado a conocer hace pocas horas por Roc Nation y la NFL.<\/p>\n\n\n\n<p class=\"wp-block-paragraph\">Es el honor de mi vida finalmente marcar en mi lista de deseos una actuaci\u00f3n en el Super Bowl, expres\u00f3 el ganador en 2005 de un Grammy por Mejor Interpretaci\u00f3n Rapera Mel\u00f3dica.<\/p>\n\n\n\n<p class=\"wp-block-paragraph\">No puedo esperar para traer al mundo un espect\u00e1culo diferente a los que est\u00e1n acostumbrados mis seguidores, a\u00f1adi\u00f3.<\/p>\n\n\n\n<p class=\"wp-block-paragraph\">Desde que irrumpi\u00f3 en la escena musical en 1994 con su \u00e1lbum debut hom\u00f3nimo \u201cUsher\u201d, el tambi\u00e9n compositor ha vendido m\u00e1s de 80 millones de discos en todo el mundo.<\/p>\n\n\n\n<p class=\"wp-block-paragraph\">Posee una amplia colecci\u00f3n de temas de R&amp;B, pero sus mayores \u00e9xitos son \u201cU Got It Bad\u201d, \u201cU Don\u2019t Have to Call\u201d y \u201cNice &amp; Slow\u201d.<\/p>\n\n\n\n<p class=\"wp-block-paragraph\">Usher es el artista y showman definitivo. Desde su debut a los 15 a\u00f1os de edad traz\u00f3 su propio camino, y m\u00e1s all\u00e1 de su canto impecable y su coreograf\u00eda excepcional, Usher desnuda su alma, opin\u00f3 Jay-Z en un comunicado.<\/p>\n\n\n\n<p class=\"wp-block-paragraph\">La actuaci\u00f3n de Rihanna en el medio tiempo de 2023 se convirti\u00f3 en la gala m\u00e1s vista de todos los tiempos, mientras, los artistas Dr. Dre, Snoop Dogg, Eminem, Mary J. Blige y Kendrick Lamar protagonizaron el show en 2022, el pr\u00f3ximo se emitir\u00e1 en la CBS el 11 de febrero de 2024.<\/p>\n","protected":false},"excerpt":{"rendered":"<p>Agencia Prensa Latina LOS \u00c1NGELES, EEUU.- El m\u00fasico y productor estadounidense Usher, ganador de ocho premios Grammy, asumira los preparativos para encabezar su espect\u00e1culo intermedio del Super Bowl 2024. Usher ya apareci\u00f3 en el escenario del medio tiempo del Super Bowl en 2011 donde comparti\u00f3 con los Black Eyed Peas, pero el show del pr\u00f3ximo [&hellip;]<\/p>\n","protected":false},"author":1,"featured_media":396895,"comment_status":"open","ping_status":"open","sticky":false,"template":"","format":"standard","meta":{"_bbp_topic_count":0,"_bbp_reply_count":0,"_bbp_total_topic_count":0,"_bbp_total_reply_count":0,"_bbp_voice_count":0,"_bbp_anonymous_reply_count":0,"_bbp_topic_count_hidden":0,"_bbp_reply_count_hidden":0,"_bbp_forum_subforum_count":0,"footnotes":""},"categories":[39],"tags":[],"class_list":["post-396894","post","type-post","status-publish","format-standard","has-post-thumbnail","category-entretenimiento"],"_links":{"self":[{"href":"https:\/\/primermomento.com\/index.php?rest_route=\/wp\/v2\/posts\/396894","targetHints":{"allow":["GET"]}}],"collection":[{"href":"https:\/\/primermomento.com\/index.php?rest_route=\/wp\/v2\/posts"}],"about":[{"href":"https:\/\/primermomento.com\/index.php?rest_route=\/wp\/v2\/types\/post"}],"author":[{"embeddable":true,"href":"https:\/\/primermomento.com\/index.php?rest_route=\/wp\/v2\/users\/1"}],"replies":[{"embeddable":true,"href":"https:\/\/primermomento.com\/index.php?rest_route=%2Fwp%2Fv2%2Fcomments&post=396894"}],"version-history":[{"count":1,"href":"https:\/\/primermomento.com\/index.php?rest_route=\/wp\/v2\/posts\/396894\/revisions"}],"predecessor-version":[{"id":396896,"href":"https:\/\/primermomento.com\/index.php?rest_route=\/wp\/v2\/posts\/396894\/revisions\/396896"}],"wp:featuredmedia":[{"embeddable":true,"href":"https:\/\/primermomento.com\/index.php?rest_route=\/wp\/v2\/media\/396895"}],"wp:attachment":[{"href":"https:\/\/primermomento.com\/index.php?rest_route=%2Fwp%2Fv2%2Fmedia&parent=396894"}],"wp:term":[{"taxonomy":"category","embeddable":true,"href":"https:\/\/primermomento.com\/index.php?rest_route=%2Fwp%2Fv2%2Fcategories&post=396894"},{"taxonomy":"post_tag","embeddable":true,"href":"https:\/\/primermomento.com\/index.php?rest_route=%2Fwp%2Fv2%2Ftags&post=396894"}],"curies":[{"name":"wp","href":"https:\/\/api.w.org\/{rel}","templated":true}]}}