{"id":396935,"date":"2023-09-25T14:49:09","date_gmt":"2023-09-25T18:49:09","guid":{"rendered":"https:\/\/primermomento.com\/?p=396935"},"modified":"2023-09-25T15:05:08","modified_gmt":"2023-09-25T19:05:08","slug":"ayuntamiento-juvenil-e-infantil-finalizo-por-todo-lo-alto-domingos-infantiles","status":"publish","type":"post","link":"https:\/\/primermomento.com\/?p=396935","title":{"rendered":"BAN\u00cd | Ayuntamiento juvenil e infantil finaliz\u00f3 por todo lo alto \u00abDomingos Infantiles\u00bb"},"content":{"rendered":"\n<p class=\"wp-block-paragraph\"><em><strong>Por Servicios de Primermomento.com<\/strong><\/em><\/p>\n\n\n\n<p class=\"wp-block-paragraph\">BAN\u00cd, Rep\u00fablica Dominicana.- La Alcald\u00eda de Ban\u00ed a trav\u00e9s del Ayuntamiento Juvenil e Infantil, cerr\u00f3 a lo grande el \u00faltimo evento \u201cDomingos Infantiles\u201d, con una fiesta en la plaza Joaqu\u00edn Sergio Inchaustegui, donde acudieron cientos de ni\u00f1os de diferentes zonas del municipio y se cont\u00f3 con la animaci\u00f3n del payaso Cuchar\u00edn.<\/p>\n\n\n\n<p class=\"wp-block-paragraph\">Los ni\u00f1os presentes participaron en diferentes din\u00e1micas como los bailes de aros, la sillita, la pelota caliente, recibiendo los ganadores como premio juguetes como aros, juegos de cocina, pelotas, entre otros.<\/p>\n\n\n\n<p class=\"wp-block-paragraph\">Las ni\u00f1as del ballet&nbsp; de danza de la escuela de Bellas Artes, tuvieron a su cargo la presentaci\u00f3n art\u00edstica, quienes deslumbraron al p\u00fablico que se dio cita aun bajo lluvia.<\/p>\n\n\n\n<p class=\"wp-block-paragraph\">Tambi\u00e9n dijeron presentes los personajes Mickey y Minnie Mouse, adem\u00e1s de Bartolito El Gallo, quienes al hacer su entrada fueron recibidos con mucha algarab\u00eda y permitieron que los infantes se tomaran sus fotos de recuerdo.<\/p>\n\n\n\n<p class=\"wp-block-paragraph\">Dentro de las degustaciones que les fueron brindadas, hubo paletas, refrescos, bizcochitos esponjosos y helados B\u00f3n cortes\u00eda de esta empresa, a quienes se les agradece por el patrocinio de esta actividad, igual que a los dem\u00e1s autoridades e instituciones p\u00fablicas y privadas que colaboraron para que la actividad pudiera ser posible.<\/p>\n\n\n\n<p class=\"wp-block-paragraph\">Esta hermosa celebraci\u00f3n es organizada todos los a\u00f1os por el Cabildo, con el prop\u00f3sito de que la familia banileja junto a sus hijos pueda recrearse en un ambiente sano.<\/p>\n","protected":false},"excerpt":{"rendered":"<p>Por Servicios de Primermomento.com BAN\u00cd, Rep\u00fablica Dominicana.- La Alcald\u00eda de Ban\u00ed a trav\u00e9s del Ayuntamiento Juvenil e Infantil, cerr\u00f3 a lo grande el \u00faltimo evento \u201cDomingos Infantiles\u201d, con una fiesta en la plaza Joaqu\u00edn Sergio Inchaustegui, donde acudieron cientos de ni\u00f1os de diferentes zonas del municipio y se cont\u00f3 con la animaci\u00f3n del payaso Cuchar\u00edn. [&hellip;]<\/p>\n","protected":false},"author":1,"featured_media":396936,"comment_status":"open","ping_status":"open","sticky":false,"template":"","format":"standard","meta":{"_bbp_topic_count":0,"_bbp_reply_count":0,"_bbp_total_topic_count":0,"_bbp_total_reply_count":0,"_bbp_voice_count":0,"_bbp_anonymous_reply_count":0,"_bbp_topic_count_hidden":0,"_bbp_reply_count_hidden":0,"_bbp_forum_subforum_count":0,"footnotes":""},"categories":[39],"tags":[],"class_list":["post-396935","post","type-post","status-publish","format-standard","has-post-thumbnail","category-entretenimiento"],"_links":{"self":[{"href":"https:\/\/primermomento.com\/index.php?rest_route=\/wp\/v2\/posts\/396935","targetHints":{"allow":["GET"]}}],"collection":[{"href":"https:\/\/primermomento.com\/index.php?rest_route=\/wp\/v2\/posts"}],"about":[{"href":"https:\/\/primermomento.com\/index.php?rest_route=\/wp\/v2\/types\/post"}],"author":[{"embeddable":true,"href":"https:\/\/primermomento.com\/index.php?rest_route=\/wp\/v2\/users\/1"}],"replies":[{"embeddable":true,"href":"https:\/\/primermomento.com\/index.php?rest_route=%2Fwp%2Fv2%2Fcomments&post=396935"}],"version-history":[{"count":2,"href":"https:\/\/primermomento.com\/index.php?rest_route=\/wp\/v2\/posts\/396935\/revisions"}],"predecessor-version":[{"id":396941,"href":"https:\/\/primermomento.com\/index.php?rest_route=\/wp\/v2\/posts\/396935\/revisions\/396941"}],"wp:featuredmedia":[{"embeddable":true,"href":"https:\/\/primermomento.com\/index.php?rest_route=\/wp\/v2\/media\/396936"}],"wp:attachment":[{"href":"https:\/\/primermomento.com\/index.php?rest_route=%2Fwp%2Fv2%2Fmedia&parent=396935"}],"wp:term":[{"taxonomy":"category","embeddable":true,"href":"https:\/\/primermomento.com\/index.php?rest_route=%2Fwp%2Fv2%2Fcategories&post=396935"},{"taxonomy":"post_tag","embeddable":true,"href":"https:\/\/primermomento.com\/index.php?rest_route=%2Fwp%2Fv2%2Ftags&post=396935"}],"curies":[{"name":"wp","href":"https:\/\/api.w.org\/{rel}","templated":true}]}}