{"id":397028,"date":"2023-09-26T07:49:00","date_gmt":"2023-09-26T11:49:00","guid":{"rendered":"https:\/\/primermomento.com\/?p=397028"},"modified":"2023-09-26T09:54:41","modified_gmt":"2023-09-26T13:54:41","slug":"que-es-lo-mejor-del-cine-dominicanode-2023-hasta-ahora","status":"publish","type":"post","link":"https:\/\/primermomento.com\/?p=397028","title":{"rendered":"\u00bfQu\u00e9 es lo mejor del cine dominicanode 2023, hasta ahora?"},"content":{"rendered":"\n<ul class=\"wp-block-list\">\n<li><strong>El cine local eleva su calidad y ofrece mayores opciones para la selecci\u00f3n de nominaciones y premios de los diversos galardones que ofrecen palmares a la producci\u00f3n audiovisual.<\/strong><\/li>\n<\/ul>\n\n\n\n<p class=\"wp-block-paragraph\"><strong>Por Jos\u00e9 Rafael Sosa<\/strong><\/p>\n\n\n\n<p class=\"wp-block-paragraph\">SANTO DOMINGO, Rep\u00fablica Dominicana.- La llegada del drama sub-realista y de rejuegos mentales, El M\u00e9todo (David Maler), es oportuno porque genera las interrogantes: \u00bfQu\u00e9 es lo mejor del cine dominicano en 2023 hasta este septiembre 2023, a nuestro juicio? Y tambi\u00e9n se podr\u00eda preguntar \u00bfQu\u00e9 viene en camino a pantallas? \u00bfSer\u00eda sencillo para los jurados de los premios seleccionar nominaciones y premios en Cine? .<\/p>\n\n\n\n<p class=\"wp-block-paragraph\">Con el estreno este jueves pasado de El m\u00e9todo (David Maler) &#8211; y otras dos producciones nacionales que ven al cine este a\u00f1o y que tuvimos oportunidad de ver en el III Festival de Cine Fine Arts Hecho en Casa, la perspectiva de lo producido se ampl\u00eda, eleva su calidad y ofrece mayores opciones para la selecci\u00f3n de nominaciones y premios de los diversos galardones que ofrecen palmares a la producci\u00f3n audiovisual dominicano.<\/p>\n\n\n\n<p class=\"wp-block-paragraph\">No ser\u00e1 ni sencillo ni f\u00e1cil seleccionar a quien galardonar, porque lo que se est\u00e1 aportando como proyectos, tiene calidad y consistencia. Persisten en la produccion audiovisual dominicana, herencias toxicas de trabajo en los cuales el facilismo conceptual y operativo, reduce las mismas posibilidades de trascendencia, pero al parecer es parte de un proceso en extinci\u00f3n.<\/p>\n\n\n\n<p class=\"wp-block-paragraph\">Ello se puede notar en las opciones de calidad variable que hoy d\u00eda ofrece el g\u00e9nero comedia, por ejemplo.<\/p>\n\n\n\n<p class=\"wp-block-paragraph\">Elegir pel\u00edculas dominicanas para nominaciones y premiaciones no puede corresponder a una receta medi\u00e1tica. Sale de la evaluaci\u00f3n de un inventario. Este es solo uno a ser tomado, o no, en cuenta.<\/p>\n\n\n\n<p class=\"wp-block-paragraph\"><strong>Sobre El m\u00e9todo<\/strong><\/p>\n\n\n\n<p class=\"wp-block-paragraph\">El drama es una lucha encarnizada: Lo que el p\u00fablico va a encontrar con El m\u00e9todo (adaptaci\u00f3n al cine de la obra de teatral del barcelon\u00e9s Jordi Galcer\u00e1n (El m\u00e9todo Gr\u00f6nholm), es cine un integral, serio en su concepci\u00f3n, con una actuaci\u00f3n coral que debe ser una de las mejores logradas para la industria nacional, un ritmo incesante por la subsecuencia tanto de las ideas que se unen en una sucesi\u00f3n que no da respiro y que deja disfrutar de la una estupenda opci\u00f3n.<\/p>\n\n\n\n<p class=\"wp-block-paragraph\">Es un cine elaborado e inteligente, mostrando buen uso de los recursos del cine y uno de los mejores trabajos interpretativos corales de la escena f\u00edlmica dominicana: Nashla Bogaert, H\u00e9ctor An\u00edbal, Georgina Duluc, Pepe Sierra, Yasser Michelen, Dahiana Cordero y Roger Wasserman, todos en sus aguas.<\/p>\n\n\n\n<p class=\"wp-block-paragraph\">La pelicula incrementa el aporte de sus dones: su fotograf\u00eda, el dise\u00f1o de arte que es espectacular y detallado, su dise\u00f1o de sonido, incluyendo su universo sonoro y, en particular, su iluminaci\u00f3n.<\/p>\n\n\n\n<p class=\"wp-block-paragraph\">Es un proyecto chispeante, intenso al incursionar en las ambiciones de trepamiento social de los competidores. Pepe Sierra merece menci\u00f3n aparte por su camale\u00f3nica y cambiante exposici\u00f3n de parlamentos y su gestualidad precisa, aun cuando deben ser destacados los papeles de H\u00e9ctor An\u00edbal, Yasser Michel\u00e9n y Georgina Duluc. Pero Sierra sobresale. El m\u00e9todo es el estreno dominicano que desde el jueves est\u00e1 en pantallas.<\/p>\n\n\n\n<p class=\"wp-block-paragraph\">Maler no es un favorecido de la suerte. Logra una estupenda actuaci\u00f3n coral de seis talentos que imprimen un ritmo incesante premiado de giros y vueltas dram\u00e1ticas. Maler es un cineasta de fortaleza que ha venido demostrando una trayectoria consistente que deber\u00e1, al final, obtener el reconocimiento internacional. Se introdujo al cine codirigiendo con el espa\u00f1ol David Curvelo, desde Cacique Films la inolvidable, sensitiva e hist\u00f3rica Reinbou (2017).<\/p>\n\n\n\n<p class=\"wp-block-paragraph\"><strong>\u00bfQu\u00e9 nominar? \u00a0\u00bfQu\u00e9 premiar? \u00bfQui\u00e9nes premian?<\/strong><\/p>\n\n\n\n<p class=\"wp-block-paragraph\">No tenemos una listita recomendada para galardonar proyectos de cine. Tenemos un inventario que compartir para que a quienes corresponda, completen su criterio y decidan.<\/p>\n\n\n\n<p class=\"wp-block-paragraph\">Las recetas de premios, no se ofrecen como servicio <em>express<\/em> por los medios de comunicaci\u00f3n.<\/p>\n\n\n\n<p class=\"wp-block-paragraph\">No estamos en condiciones, m\u00e1s all\u00e1 del derecho a la opini\u00f3n cr\u00edtica personal, de recomendar producciones para ninguno de los premios pendientes de entrega, todos los cuales tiene sus reglamentos, sus bases, sus condiciones determinadas y gente capacitada para determinar qu\u00e9 hacer para cada caso.<\/p>\n\n\n\n<p class=\"wp-block-paragraph\">Estos son esos premios a los que corresponde indagar lo mejor del cine dominicano para los fines de reconocimiento son:<\/p>\n\n\n\n<p class=\"wp-block-paragraph\">\u2014Los X Premios La Silla (Asociaci\u00f3n Dominicana de Profesionales del Cine (ADOCINE). El premio de la industria y quienes la integran, a s\u00ed misma. Es votaci\u00f3n interna. Todos los miembros activos votan. No hay un jurado. Este premio se ha superado mucho en sus metodolog\u00edas, evitando que el tama\u00f1o de un equipo de producci\u00f3n de una cinta determinada, se imponga sobre otros equipos con menor n\u00famero de profesionales participantes.<\/p>\n\n\n\n<p class=\"wp-block-paragraph\">\u2014El IV Premio de la Cr\u00edtica (Asociaci\u00f3n Dominicana de Prensa y Cr\u00edtica Cinematogr\u00e1fica (ADOPRESCI), uno de los m\u00e1s prestigiosos por proceder de los profesionales que eval\u00faan el cine. El Premio ADOPRESCI, el m\u00e1s nuevo de los galardones, se ha ganado un prestigio indudable.<\/p>\n\n\n\n<p class=\"wp-block-paragraph\">\u2014Los renglones de Cine 2023 de la edici\u00f3n 39 de El Soberano, de la Asociaci\u00f3n de Cronistas de Arte de Rep\u00fablica Dominicana (ACROARTE) a entregarse el martes 12 de marzo de 2024, en Teatro Nacional. ACROARTE tiene condiciones muy especiales para renovar su premio con esta edici\u00f3n, pero es un tema para un pr\u00f3ximo trabajo.<\/p>\n\n\n\n<p class=\"wp-block-paragraph\">&nbsp;&#8211; Y, si se dan las condiciones para su montaje, I Premio de la Academia de las Artes y Ciencias Cinematogr\u00e1ficas de la Rep\u00fablica Dominicana (ACCINE RD), que preside Luis Arambilet y que tiene el respaldo institucional de EGEDA Dominicana, y el sustento de su director ejecutivo Nelson Jim\u00e9nez. De esta selecci\u00f3n de nominados deber\u00eda salir la relaci\u00f3n para la primera lista amplia de los XI Premios Platino del Cine Iberoamericano.<\/p>\n\n\n\n<p class=\"wp-block-paragraph\"><strong>El cine ya proyectado<\/strong><\/p>\n\n\n\n<p class=\"wp-block-paragraph\">Gracias al cuidadoso registro que lleva el profesor F\u00e9lix Manuel Lora, el mejor investigador estad\u00edgrafo de la producci\u00f3n audiovisual dominicana (sobre todo desde su portal www.cinemadominicano.com) y directivo de la Asociaci\u00f3n Dominicana de Prensa y Cr\u00edtica, tenemos un listado b\u00e1sico de proyecci\u00f3n dominicana en cines.<\/p>\n\n\n\n<p class=\"wp-block-paragraph\">El nos refiere los siguientes estrenos. Algunos premios siguen considerando ambos g\u00e9neros simult\u00e1neamente, &nbsp;lo que perjudica mucho las posibilidades del documental) ten\u00eda hasta el presente y que deber\u00eda ser criterio revisado y ampliado. Este es un buen momento para cambios en bases de premios de cine. Hay condiciones por doquier. Renovar es la clave.<\/p>\n\n\n\n<p class=\"wp-block-paragraph\"><strong>Ficci\u00f3n<\/strong><\/p>\n\n\n\n<p class=\"wp-block-paragraph\">Teacher Mechy (Frank Perozo) Comedia. Interesante proyecto que mezcla elementos exitosos anteriormente con visiones relativamente nuevas y el carisma de su protagonista.<\/p>\n\n\n\n<p class=\"wp-block-paragraph\">La Balada de los cuervos (Tony Bacigalupe P\u00e9rez). Drama social Cuarencena (David Maler) Comedia<\/p>\n\n\n\n<p class=\"wp-block-paragraph\">Sola a los 40 (\u00c1ngel Mu\u00f1iz, TV) Drama\/Comedia. Fuera de competencia.<\/p>\n\n\n\n<p class=\"wp-block-paragraph\">Un novio para mam\u00e1 (Roberto \u00c1ngel) Comedia.<\/p>\n\n\n\n<p class=\"wp-block-paragraph\">Danny 45 (Gilbert de la Rosa) Thiller carcelario), a cargo de un equipo de un equipo que present\u00f3 excelentes cartas credenciales, exponiendo, con verosimilitud, buenas actuaciones y un gui\u00f3n coherente, la realidad carcelaria.<\/p>\n\n\n\n<p class=\"wp-block-paragraph\">El Plan (Robert Cornelio) Drama con el cual el director genera una metodolog\u00eda de producci\u00f3n local en La Vega. Cornelio como director, que logra clarificar los esquemas y valores de su produccion, sustentado por las actuaciones de Exm\u00edn Carvajal y Johnni\u00e9 Mercedes y j\u00f3venes valores de la actuaci\u00f3n que se abren paso.<\/p>\n\n\n\n<p class=\"wp-block-paragraph\">Rango de Honor (Carlos Salcedo), gui\u00f3n de Eudy Cordero y basada en el libro novela de Jos\u00e9 Monegro. Su valor pasa por la novedad de su mensaje, clarificando las responsabilidades de la delincuencia.<\/p>\n\n\n\n<p class=\"wp-block-paragraph\">Malos Padres (Jos\u00e9 Ram\u00f3n Alam\u00e1. Bou Group) Comedia. Una de las mejor logradas del periodo. Sus valores de producci\u00f3n se notan en pantalla y arroja experiencias que deben ser replicadas y estimuladas Hay alguna sobreactuaci\u00f3n evitable.<\/p>\n\n\n\n<p class=\"wp-block-paragraph\">Justo a tiempo (Arturo Mojica) Drama de fe. Talentos: Anderson Mercedes, Vivian Fatule, Robert Green y \u00c1ngelo Frilop, del Grupo Barak, Reverendo Ezequiel Molina. Para el devocionario, estuvo bien, pero supedito la trascendencia del mensaje cristiano a sus valores como cine.<\/p>\n\n\n\n<p class=\"wp-block-paragraph\"><strong>Documentales 2023<\/strong><\/p>\n\n\n\n<p class=\"wp-block-paragraph\">Caama\u00f1o, de militar a Guerrillero (Ren\u00e9 Fortunato Video Cine Palau) Hist\u00f3rico. Es el trabajo mejor terminado del con revelaciones hist\u00f3ricas y estreno de nuevos m\u00e9todos de investigaci\u00f3n bibliogr\u00e1fica y audiovisual. Su director, hombre fundacional de la industria e innovador, tuvo la concepci\u00f3n de este trabajo y logr\u00f3 un aporte tanto art\u00edstico como hist\u00f3rico.<\/p>\n\n\n\n<p class=\"wp-block-paragraph\">No me conoces (Naslha Bogaert) Etnico\/cultural. Lo mejor que ha hecho Naslha como directora. Su selecci\u00f3n de intervenciones, su sentido del montaje del producto, las verdades que gerencia, el sentido de la identidad. Un proyecto amoroso, exigente y dulce, todo al mismo tiempo.<\/p>\n\n\n\n<p class=\"wp-block-paragraph\">Ramona (Victoria Linares Villegas.) Drama del embarazo adolescente visto como pocas veces, que incrementa la pr\u00e1ctica de una directora centrada y con nuevos criterios de la produccion, haciendo historia a su modo con sus historias.<\/p>\n\n\n\n<p class=\"wp-block-paragraph\">Renacer (Tito Rodriguez) Consagra el triunfo de la voluntad sobre la discapacidad f\u00edsica, sobre el atleta paral\u00edmpico Patricio L\u00f3pez, digno de un premio o menci\u00f3n especial. Un trabajo emotivo y realizado con eficacia.<\/p>\n\n\n\n<p class=\"wp-block-paragraph\"><strong>Lo que falta por estrenar<\/strong><\/p>\n\n\n\n<p class=\"wp-block-paragraph\">Esa panor\u00e1mica del cine dominicano va a incrementar sus estrenos con&nbsp; &nbsp;los pr\u00f3ximos estrenos siguientes:<\/p>\n\n\n\n<p class=\"wp-block-paragraph\"><strong>Ficci\u00f3n<\/strong><\/p>\n\n\n\n<p class=\"wp-block-paragraph\">Croma Kid (Pablo Chea) una gr\u00e1cil aventura audiovisual, reconstrucci\u00f3n de una \u00e9poca, basado en un buen concepto y actuaciones entra\u00f1ables.<\/p>\n\n\n\n<p class=\"wp-block-paragraph\">\u2014La Hembrita, (Laura Amelia Guzm\u00e1n), ambas con una calidad correspondiente a los estilos de Chea (que se estrena con un paso en firme) y con una Laura Amelia Guzm\u00e1n, que ratifica, es una cineasta de luces claras, de sentido compromiso con sus temas y sus personajes.<\/p>\n\n\n\n<p class=\"wp-block-paragraph\">&#8211; \u201c0+\u201d (Bruno Musso) con Evelyna Rodr\u00edguez, Danilo Reynoso y Victorio D\u2019Alessandro, guion de Junior Rosario. Drama basado en hechos reales. Va a pantallas dominicanas el jueves 12 de octubre.<\/p>\n\n\n\n<p class=\"wp-block-paragraph\"><strong>Documentales<\/strong><\/p>\n\n\n\n<p class=\"wp-block-paragraph\">&#8211; \u201cLa industria en RD (1962-2022) Euri Cabral, que no tiene posibilidad alguna en premios por su caracter\u00edstica muy limitada y corporativa. Cabral debe volver urgente a la l\u00ednea tem\u00e1tica que m\u00e1s le redit\u00faa: la historia.<\/p>\n\n\n\n<p class=\"wp-block-paragraph\">-Orgullo de Quisqueya (Tito Rodr\u00edguez, producci\u00f3n Jessica Hasb\u00fan y Kelvin Liria) que va a los cines la semana pr\u00f3xima. Ojal\u00e1 se aparte del esquema de la pantalla chica, y aporte novedad en un esquema audiovisual que no es la primera vez que se enfoca. Tenemos solo la esperanza en que pueda ser interesante por la calidad humana de los entrevistados, pero el cine tiene sus reglas y son distintas de las del reportaje extendido de TV. Ojal\u00e1 no sea el caso.<\/p>\n\n\n\n<p class=\"wp-block-paragraph\">Confiamos en la experiencia de un Tito Rodr\u00edguez, responsable de la direcci\u00f3n del proyecto.<\/p>\n\n\n\n<p class=\"wp-block-paragraph\"><strong>\u00bfY El a\u00f1o del tigre?<\/strong><\/p>\n\n\n\n<p class=\"wp-block-paragraph\">Inabarcable la situaci\u00f3n evaluativa del cine dominicano, por lo cual nos hemos limitado bastante, mas all\u00e1 de ofrecer una informaci\u00f3n descriptiva de lo presentado.<\/p>\n\n\n\n<p class=\"wp-block-paragraph\">Hay casos singulares que trataremos m\u00e1s adelante, como es el caso de c\u00f3mo tratar casos como el de El A\u00f1o del Tigre (Yasser Michelen), drama oscuro con crueles tintes de humor, que es la primera producci\u00f3n dominicana que ingresa al cat\u00e1logo de Disney, via su ventanilla Star Plus, y que, no pasar por los cines, no aparece en la relaci\u00f3n, lo que supone que hay que actualizar criterios de selecci\u00f3n or parte de quienes nominan y premian.. Pero hablaremos de eso. Faltan muchos dias para la final entrega de estatuillas.<\/p>\n","protected":false},"excerpt":{"rendered":"<p>Por Jos\u00e9 Rafael Sosa SANTO DOMINGO, Rep\u00fablica Dominicana.- La llegada del drama sub-realista y de rejuegos mentales, El M\u00e9todo (David Maler), es oportuno porque genera las interrogantes: \u00bfQu\u00e9 es lo mejor del cine dominicano en 2023 hasta este septiembre 2023, a nuestro juicio? Y tambi\u00e9n se podr\u00eda preguntar \u00bfQu\u00e9 viene en camino a pantallas? \u00bfSer\u00eda [&hellip;]<\/p>\n","protected":false},"author":1,"featured_media":397029,"comment_status":"open","ping_status":"open","sticky":false,"template":"","format":"standard","meta":{"_bbp_topic_count":0,"_bbp_reply_count":0,"_bbp_total_topic_count":0,"_bbp_total_reply_count":0,"_bbp_voice_count":0,"_bbp_anonymous_reply_count":0,"_bbp_topic_count_hidden":0,"_bbp_reply_count_hidden":0,"_bbp_forum_subforum_count":0,"footnotes":""},"categories":[39],"tags":[],"class_list":["post-397028","post","type-post","status-publish","format-standard","has-post-thumbnail","category-entretenimiento"],"_links":{"self":[{"href":"https:\/\/primermomento.com\/index.php?rest_route=\/wp\/v2\/posts\/397028","targetHints":{"allow":["GET"]}}],"collection":[{"href":"https:\/\/primermomento.com\/index.php?rest_route=\/wp\/v2\/posts"}],"about":[{"href":"https:\/\/primermomento.com\/index.php?rest_route=\/wp\/v2\/types\/post"}],"author":[{"embeddable":true,"href":"https:\/\/primermomento.com\/index.php?rest_route=\/wp\/v2\/users\/1"}],"replies":[{"embeddable":true,"href":"https:\/\/primermomento.com\/index.php?rest_route=%2Fwp%2Fv2%2Fcomments&post=397028"}],"version-history":[{"count":1,"href":"https:\/\/primermomento.com\/index.php?rest_route=\/wp\/v2\/posts\/397028\/revisions"}],"predecessor-version":[{"id":397030,"href":"https:\/\/primermomento.com\/index.php?rest_route=\/wp\/v2\/posts\/397028\/revisions\/397030"}],"wp:featuredmedia":[{"embeddable":true,"href":"https:\/\/primermomento.com\/index.php?rest_route=\/wp\/v2\/media\/397029"}],"wp:attachment":[{"href":"https:\/\/primermomento.com\/index.php?rest_route=%2Fwp%2Fv2%2Fmedia&parent=397028"}],"wp:term":[{"taxonomy":"category","embeddable":true,"href":"https:\/\/primermomento.com\/index.php?rest_route=%2Fwp%2Fv2%2Fcategories&post=397028"},{"taxonomy":"post_tag","embeddable":true,"href":"https:\/\/primermomento.com\/index.php?rest_route=%2Fwp%2Fv2%2Ftags&post=397028"}],"curies":[{"name":"wp","href":"https:\/\/api.w.org\/{rel}","templated":true}]}}