{"id":397037,"date":"2023-09-26T09:04:00","date_gmt":"2023-09-26T13:04:00","guid":{"rendered":"https:\/\/primermomento.com\/?p=397037"},"modified":"2023-09-26T11:10:35","modified_gmt":"2023-09-26T15:10:35","slug":"honran-a-tito-puente-en-centenario-de-su-natalicio","status":"publish","type":"post","link":"https:\/\/primermomento.com\/?p=397037","title":{"rendered":"Honran a Tito Puente en centenario de su natalicio"},"content":{"rendered":"\n<p class=\"wp-block-paragraph\"><em>Agencia Prensa Latina<\/em><\/p>\n\n\n\n<p class=\"wp-block-paragraph\">SAN JUAN, Puerto Rico.- Con una exhibici\u00f3n de fotos y un mural, esta capital resalta la figura del legendario m\u00fasico estadounidense, de origen puertorrique\u00f1o, Tito Puente, a quien se recuerda este a\u00f1o en el centenario de su natalicio.<\/p>\n\n\n\n<p class=\"wp-block-paragraph\">La conmemoraci\u00f3n se lleva a cabo desde el lunes en el Coliseo de Puerto Rico con im\u00e1genes de Puente, conocido como \u201cEl rey del timbal\u201d, quien dej\u00f3 un gran legado, tanto a los seguidores del jazz, como de la salsa.<\/p>\n\n\n\n<p class=\"wp-block-paragraph\">Algunas de las fotograf\u00edas expuestas presentan al maestro tocando ese instrumento y otras acompa\u00f1ado de figuras, como Marc Anthony, muestra que engalana una parte del tercer nivel y una sala privada de la principal sede de espect\u00e1culos de la isla, inform\u00f3 el sitio wapa.tv.com.<\/p>\n\n\n\n<p class=\"wp-block-paragraph\">La exposici\u00f3n incluye la portada de dos, de los 186 discos de Puente, y fuera de la sala, el artista de la pl\u00e1stica Celso Gonz\u00e1lez, tambi\u00e9n nacido en esa tierra de salseros, pint\u00f3 un mural dedicado al m\u00fasico, indic\u00f3.<\/p>\n\n\n\n<p class=\"wp-block-paragraph\">Tito Puente (hijo) refiri\u00f3 que es una experiencia incre\u00edble visitor estos espacios para rendirle tributo a su padre.<\/p>\n\n\n\n<p class=\"wp-block-paragraph\">El esp\u00edritu de mi pap\u00e1 vive en Puerto Rico, resalt\u00f3 Puente hijo, quien se presentar\u00e1 hoy martes en el Distrito T-Mobile, en San Juan, en el espect\u00e1culo homenaje \u201cNoche de Jazz Latino de Tito Puente\u201d.<\/p>\n\n\n\n<p class=\"wp-block-paragraph\">Adem\u00e1s de este espect\u00e1culo musical en el distrito, el 28 de septiembre se organizar\u00e1 all\u00ed la competencia de baile Tito Puente \u201cRan Kan Kan\u201d, uno de sus temas m\u00e1s famosos.<\/p>\n\n\n\n<p class=\"wp-block-paragraph\">Puente (1923-2000) tamb\u00e9n se destac\u00f3 por tocar el piano, el saxof\u00f3n y la marimba.<\/p>\n\n\n\n<p class=\"wp-block-paragraph\">Las celebraciones por el centenario de su natalicio concluir\u00e1n el 8 de octubre con un concierto de la Orquesta Filarm\u00f3nica de Puerto Rico y la participaci\u00f3n de Puente hijo en el Centro de Bellas Artes, en San Juan.<\/p>\n","protected":false},"excerpt":{"rendered":"<p>Agencia Prensa Latina SAN JUAN, Puerto Rico.- Con una exhibici\u00f3n de fotos y un mural, esta capital resalta la figura del legendario m\u00fasico estadounidense, de origen puertorrique\u00f1o, Tito Puente, a quien se recuerda este a\u00f1o en el centenario de su natalicio. La conmemoraci\u00f3n se lleva a cabo desde el lunes en el Coliseo de Puerto [&hellip;]<\/p>\n","protected":false},"author":1,"featured_media":397038,"comment_status":"open","ping_status":"open","sticky":false,"template":"","format":"standard","meta":{"_bbp_topic_count":0,"_bbp_reply_count":0,"_bbp_total_topic_count":0,"_bbp_total_reply_count":0,"_bbp_voice_count":0,"_bbp_anonymous_reply_count":0,"_bbp_topic_count_hidden":0,"_bbp_reply_count_hidden":0,"_bbp_forum_subforum_count":0,"footnotes":""},"categories":[39],"tags":[],"class_list":["post-397037","post","type-post","status-publish","format-standard","has-post-thumbnail","category-entretenimiento"],"_links":{"self":[{"href":"https:\/\/primermomento.com\/index.php?rest_route=\/wp\/v2\/posts\/397037","targetHints":{"allow":["GET"]}}],"collection":[{"href":"https:\/\/primermomento.com\/index.php?rest_route=\/wp\/v2\/posts"}],"about":[{"href":"https:\/\/primermomento.com\/index.php?rest_route=\/wp\/v2\/types\/post"}],"author":[{"embeddable":true,"href":"https:\/\/primermomento.com\/index.php?rest_route=\/wp\/v2\/users\/1"}],"replies":[{"embeddable":true,"href":"https:\/\/primermomento.com\/index.php?rest_route=%2Fwp%2Fv2%2Fcomments&post=397037"}],"version-history":[{"count":1,"href":"https:\/\/primermomento.com\/index.php?rest_route=\/wp\/v2\/posts\/397037\/revisions"}],"predecessor-version":[{"id":397039,"href":"https:\/\/primermomento.com\/index.php?rest_route=\/wp\/v2\/posts\/397037\/revisions\/397039"}],"wp:featuredmedia":[{"embeddable":true,"href":"https:\/\/primermomento.com\/index.php?rest_route=\/wp\/v2\/media\/397038"}],"wp:attachment":[{"href":"https:\/\/primermomento.com\/index.php?rest_route=%2Fwp%2Fv2%2Fmedia&parent=397037"}],"wp:term":[{"taxonomy":"category","embeddable":true,"href":"https:\/\/primermomento.com\/index.php?rest_route=%2Fwp%2Fv2%2Fcategories&post=397037"},{"taxonomy":"post_tag","embeddable":true,"href":"https:\/\/primermomento.com\/index.php?rest_route=%2Fwp%2Fv2%2Ftags&post=397037"}],"curies":[{"name":"wp","href":"https:\/\/api.w.org\/{rel}","templated":true}]}}