{"id":397043,"date":"2023-09-26T09:14:00","date_gmt":"2023-09-26T13:14:00","guid":{"rendered":"https:\/\/primermomento.com\/?p=397043"},"modified":"2023-09-26T11:52:04","modified_gmt":"2023-09-26T15:52:04","slug":"salsero-gilberto-santa-rosa-regresara-a-escenarios-en-dominicana","status":"publish","type":"post","link":"https:\/\/primermomento.com\/?p=397043","title":{"rendered":"Salsero Gilberto Santa Rosa regresar\u00e1 a escenarios en Dominicana"},"content":{"rendered":"\n<p class=\"wp-block-paragraph\"><em>Agencia Prensa Latina<\/em><\/p>\n\n\n\n<p class=\"wp-block-paragraph\">SANTO DOMINGO, Rep\u00fablica Dominicana.- El afamado artista puertorrique\u00f1o Gilberto Santa Rosa presentar\u00e1 su nuevo espect\u00e1culo \u00abAut\u00e9ntico, Amor y Salsa\u00bb en el Teatro Nacional Eduardo Brito, de esta capital, en noviembre pr\u00f3ximo, se conoci\u00f3 hoy.<\/p>\n\n\n\n<p class=\"wp-block-paragraph\">El salsero se presentar\u00e1 en Santo Domingo los d\u00edas 10 y 11 de ese mes como parte de su gira por varios pa\u00edses de Am\u00e9rica Latina y Estados Unidos.<\/p>\n\n\n\n<p class=\"wp-block-paragraph\">Int\u00e9rprete de \u201cConciencia\u201d, \u201cQue alguien me diga\u201d y \u201cVivir sin ella\u201d, canciones que lo llevaron a la fama internacional, tras su presentaci\u00f3n en esta naci\u00f3n caribe\u00f1a proseguir\u00e1 su gira por ciudades de Estados Unidos y en marzo de 2024 ofrecer\u00e1 un concierto en Santiago de Chile.<\/p>\n\n\n\n<p class=\"wp-block-paragraph\">El cantante y compositor lanz\u00f3 el a\u00f1o pasado su disco \u00abDebut y Segunda Tanda\u00bb, con ocho temas.<\/p>\n","protected":false},"excerpt":{"rendered":"<p>Agencia Prensa Latina SANTO DOMINGO, Rep\u00fablica Dominicana.- El afamado artista puertorrique\u00f1o Gilberto Santa Rosa presentar\u00e1 su nuevo espect\u00e1culo \u00abAut\u00e9ntico, Amor y Salsa\u00bb en el Teatro Nacional Eduardo Brito, de esta capital, en noviembre pr\u00f3ximo, se conoci\u00f3 hoy. El salsero se presentar\u00e1 en Santo Domingo los d\u00edas 10 y 11 de ese mes como parte de [&hellip;]<\/p>\n","protected":false},"author":1,"featured_media":357431,"comment_status":"open","ping_status":"open","sticky":false,"template":"","format":"standard","meta":{"_bbp_topic_count":0,"_bbp_reply_count":0,"_bbp_total_topic_count":0,"_bbp_total_reply_count":0,"_bbp_voice_count":0,"_bbp_anonymous_reply_count":0,"_bbp_topic_count_hidden":0,"_bbp_reply_count_hidden":0,"_bbp_forum_subforum_count":0,"footnotes":""},"categories":[39],"tags":[],"class_list":["post-397043","post","type-post","status-publish","format-standard","has-post-thumbnail","category-entretenimiento"],"_links":{"self":[{"href":"https:\/\/primermomento.com\/index.php?rest_route=\/wp\/v2\/posts\/397043","targetHints":{"allow":["GET"]}}],"collection":[{"href":"https:\/\/primermomento.com\/index.php?rest_route=\/wp\/v2\/posts"}],"about":[{"href":"https:\/\/primermomento.com\/index.php?rest_route=\/wp\/v2\/types\/post"}],"author":[{"embeddable":true,"href":"https:\/\/primermomento.com\/index.php?rest_route=\/wp\/v2\/users\/1"}],"replies":[{"embeddable":true,"href":"https:\/\/primermomento.com\/index.php?rest_route=%2Fwp%2Fv2%2Fcomments&post=397043"}],"version-history":[{"count":1,"href":"https:\/\/primermomento.com\/index.php?rest_route=\/wp\/v2\/posts\/397043\/revisions"}],"predecessor-version":[{"id":397044,"href":"https:\/\/primermomento.com\/index.php?rest_route=\/wp\/v2\/posts\/397043\/revisions\/397044"}],"wp:featuredmedia":[{"embeddable":true,"href":"https:\/\/primermomento.com\/index.php?rest_route=\/wp\/v2\/media\/357431"}],"wp:attachment":[{"href":"https:\/\/primermomento.com\/index.php?rest_route=%2Fwp%2Fv2%2Fmedia&parent=397043"}],"wp:term":[{"taxonomy":"category","embeddable":true,"href":"https:\/\/primermomento.com\/index.php?rest_route=%2Fwp%2Fv2%2Fcategories&post=397043"},{"taxonomy":"post_tag","embeddable":true,"href":"https:\/\/primermomento.com\/index.php?rest_route=%2Fwp%2Fv2%2Ftags&post=397043"}],"curies":[{"name":"wp","href":"https:\/\/api.w.org\/{rel}","templated":true}]}}