{"id":397325,"date":"2023-09-29T05:50:00","date_gmt":"2023-09-29T09:50:00","guid":{"rendered":"https:\/\/primermomento.com\/?p=397325"},"modified":"2023-09-29T09:52:16","modified_gmt":"2023-09-29T13:52:16","slug":"dia-de-shakira-y-el-recuerdo-de-donde-estan-los-ladrones","status":"publish","type":"post","link":"https:\/\/primermomento.com\/?p=397325","title":{"rendered":"D\u00eda de Shakira y el recuerdo de \u00bfD\u00f3nde est\u00e1n los ladrones?"},"content":{"rendered":"\n<p class=\"wp-block-paragraph\"><em>Agencia Prensa Latina<\/em><\/p>\n\n\n\n<p class=\"wp-block-paragraph\">LOS \u00c1NGELES, EEUU.- Shakira est\u00e1 considerada una de las artistas m\u00e1s destacadas del momento y poseedora de un talento innato como cantautora, por lo que miles de fan\u00e1ticos decidieron dedicarle un d\u00eda, a festejarse hoy por primera vez.<\/p>\n\n\n\n<p class=\"wp-block-paragraph\">El D\u00eda de Shakira tendr\u00e1 lugar a partir de ahora cada 29 de septiembre y as\u00ed sus fan\u00e1ticos -y quienes no lo son tanto- homenajear\u00e1n a la artista recordando los 25 a\u00f1os del lanzamiento del \u00e1lbum \u201c\u00bfD\u00f3nde est\u00e1n los ladrones?\u201d, uno de los primeros discos de la barranquillera, con el cual comenz\u00f3 a darse a conocer con m\u00e1s fuerza a nivel internacional.<\/p>\n\n\n\n<p class=\"wp-block-paragraph\">La ic\u00f3nica producci\u00f3n discogr\u00e1fica fue lanzada este d\u00eda de 1998 por el sello Sony Music Latin, convirti\u00e9ndose en la placa en idioma espa\u00f1ol m\u00e1s vendida en los Estados Unidos.<\/p>\n\n\n\n<p class=\"wp-block-paragraph\">\u201c\u00bfD\u00f3nde est\u00e1n los ladrones?\u201d goz\u00f3 de gran aceptaci\u00f3n de la cr\u00edtica en todo el mundo y especialistas lo consideraron uno de los mejores \u00e1lbumes de su carrera, del pop latino y del rock en espa\u00f1ol.<\/p>\n\n\n\n<p class=\"wp-block-paragraph\">Para su promoci\u00f3n se publicaron ocho sencillos, entre los que destacan \u201cOjos as\u00ed\u201d, \u201cInevitable\u201d y \u201cCiega, sordomuda\u201d, este ultimo tema convertido en el primer n\u00famero Uno de la cantante en la lista de Billboard Hot Latin Tracks.<\/p>\n\n\n\n<p class=\"wp-block-paragraph\">En 2020 la revista Rolling Stone ubic\u00f3 este \u00e1lbum en el puesto 496 de los 500 mejores de todos los tiempos.<\/p>\n\n\n\n<p class=\"wp-block-paragraph\">No importan demandas por fraude en Espa\u00f1a, ni divorcio con G\u00e9rard Piqu\u00e9, tampoco separaci\u00f3n de sus hijos Sasha y Mil\u00e1n del padre -hechos todos extremadamente lamentables para la int\u00e9rprete como persona-, pero ninguno ha impedido su \u00e9xito, llev\u00e1ndola a ser el suceso del a\u00f1o.<\/p>\n\n\n\n<p class=\"wp-block-paragraph\">El D\u00eda de Shakira se instaur\u00f3 por iniciativa de la empresa sueca de servicios multimedia de streaming Spotify (fundada en 2006), con el objetivo de reconocer las acciones suyas para exaltar el nombre de Colombia.<\/p>\n\n\n\n<p class=\"wp-block-paragraph\">Su impacto en la cultura popular impuls\u00f3 que esa plataforma lanzara una campa\u00f1a con la etiqueta #ShakiraMereceUnDia para realzarla simb\u00f3licamente en su tierra natal y celebrar su labor social a trav\u00e9s de su fundaci\u00f3n Pies descalzos.<\/p>\n\n\n\n<p class=\"wp-block-paragraph\">Muchos son los reconocimientos que la cantante recibi\u00f3 durante su vida art\u00edstica, y a\u00fan le llegar\u00e1n, por eso varios internautas compartieron la idea de tener una jornada especial para ella.<\/p>\n\n\n\n<p class=\"wp-block-paragraph\">Lleg\u00f3 tambi\u00e9n la nominaci\u00f3n de Mujer del a\u00f1o por la revista Billboard, grab\u00f3 \u201cShakira: BZRP Music Sessions, Vol. 53\u201d, convertida en menos de 24 horas en rotundo triunfo, colabor\u00f3 con su coterr\u00e1nea Karol G en \u201cTQG\u201d, dedic\u00f3 \u201cAcr\u00f3stico\u201d a sus hijos, impact\u00f3 con su \u201cCopa Vac\u00eda\u201d, junto a otro de su tierra, Manuel Turizo.<\/p>\n\n\n\n<p class=\"wp-block-paragraph\">Luego de los mencionados, la estrella pop sigui\u00f3 sumando triunfos y en ceremonia efectuada el 1 de septiembre recogi\u00f3 otro galard\u00f3n en la gala de los MTV Video Music Awards (VMA), se trata del Video Vanguard Award, conocido tambi\u00e9n como Premio Michael Jackson.<\/p>\n\n\n\n<p class=\"wp-block-paragraph\">Estren\u00f3 hace aprenas una semana el videoclip de su m\u00e1s reciente sencillo \u201cEl jefe\u201d, con matices de corrido norte\u00f1o que lleg\u00f3 junto a la banda Fuerza Regida de m\u00fasica regional mexicana.<\/p>\n\n\n\n<p class=\"wp-block-paragraph\">Adem\u00e1s, en su Barranquilla querida le erigen una enorme escultura de cobre fundido con m\u00e1s de seis metros de altura, obra de arte en su honor.<\/p>\n\n\n\n<p class=\"wp-block-paragraph\">Hace unos d\u00edas Shakira visit\u00f3 su ciudad para inaugurar el megacolegio en el barrio \u201cEl Bosque\u201d, demostrando que tambi\u00e9n apunta hacia las obras sociales.<\/p>\n\n\n\n<p class=\"wp-block-paragraph\">Ello hace felices a sus seguidores, quienes le demuestran gran aprecio y se sientan contentos al celebrarle su d\u00eda a la estrella colombiana.<\/p>\n","protected":false},"excerpt":{"rendered":"<p>Agencia Prensa Latina LOS \u00c1NGELES, EEUU.- Shakira est\u00e1 considerada una de las artistas m\u00e1s destacadas del momento y poseedora de un talento innato como cantautora, por lo que miles de fan\u00e1ticos decidieron dedicarle un d\u00eda, a festejarse hoy por primera vez. El D\u00eda de Shakira tendr\u00e1 lugar a partir de ahora cada 29 de septiembre [&hellip;]<\/p>\n","protected":false},"author":1,"featured_media":397326,"comment_status":"open","ping_status":"open","sticky":false,"template":"","format":"standard","meta":{"_bbp_topic_count":0,"_bbp_reply_count":0,"_bbp_total_topic_count":0,"_bbp_total_reply_count":0,"_bbp_voice_count":0,"_bbp_anonymous_reply_count":0,"_bbp_topic_count_hidden":0,"_bbp_reply_count_hidden":0,"_bbp_forum_subforum_count":0,"footnotes":""},"categories":[39],"tags":[],"class_list":["post-397325","post","type-post","status-publish","format-standard","has-post-thumbnail","category-entretenimiento"],"_links":{"self":[{"href":"https:\/\/primermomento.com\/index.php?rest_route=\/wp\/v2\/posts\/397325","targetHints":{"allow":["GET"]}}],"collection":[{"href":"https:\/\/primermomento.com\/index.php?rest_route=\/wp\/v2\/posts"}],"about":[{"href":"https:\/\/primermomento.com\/index.php?rest_route=\/wp\/v2\/types\/post"}],"author":[{"embeddable":true,"href":"https:\/\/primermomento.com\/index.php?rest_route=\/wp\/v2\/users\/1"}],"replies":[{"embeddable":true,"href":"https:\/\/primermomento.com\/index.php?rest_route=%2Fwp%2Fv2%2Fcomments&post=397325"}],"version-history":[{"count":1,"href":"https:\/\/primermomento.com\/index.php?rest_route=\/wp\/v2\/posts\/397325\/revisions"}],"predecessor-version":[{"id":397327,"href":"https:\/\/primermomento.com\/index.php?rest_route=\/wp\/v2\/posts\/397325\/revisions\/397327"}],"wp:featuredmedia":[{"embeddable":true,"href":"https:\/\/primermomento.com\/index.php?rest_route=\/wp\/v2\/media\/397326"}],"wp:attachment":[{"href":"https:\/\/primermomento.com\/index.php?rest_route=%2Fwp%2Fv2%2Fmedia&parent=397325"}],"wp:term":[{"taxonomy":"category","embeddable":true,"href":"https:\/\/primermomento.com\/index.php?rest_route=%2Fwp%2Fv2%2Fcategories&post=397325"},{"taxonomy":"post_tag","embeddable":true,"href":"https:\/\/primermomento.com\/index.php?rest_route=%2Fwp%2Fv2%2Ftags&post=397325"}],"curies":[{"name":"wp","href":"https:\/\/api.w.org\/{rel}","templated":true}]}}