{"id":397403,"date":"2023-09-30T09:19:51","date_gmt":"2023-09-30T13:19:51","guid":{"rendered":"https:\/\/primermomento.com\/?p=397403"},"modified":"2023-09-30T09:21:45","modified_gmt":"2023-09-30T13:21:45","slug":"critica-de-cine-orgullo-de-quisqueya","status":"publish","type":"post","link":"https:\/\/primermomento.com\/?p=397403","title":{"rendered":"Cr\u00edtica de cine: Orgullo de Quisqueya"},"content":{"rendered":"\n<ul class=\"wp-block-list\">\n<li><strong>El p\u00fablico debe descubrir este documental de orgullo y resistencia humana, de sue\u00f1os y trabajo, de dolor y esperanzas. Temer a las l\u00e1grimas, no tiene sentido. Llore usted e insp\u00edrese.<\/strong><\/li>\n<\/ul>\n\n\n\n<p class=\"wp-block-paragraph\"><strong>Por Jos\u00e9 Rafael Sosa<\/strong><\/p>\n\n\n\n<p class=\"wp-block-paragraph\">SANTO DOMINGO, Rep\u00fablica Dominicana.- Acabo de ver Orgullo de Quisqueya y confieso que me recuper\u00f3 en l\u00e1grimas, m\u00e1s de una vez, el impacto de sus im\u00e1genes y sonidos. \u00a0No es la primera, ni ser\u00e1 la \u00faltima vez, que el g\u00e9nero documental de cine dominicano, se orienta a desplegar, respecto de los dominicanos en el mundo, su valor, el talento, la disciplina, la capacidad de resistencia ante la adversidad.<\/p>\n\n\n\n<p class=\"wp-block-paragraph\">Ha habido productores de televisi\u00f3n con proyectos para la pantalla chica, incluyendo a Negro Santos (Santo Domingo, Invita, 2003), Cecilia Garc\u00eda, 2015) y directores como H\u00e9ctor Manuel Valdez (Di\u00e1spora, 2022) o H\u00e9ctor Ulises Mont\u00e1s (Raffi V\u00e1squez, 2022), que han seleccionado dominicanos de talentos y luchas, para proyectos audiovisuales.<\/p>\n\n\n\n<figure class=\"wp-block-image size-large\"><img loading=\"lazy\" decoding=\"async\" width=\"1024\" height=\"764\" src=\"https:\/\/primermomento.com\/wp-content\/uploads\/2023\/09\/Madrid_rinde_homenaje_a_Lucrecia_Perez_01-1024x764.jpg\" alt=\"\" class=\"wp-image-397407\" srcset=\"https:\/\/primermomento.com\/wp-content\/uploads\/2023\/09\/Madrid_rinde_homenaje_a_Lucrecia_Perez_01-1024x764.jpg 1024w, https:\/\/primermomento.com\/wp-content\/uploads\/2023\/09\/Madrid_rinde_homenaje_a_Lucrecia_Perez_01-300x224.jpg 300w, https:\/\/primermomento.com\/wp-content\/uploads\/2023\/09\/Madrid_rinde_homenaje_a_Lucrecia_Perez_01-768x573.jpg 768w, https:\/\/primermomento.com\/wp-content\/uploads\/2023\/09\/Madrid_rinde_homenaje_a_Lucrecia_Perez_01-696x519.jpg 696w, https:\/\/primermomento.com\/wp-content\/uploads\/2023\/09\/Madrid_rinde_homenaje_a_Lucrecia_Perez_01-1068x797.jpg 1068w, https:\/\/primermomento.com\/wp-content\/uploads\/2023\/09\/Madrid_rinde_homenaje_a_Lucrecia_Perez_01.jpg 1080w\" sizes=\"auto, (max-width: 1024px) 100vw, 1024px\" \/><\/figure>\n\n\n\n<p class=\"wp-block-paragraph\"><em>Lucrecia P\u00e9rez, s\u00edmbolo del sacrificio inmigratorio a Espa\u00f1a, un caso que crispa en l\u00e1grimas a Bernarda Jim\u00e9nez Clemente.<\/em><\/p>\n\n\n\n<p class=\"wp-block-paragraph\">Pero Orgullo de Quisqueya, no es eso. Es distinto. La promoci\u00f3n en torno a su convocatoria, no le hace justicia a la calidad y esencia del proyecto. Orgullo de Quisqueya es m\u00e1s de lo que se pueda referir en una nota de prensa o en unas fotos de mercadeo en una premiere, parte de una metodolog\u00eda que a los cr\u00edticos no nos dice mucho. \u00a0Lo que habla es la obra en pantallas. De una producci\u00f3n audiovisual, su valor est\u00e1 en su expresi\u00f3n en tanto sea cine.<\/p>\n\n\n\n<p class=\"wp-block-paragraph\">Y este refleja con exactitud el valor excepcional de este trabajo, escapado de esquemas para entregar un cine dominicano que refleja criterio y disciplina f\u00edlmica, hermosas y estimulantes im\u00e1genes, un guion racionalizado en la exposici\u00f3n de planos temporales y un sentido de la responsabilidad del contenido que finalmente se entrega.<\/p>\n\n\n\n<p class=\"wp-block-paragraph\">El discurso visual ha destrozado el prejuicio de que, por provenir de un origen televisivo, lo que saldr\u00eda, a lo sumo, tendr\u00eda el formato de un cuidado reportaje de noticiario SIN. Y tambi\u00e9n se ha superado el tamiz familiar, marcadamente Hasbun, que es un agregado de marca. No era necesaria la a\u00f1adidura.<\/p>\n\n\n\n<figure class=\"wp-block-image size-full\"><img loading=\"lazy\" decoding=\"async\" width=\"934\" height=\"588\" src=\"https:\/\/primermomento.com\/wp-content\/uploads\/2023\/09\/Jose-Ramon-Genao-Harvard.jpg\" alt=\"\" class=\"wp-image-397410\" srcset=\"https:\/\/primermomento.com\/wp-content\/uploads\/2023\/09\/Jose-Ramon-Genao-Harvard.jpg 934w, https:\/\/primermomento.com\/wp-content\/uploads\/2023\/09\/Jose-Ramon-Genao-Harvard-300x189.jpg 300w, https:\/\/primermomento.com\/wp-content\/uploads\/2023\/09\/Jose-Ramon-Genao-Harvard-768x483.jpg 768w, https:\/\/primermomento.com\/wp-content\/uploads\/2023\/09\/Jose-Ramon-Genao-Harvard-696x438.jpg 696w\" sizes=\"auto, (max-width: 934px) 100vw, 934px\" \/><\/figure>\n\n\n\n<p class=\"wp-block-paragraph\"><em>Jos\u00e9 Ram\u00f3n Genao se constituye en un ejemplo extraordinario de aplicaci\u00f3n escolar al haber logrado entrar por concurso a la Universidad de Harvard, el primero que o hace.<\/em><\/p>\n\n\n\n<p class=\"wp-block-paragraph\">El trabajo vale por s\u00ed mismo. La elevaci\u00f3n de la calidad f\u00edlmica del proyecto est\u00e1 determinada por la concepci\u00f3n de los productores y la selecci\u00f3n tanto de Tito Rodr\u00edguez como director y como la habilidad del guionista Junior Rosario (creativo al que deber\u00eda prest\u00e1rsele mayor atenci\u00f3n en un pa\u00eds que no tiene una categor\u00eda para quienes crean los conceptos de las pel\u00edculas)<\/p>\n\n\n\n<p class=\"wp-block-paragraph\">Orgullo de Quisqueya es el documental que deber\u00edamos tomar en serio y acudir a sus proyecciones tan solo como motivo de inspiraci\u00f3n, por su valor testimonial, en un planteamiento art\u00edstico y humano me sorprendi\u00f3 y me tom\u00f3 por el lado m\u00e1s sensible: <em>Llor\u00e9 (<\/em><em>S\u00ed,<\/em><em> llor\u00e9. \u00bfQu\u00e9 hay de mal en eso?).<\/em><\/p>\n\n\n\n<p class=\"wp-block-paragraph\">Y creo que quienes se decidan a dar una oportunidad a este proyecto, a darle el calor de apostar por un trabajo digno, realizado con sentido audiovisual, sobre un gran planteamiento tem\u00e1tico que deber\u00eda estimularnos a todos, todos los d\u00edas, estar\u00e1 pagando la mejor boleta de cine de 2023. Eso pienso. Y perdonen.<\/p>\n\n\n\n<p class=\"wp-block-paragraph\">Durante la proyecci\u00f3n, mi sonrisa c\u00f3mplice se expresaba con agrado al conocer de la vida, trayectoria, dolor, esperanzas y sueno discretamente y con gran agrado ante el ejemplo de estos ocho dominicanos y dominicana, todos con historias distintas aun cuando id\u00e9nticas en sus esencias, en las que todo se reduce a la resistencia y la irrenunciable voluntad de ser.<\/p>\n\n\n\n<p class=\"wp-block-paragraph\"><strong>Los testimoniales<\/strong><\/p>\n\n\n\n<p class=\"wp-block-paragraph\">Jessica Hasb\u00fan y Kelvin Liria imagino que tuvieron un intenso y selectivo trabajo de evaluaci\u00f3n de trayectorias para el listado de sus talentos. No erraron. Quienes aparecen a lo largo del trabajo, son dignos de haberse consagrado en el proyecto.<\/p>\n\n\n\n<p class=\"wp-block-paragraph\">Todos y todas tienen caracter\u00edsticas \u00fanicas, diferenciables y en capacidad de ser ejemplo, pero creo que cuatro de ellos aportan historias desconocidas, estrujantes y sorprendentes:<\/p>\n\n\n\n<p class=\"wp-block-paragraph\">Bernarda Jim\u00e9nez Clemente, activista social y defensora de los derechos de los inmigrantes en Espa\u00f1a, fundadora del Voluntariado de Madres Dominicana que enfrent\u00f3 el primer asesinato de odio a inmigrantes, con el asesinato de Lucrecia P\u00e9rez<\/p>\n\n\n\n<p class=\"wp-block-paragraph\">Ariel Suero, artista del cine animado, del doblado de voces de Barahona, quien sufri\u00f3 una tragedia innombrable, tres depresiones y mucho, mucho dolor para lograr ser hoy una figura del cine para productoras internacionales. Es genial la forma en que se cuenta, cinematogr\u00e1ficamente, su historia.<\/p>\n\n\n\n<p class=\"wp-block-paragraph\">Scarl\u00edn Hern\u00e1ndez, ingeniera de la NASA de J\u00e1nico, Santiago, figuras m\u00e1s importantes en el desarrollo del telescopio James Webb.<\/p>\n\n\n\n<p class=\"wp-block-paragraph\">Jos\u00e9 Ram\u00f3n Genao, el primer estudiante del sector p\u00fablico que logr\u00f3 una beca completa para estudiar en la Universidad de Harvard en Boston,<\/p>\n\n\n\n<p class=\"wp-block-paragraph\">Kemel Arroyo, director de accesibilidad al sistema p\u00fablico de transporte de NY, desde su condici\u00f3n de persona con discapacidad que no puede caminar. Nativo de Bonao.<\/p>\n\n\n\n<p class=\"wp-block-paragraph\">Hay otros testimonios, pero estos me parecen muy conocidos. La novedad radica en esta selecci\u00f3n.<\/p>\n\n\n\n<p class=\"wp-block-paragraph\"><strong>Ficha T\u00e9cnica<\/strong><\/p>\n\n\n\n<p class=\"wp-block-paragraph\">T\u00edtulo: Orgullo de Quisqueya<\/p>\n\n\n\n<p class=\"wp-block-paragraph\">Director: Tito Rodr\u00edguez<\/p>\n\n\n\n<p class=\"wp-block-paragraph\">Ano: 2023<\/p>\n\n\n\n<p class=\"wp-block-paragraph\">Nacionalidad: Republica Dominicana<\/p>\n\n\n\n<p class=\"wp-block-paragraph\">Productores: Jessica Hasb\u00fan, Kelvin Lira,<\/p>\n\n\n\n<p class=\"wp-block-paragraph\">Director de fotograf\u00eda: Oliver Mota,<\/p>\n\n\n\n<p class=\"wp-block-paragraph\">Distribuci\u00f3n: Caribbean Cinemas Patrocinios: Gerdau Metaldom, Cervecer\u00eda Nacional Dominicana, Centro Cuesta Nacional y Banreservas Productora: Postopia<\/p>\n\n\n\n<p class=\"wp-block-paragraph\">Entrevistados: Julissa Reynoso, Bernarda Jim\u00e9nez, Clemente, Kathleen Mart\u00ednez, Vicente Garc\u00eda, Francisca Lachapel, Ariel Suero, Scarl\u00edn Hern\u00e1ndez, Jos\u00e9 Ram\u00f3n Genao, Kemuel Arroyo.<\/p>\n\n\n\n<p class=\"wp-block-paragraph\">Realizada con los incentivos de le Ley Nacional de Cine 108-10, de la Direcci\u00f3n General de Cine (Permiso \u00danico de Rodaje)<\/p>\n","protected":false},"excerpt":{"rendered":"<p>Por Jos\u00e9 Rafael Sosa SANTO DOMINGO, Rep\u00fablica Dominicana.- Acabo de ver Orgullo de Quisqueya y confieso que me recuper\u00f3 en l\u00e1grimas, m\u00e1s de una vez, el impacto de sus im\u00e1genes y sonidos. \u00a0No es la primera, ni ser\u00e1 la \u00faltima vez, que el g\u00e9nero documental de cine dominicano, se orienta a desplegar, respecto de los [&hellip;]<\/p>\n","protected":false},"author":1,"featured_media":397404,"comment_status":"open","ping_status":"open","sticky":false,"template":"","format":"standard","meta":{"_bbp_topic_count":0,"_bbp_reply_count":0,"_bbp_total_topic_count":0,"_bbp_total_reply_count":0,"_bbp_voice_count":0,"_bbp_anonymous_reply_count":0,"_bbp_topic_count_hidden":0,"_bbp_reply_count_hidden":0,"_bbp_forum_subforum_count":0,"footnotes":""},"categories":[39],"tags":[],"class_list":["post-397403","post","type-post","status-publish","format-standard","has-post-thumbnail","category-entretenimiento"],"_links":{"self":[{"href":"https:\/\/primermomento.com\/index.php?rest_route=\/wp\/v2\/posts\/397403","targetHints":{"allow":["GET"]}}],"collection":[{"href":"https:\/\/primermomento.com\/index.php?rest_route=\/wp\/v2\/posts"}],"about":[{"href":"https:\/\/primermomento.com\/index.php?rest_route=\/wp\/v2\/types\/post"}],"author":[{"embeddable":true,"href":"https:\/\/primermomento.com\/index.php?rest_route=\/wp\/v2\/users\/1"}],"replies":[{"embeddable":true,"href":"https:\/\/primermomento.com\/index.php?rest_route=%2Fwp%2Fv2%2Fcomments&post=397403"}],"version-history":[{"count":4,"href":"https:\/\/primermomento.com\/index.php?rest_route=\/wp\/v2\/posts\/397403\/revisions"}],"predecessor-version":[{"id":397412,"href":"https:\/\/primermomento.com\/index.php?rest_route=\/wp\/v2\/posts\/397403\/revisions\/397412"}],"wp:featuredmedia":[{"embeddable":true,"href":"https:\/\/primermomento.com\/index.php?rest_route=\/wp\/v2\/media\/397404"}],"wp:attachment":[{"href":"https:\/\/primermomento.com\/index.php?rest_route=%2Fwp%2Fv2%2Fmedia&parent=397403"}],"wp:term":[{"taxonomy":"category","embeddable":true,"href":"https:\/\/primermomento.com\/index.php?rest_route=%2Fwp%2Fv2%2Fcategories&post=397403"},{"taxonomy":"post_tag","embeddable":true,"href":"https:\/\/primermomento.com\/index.php?rest_route=%2Fwp%2Fv2%2Ftags&post=397403"}],"curies":[{"name":"wp","href":"https:\/\/api.w.org\/{rel}","templated":true}]}}