{"id":397513,"date":"2023-10-01T06:12:00","date_gmt":"2023-10-01T10:12:00","guid":{"rendered":"https:\/\/primermomento.com\/?p=397513"},"modified":"2023-10-01T08:17:10","modified_gmt":"2023-10-01T12:17:10","slug":"este-es-el-cine-y-el-teatro-dominicanos-por-llegar-en-2023","status":"publish","type":"post","link":"https:\/\/primermomento.com\/?p=397513","title":{"rendered":"Este es el cine y el teatro dominicanos por llegar en 2023"},"content":{"rendered":"\n<ul class=\"wp-block-list\">\n<li><strong>Este lunes vence el plazo para los pa\u00edses postular al \u00d3scar de mejor pel\u00edcula internacional y RD no ha dicho que hay al respecto.<\/strong><\/li>\n<\/ul>\n\n\n\n<p class=\"wp-block-paragraph\"><strong>Por Jos\u00e9 Rafael Sosa<\/strong><\/p>\n\n\n\n<p class=\"wp-block-paragraph\">SANTO DOMINGO, Rep\u00fablica Dominicana.- Cinematogr\u00e1fica y teatralmente, el 2023 tiene propuestas pendientes. El ritmo de montajes y proyecciones no cesa.<\/p>\n\n\n\n<p class=\"wp-block-paragraph\">Tras una revisi\u00f3n por p\u00e1ginas web, blogs de instituciones auspiciadores, informaciones que llegan desde productores, directores, notas de instituciones que acogen presentaciones y algunas notas de allegados a estas esferas, indican que a\u00fan tenemos cine y teatro criollos por ver, por disfrutar (quiz\u00e1s), por valorar, probablemente.<\/p>\n\n\n\n<p class=\"wp-block-paragraph\">No ha finalizado para este a\u00f1o, el paso a escenarios y carteleras, todo el cine y teatro criollos.<\/p>\n\n\n\n<p class=\"wp-block-paragraph\">Es una oferta para el p\u00fablico y para la reflexi\u00f3n de cronistas y cr\u00edtico permanece a\u00fan abierta, llamados a estar pendientes porque tienen premios que nominar y entregar. Puede haber sorpresas de calidad y g\u00e9neros a ser presentados.<\/p>\n\n\n\n<p class=\"wp-block-paragraph\">En cine<\/p>\n\n\n\n<p class=\"wp-block-paragraph\">-El mundo que nos rodea, documental ambiental fijado para iniciar sus proyecciones el jueves 5 en Fine Arts Novo Centro, que difunde el trailer. Fue una de las piezas documentales del III Festival Fine Arts Hecho en Casa 2023.<\/p>\n\n\n\n<p class=\"wp-block-paragraph\">-La Hembrita (Laura Amelia Guzm\u00e1n). Un estreno esperado para el p\u00fablico, por la consistencia de su directora y la fortaleza t\u00e9cnica y art\u00edstica del equipo, en que se destaca el siempre superado Israel C\u00e1rdenas.<\/p>\n\n\n\n<p class=\"wp-block-paragraph\"><strong>Teatro en octubre:<\/strong><\/p>\n\n\n\n<p class=\"wp-block-paragraph\">-Pel\u00edcanos en Teatro Las M\u00e1scaras, como teatro hu\u00e9sped de acogida. Ya ha iniciado sus funciones. Es producido por Fundaci\u00f3n de Teatro Tr\u00edpode, bajo la direcci\u00f3n de Rosmery Gonz\u00e1lez y asistencia de Daygi Matos.<\/p>\n\n\n\n<p class=\"wp-block-paragraph\">-Como si pasara un tren, en Teatro Lope de Vega, comenzando desde este fin de semana. Una pieza del perfil inclusivo, montada en Teatro Lope de Vega, plataforma fundada, entre otros objetivos, de dar espacio a producciones de este tipo. Gianny Paulino es el esp\u00edritu y la mano, soporte tras esta perspectiva del arte realizado por artistas especiales.<\/p>\n\n\n\n<p class=\"wp-block-paragraph\">-Isla de sangre, en Sala Ravelo, con Mileny Dippton. Actuando: Frederick Liendo, los m\u00fasicos David Almengod y Jos\u00e9 Ismael Valdez y el vestuario Bautista Sierra. Miguel Ram\u00edrez, en la confecci\u00f3n de m\u00e1scaras y Leonel del Valle, dise\u00f1ador de luces.<\/p>\n\n\n\n<p class=\"wp-block-paragraph\">-La peluquer\u00eda del crimen\u201d en Sala Manuel Rueda, Plaza del Conservatorio, (Comedia), en octubre, dirigida por Solanyi G\u00f3mez, con Joyce Roy, productor general.<\/p>\n\n\n\n<p class=\"wp-block-paragraph\">-A la garata, Romeo y Julieta\u201d, en Casa de Teatro, en octubre, Tirapiedra Teatro espect\u00e1culo urbano inspirado en la obra de Shakespeare. Direcci\u00f3n Albania Pe\u00f1a y Francisco Vacu, libreto de Is\u00e9n Ravelo y concepto de lbania Pe\u00f1a.<\/p>\n\n\n\n<p class=\"wp-block-paragraph\">-Racataplum en Teatro Guloya, producci\u00f3n infantil desde el 13 de octubre, un espect\u00e1culo para toda la familia que ser\u00e1 estreno mundial. Claudio Rivera y Viena Gonz\u00e1lez tienen meses preparando un espect\u00e1culo nuevo que esperan sea su producci\u00f3n l\u00edder de final de 2023.<\/p>\n\n\n\n<p class=\"wp-block-paragraph\">-Anastasia, en Theamus de Blue Mall, en octubre. Sinopsis: Gleb es un comisario bolchevique encargado de averiguar si Anya se trata en realidad de la gran duquesa Anastasia\u2026 y si en verdad esto es as\u00ed, la vida de esta joven est\u00e1 en grave peligro\u2026 Esta historia llega desde el 21 de octubre al Teatro @theamusrd del piso 5 de @bluemallsd.<\/p>\n\n\n\n<p class=\"wp-block-paragraph\">-12 princesas en guerra, en Sala Manuel Rueda de Plaza Iberoamericana, con la produccion de un gestor teatral que se va siempre por lo cualificado y por lo grande: Juancito Rodr\u00edguez y direcci\u00f3n de Johnni\u00e9 Mercedes, noviembre. Las nobles damas, princesas de toda realeza, se re\u00fanen en el Castillo de Ceni, en donde se habr\u00e1 de compartir secreto que la acongoja. Es un montaje de reposici\u00f3n sobre funciones de 2013<\/p>\n\n\n\n<p class=\"wp-block-paragraph\"><strong>Reposiciones de teatro:<\/strong><\/p>\n\n\n\n<p class=\"wp-block-paragraph\">Son versiones, no confirmadas, pero con mucha fuerza. Reponer obras es caro, por lo que es posible que dependa de que aparezcan los auspiciadores. Pero veremos. Es probable que, por presi\u00f3n del p\u00fablico, tengamos en escena:<\/p>\n\n\n\n<p class=\"wp-block-paragraph\">-Terror (Ram\u00f3n Santana) que volver\u00eda a Sala Ravelo.<\/p>\n\n\n\n<p class=\"wp-block-paragraph\">-La Cenicienta (Carlos Espinal). Deber\u00eda ser a Sala Carlos Piantini.<\/p>\n\n\n\n<p class=\"wp-block-paragraph\">-Mariposas de acero (Waddy J\u00e1quez), este \u00faltimo proyecto merece ser disfrutado de nuevo, visto por la mayor cantidad de personas, dado que se produjo una situaci\u00f3n en la que los artistas parec\u00edan tener culpa y no era as\u00ed.<\/p>\n\n\n\n<p class=\"wp-block-paragraph\"><strong>Evento teatral:<\/strong><\/p>\n\n\n\n<p class=\"wp-block-paragraph\">Festival Internacional de Teatro, a finales de octubre, auspiciado por Ministerio de Cultura.<\/p>\n\n\n\n<p class=\"wp-block-paragraph\">Proyecciones de cine dominicano (desde enero):<\/p>\n\n\n\n<p class=\"wp-block-paragraph\"><strong>Ficci\u00f3n:<\/strong><\/p>\n\n\n\n<p class=\"wp-block-paragraph\">\u2014Teacher Mechy (Frank Perozo) Comedia.<\/p>\n\n\n\n<p class=\"wp-block-paragraph\">\u2014La Balada de los cuervos (Tony Bacigalupe P\u00e9rez). Drama social<\/p>\n\n\n\n<p class=\"wp-block-paragraph\">\u2014Cuarencena (David Maler) Comedia<\/p>\n\n\n\n<p class=\"wp-block-paragraph\">\u2014Sola a los 40 (\u00c1ngel Mu\u00f1iz, TV) Drama\/Comedia.<\/p>\n\n\n\n<p class=\"wp-block-paragraph\">\u2014Un novio para mam\u00e1 (Roberto \u00c1ngel) Comedia.<\/p>\n\n\n\n<p class=\"wp-block-paragraph\">\u2014Danny 45 (Gilbert de la Rosa) Thiller carcelario), a cargo de un equipo de un equipo que present\u00f3 excelentes cartas credenciales, exponiendo, con verosimilitud, buenas actuaciones y un gui\u00f3n coherente, la realidad carcelaria<\/p>\n\n\n\n<p class=\"wp-block-paragraph\">\u2014 El Plan (Robert Cornelio) Drama con el cual el director genera una metodolog\u00eda de producci\u00f3n local en La Vega. Cornelio como director, que logra clarificar los esquemas y valores de su produccion,<\/p>\n\n\n\n<p class=\"wp-block-paragraph\">\u2014 Rango de Honor (Carlos Salcedo), Gui\u00f3n de Eudy Cordero y basada en el libro novela de Jos\u00e9 Monegro.<\/p>\n\n\n\n<p class=\"wp-block-paragraph\">\u2014 Malos Padres (Jos\u00e9 Ram\u00f3n Alam\u00e1. Bou Group). Comedia.<\/p>\n\n\n\n<p class=\"wp-block-paragraph\">\u2014 Justo a tiempo (Arturo Mojica) Drama de fe.<\/p>\n\n\n\n<p class=\"wp-block-paragraph\"><strong>Documentales<\/strong><\/p>\n\n\n\n<p class=\"wp-block-paragraph\">\u2014 Caama\u00f1o, de militar a Guerrillero (Ren\u00e9 Fortunato Video Cine Palau) Hist\u00f3rico. \u2014 No me conoces (Naslha Bogaert) \u00c9tnico\/cultural. Documental \u2014Ramona. Victoria Linares Villegas (documental) \u2014 Renacer (Tito Rodr\u00edguez) documental sobre victoria ante la discapacidad. Lo que est\u00e1 en cine desde septiembre, octubre y noviembre, con sus fechas: 14: Croma Kid (Pablo Chea) 21: El m\u00e9todo (Daivd Maler) 28: Convivencia (Jes\u00fas Vargas de G\u00f3mez) 28: Orgullo de Quisqueya (Tito Rodr\u00edguez, Jessica Hasbun y K. Liria, guion de Junior Rosario y compartes) Documental.<\/p>\n\n\n\n<p class=\"wp-block-paragraph\"><\/p>\n","protected":false},"excerpt":{"rendered":"<p>Por Jos\u00e9 Rafael Sosa SANTO DOMINGO, Rep\u00fablica Dominicana.- Cinematogr\u00e1fica y teatralmente, el 2023 tiene propuestas pendientes. El ritmo de montajes y proyecciones no cesa. Tras una revisi\u00f3n por p\u00e1ginas web, blogs de instituciones auspiciadores, informaciones que llegan desde productores, directores, notas de instituciones que acogen presentaciones y algunas notas de allegados a estas esferas, indican [&hellip;]<\/p>\n","protected":false},"author":1,"featured_media":397514,"comment_status":"open","ping_status":"open","sticky":false,"template":"","format":"standard","meta":{"_bbp_topic_count":0,"_bbp_reply_count":0,"_bbp_total_topic_count":0,"_bbp_total_reply_count":0,"_bbp_voice_count":0,"_bbp_anonymous_reply_count":0,"_bbp_topic_count_hidden":0,"_bbp_reply_count_hidden":0,"_bbp_forum_subforum_count":0,"footnotes":""},"categories":[39],"tags":[],"class_list":["post-397513","post","type-post","status-publish","format-standard","has-post-thumbnail","category-entretenimiento"],"_links":{"self":[{"href":"https:\/\/primermomento.com\/index.php?rest_route=\/wp\/v2\/posts\/397513","targetHints":{"allow":["GET"]}}],"collection":[{"href":"https:\/\/primermomento.com\/index.php?rest_route=\/wp\/v2\/posts"}],"about":[{"href":"https:\/\/primermomento.com\/index.php?rest_route=\/wp\/v2\/types\/post"}],"author":[{"embeddable":true,"href":"https:\/\/primermomento.com\/index.php?rest_route=\/wp\/v2\/users\/1"}],"replies":[{"embeddable":true,"href":"https:\/\/primermomento.com\/index.php?rest_route=%2Fwp%2Fv2%2Fcomments&post=397513"}],"version-history":[{"count":1,"href":"https:\/\/primermomento.com\/index.php?rest_route=\/wp\/v2\/posts\/397513\/revisions"}],"predecessor-version":[{"id":397515,"href":"https:\/\/primermomento.com\/index.php?rest_route=\/wp\/v2\/posts\/397513\/revisions\/397515"}],"wp:featuredmedia":[{"embeddable":true,"href":"https:\/\/primermomento.com\/index.php?rest_route=\/wp\/v2\/media\/397514"}],"wp:attachment":[{"href":"https:\/\/primermomento.com\/index.php?rest_route=%2Fwp%2Fv2%2Fmedia&parent=397513"}],"wp:term":[{"taxonomy":"category","embeddable":true,"href":"https:\/\/primermomento.com\/index.php?rest_route=%2Fwp%2Fv2%2Fcategories&post=397513"},{"taxonomy":"post_tag","embeddable":true,"href":"https:\/\/primermomento.com\/index.php?rest_route=%2Fwp%2Fv2%2Ftags&post=397513"}],"curies":[{"name":"wp","href":"https:\/\/api.w.org\/{rel}","templated":true}]}}