{"id":397578,"date":"2023-10-02T08:52:00","date_gmt":"2023-10-02T12:52:00","guid":{"rendered":"https:\/\/primermomento.com\/?p=397578"},"modified":"2023-10-02T11:55:26","modified_gmt":"2023-10-02T15:55:26","slug":"todo-cine-y-el-teatro-dominicanos-a-estrenarse-en-lo-que-resta-de-2023","status":"publish","type":"post","link":"https:\/\/primermomento.com\/?p=397578","title":{"rendered":"Todo cine y el teatro dominicanos a estrenarse en lo que resta de 2023"},"content":{"rendered":"\n<ul class=\"wp-block-list\">\n<li><strong>En cine nacional en pantallas se exhiben actualmente cuatro proyectos que merecen atenci\u00f3n y respaldo por la calidad que comportan, no por ser dominicanos.<\/strong><\/li>\n<\/ul>\n\n\n\n<p class=\"wp-block-paragraph\"><strong>Por Jos\u00e9 Rafael Sosa<\/strong><\/p>\n\n\n\n<p class=\"wp-block-paragraph\">SANTO DOMINGO, Rep\u00fablica Dominicana.- Se ha tenido un gran a\u00f1o teatral y cinematogr\u00e1fico de facturaci\u00f3n criolla, pero 2023 tiene tres meses h\u00e1biles para seguir exponiendo propuestas en pantallas y escenarios.<\/p>\n\n\n\n<p class=\"wp-block-paragraph\">Una revisi\u00f3n por p\u00e1ginas web, blogs de instituciones art\u00edsticas y auspiciadores, informaciones desde productores, directores, notas de instituciones y algunas informaciones de allegados al quehacer art\u00edstico y cultural, indican que a\u00fan tenemos cine y teatro criollos por ver, por disfrutar (quiz\u00e1s), por valorar, probablemente.<\/p>\n\n\n\n<p class=\"wp-block-paragraph\">En cine nacional en pantallas se exhiben actualmente proyectos que merecen atenci\u00f3n y respaldo por la calidad que comportan, no porque sean de facturaci\u00f3n criolla:<\/p>\n\n\n\n<p class=\"wp-block-paragraph\"><strong>Convivencia <\/strong>(Drama, ficci\u00f3n) director Jes\u00fas Vargas de G\u00f3mez), distribuida por Palacio del Cine, con buenas referencias, pero que no hemos visto.<\/p>\n\n\n\n<p class=\"wp-block-paragraph\"><strong>Orgullo de mi Quisqueya<\/strong> (documental) (Jessica Hasbun y compartes). Ya la vimos y hemos externado su criterio<\/p>\n\n\n\n<p class=\"wp-block-paragraph\"><strong>El m\u00e9todo<\/strong> (David Maler), distribuye Caribbean Cinemas. Yala hemos visto y comentado<\/p>\n\n\n\n<p class=\"wp-block-paragraph\"><strong>Croma Kid<\/strong> (Pablo Chea), distribuye Caribbean Cinemas. Vista y comentada por nosostros y otros cr\u00edticos.<\/p>\n\n\n\n<p class=\"wp-block-paragraph\"><strong>De lo nuevo en cine por estrenar en octubre:<\/strong><\/p>\n\n\n\n<p class=\"wp-block-paragraph\"><strong>El mundo que nos rodea<\/strong>, documental ambiental fijado para iniciar sus proyecciones el jueves 5 &nbsp;de octubre, en Fine Arts Novo Centro, que difunde el trailer. Fue una de las piezas documentales del III Festival Fine Arts Hecho en Casa 2023.<\/p>\n\n\n\n<p class=\"wp-block-paragraph\"><strong>La <\/strong><strong>Hembrita<\/strong> (Laura Amelia Guzm\u00e1n). Un estreno esperado para el p\u00fablico, por la consistencia de su directora y la fortaleza t\u00e9cnica y art\u00edstica del equipo, en que se destaca el siempre superado Israel C\u00e1rdenas.<\/p>\n\n\n\n<p class=\"wp-block-paragraph\"><strong>En Teatro: Octubre:<\/strong><\/p>\n\n\n\n<p class=\"wp-block-paragraph\"><strong>Pel\u00edcanos,<\/strong> en Teatro Las M\u00e1scaras, como teatro hu\u00e9sped de acogida. Ya ha iniciado sus funciones. Es producido por Fundaci\u00f3n de Teatro Tr\u00edpode, bajo la direcci\u00f3n de Rosmery Gonz\u00e1lez y asistencia de Daygi Matos.<\/p>\n\n\n\n<p class=\"wp-block-paragraph\"><strong>Como si pasara un tren<\/strong>, en Teatro Lope de Vega, comenzando desde este fin de semana. Una pieza del perfil inclusivo, montada en Teatro Lope de Vega, plataforma fundada, entre otros objetivos, de dar espacio a producciones de este tipo. Gianny Paulino es el esp\u00edritu y la mano, soporte tras esta perspectiva del arte realizado por artistas especiales.<\/p>\n\n\n\n<p class=\"wp-block-paragraph\"><strong>Isla de sangre,<\/strong> en Sala Ravelo, con Mileny Dippton. Actuando: Frederick Liendo, los m\u00fasicos David Almengod y Jos\u00e9 Ismael Valdez y el vestuario Bautista Sierra. Miguel Ram\u00edrez, en la confecci\u00f3n de m\u00e1scaras y Leonel del Valle, dise\u00f1ador de luces.<\/p>\n\n\n\n<p class=\"wp-block-paragraph\"><strong>La peluquer\u00eda del crimen\u201d <\/strong>en Sala Manuel Rueda, Plaza del Conservatorio, (Comedia), en octubre, dirigida por Solanyi G\u00f3mez, con Joyce Roy, productor general.<\/p>\n\n\n\n<p class=\"wp-block-paragraph\"><strong>A la garata,<\/strong> Romeo y Julieta\u201d, en Casa de Teatro, en octubre, Tirapiedra Teatro espect\u00e1culo urbano inspirado en la obra de Shakespeare. Direcci\u00f3n Albania Pe\u00f1a y Francisco Vacu, libreto de Is\u00e9n Ravelo y concepto de lbania Pe\u00f1a.<\/p>\n\n\n\n<p class=\"wp-block-paragraph\"><strong>Racataplum<\/strong> en Teatro Guloya, producci\u00f3n infantil desde el 13 de octubre, un espect\u00e1culo para toda la familia que ser\u00e1 estreno mundial. Claudio Rivera y Viena Gonz\u00e1lez tienen meses preparando un espect\u00e1culo nuevo que esperan sea su <strong>producci\u00f3n l\u00edder de final de 2023.<\/strong><\/p>\n\n\n\n<p class=\"wp-block-paragraph\"><strong>Anastasia<\/strong>, en Theamus de Blue Mall, en octubre. Sinopsis: Gleb es un comisario bolchevique encargado de averiguar si Anya se trata en realidad de la gran duquesa Anastasia\u2026 y si en verdad esto es as\u00ed, la vida de esta joven est\u00e1 en grave peligro\u2026 Esta historia llega desde el 21 de octubre al Teatro @theamusrd del piso 5 de @bluemallsd.<\/p>\n\n\n\n<p class=\"wp-block-paragraph\"><strong>12 princesas en guerra,<\/strong> en Sala Manuel Rueda de Plaza Iberoamericana, con la produccion de un gestor teatral que se va siempre por lo cualificado y por lo grande: Juancito Rodr\u00edguez y direcci\u00f3n de Johnni\u00e9 Mercedes, noviembre. Las nobles damas, princesas de toda realeza, se re\u00fanen en el Castillo de Ceni, en donde se habr\u00e1 de compartir secreto que la acongoja. Es un montaje de reposici\u00f3n sobre funciones de 2013.<\/p>\n\n\n\n<p class=\"wp-block-paragraph\"><strong>Reposiciones de teatro:<\/strong><\/p>\n\n\n\n<p class=\"wp-block-paragraph\">Son versiones, no confirmadas, pero con mucha fuerza. Reponer obras es caro, por lo que es posible que dependa de que aparezcan los auspiciadores. Pero veremos. Es probable que, por presi\u00f3n del p\u00fablico, tengamos en escena:<\/p>\n\n\n\n<p class=\"wp-block-paragraph\"><strong>Terror <\/strong>(Ram\u00f3n Santana) que volver\u00eda a Sala Ravelo.<\/p>\n\n\n\n<p class=\"wp-block-paragraph\"><strong>La Cenicienta<\/strong> (Carlos Espinal). Deber\u00eda ser a Sala Carlos Piantini.<\/p>\n\n\n\n<p class=\"wp-block-paragraph\"><strong>Mariposas de acero<\/strong> (Waddy J\u00e1quez), este \u00faltimo proyecto merece ser disfrutado de nuevo, visto por la mayor cantidad de personas, dado que se produjo una situaci\u00f3n en la que los artistas parec\u00edan tener culpa y no era as\u00ed.<\/p>\n\n\n\n<p class=\"wp-block-paragraph\"><strong>Gran evento teatral:<\/strong><\/p>\n\n\n\n<p class=\"wp-block-paragraph\">Festival Internacional de Teatro, a finales de octubre, auspiciado por Ministerio de Cultura.<\/p>\n\n\n\n<p class=\"wp-block-paragraph\">Cine RD proyectado 2023:<\/p>\n\n\n\n<p class=\"wp-block-paragraph\"><strong>Ficci\u00f3n:<\/strong><\/p>\n\n\n\n<p class=\"wp-block-paragraph\"><strong>Teacher Mechy<\/strong> (Frank Perozo) Comedia.<\/p>\n\n\n\n<p class=\"wp-block-paragraph\"><strong>La Balada de los cuervos<\/strong> (Tony Bacigalupe P\u00e9rez). Drama social<\/p>\n\n\n\n<p class=\"wp-block-paragraph\"><strong>Cuarencena <\/strong>(David Maler) Comedia<\/p>\n\n\n\n<p class=\"wp-block-paragraph\"><strong>Sola a los 40<\/strong> (\u00c1ngel Mu\u00f1iz, TV) Drama\/Comedia.<\/p>\n\n\n\n<p class=\"wp-block-paragraph\"><strong>Un novio para mam\u00e1<\/strong> (Roberto \u00c1ngel) Comedia.<\/p>\n\n\n\n<p class=\"wp-block-paragraph\"><strong>Danny 45<\/strong> (Gilbert de la Rosa) (Thiller carcelario), a cargo de un equipo de un equipo que present\u00f3 excelentes cartas credenciales, exponiendo, con verosimilitud, buenas actuaciones y un gui\u00f3n coherente, la realidad carcelaria<\/p>\n\n\n\n<p class=\"wp-block-paragraph\"><strong>El Plan<\/strong> (Robert Cornelio) Drama con el cual el director genera una metodolog\u00eda de producci\u00f3n local en La Vega. Cornelio como director, que logra clarificar los esquemas y valores de su produccion,<\/p>\n\n\n\n<p class=\"wp-block-paragraph\"><strong>Rango de Honor<\/strong> (Carlos Salcedo). Gui\u00f3n dede Eudy Cordero y basada en el libro novela de Jos\u00e9 Monegro.<\/p>\n\n\n\n<p class=\"wp-block-paragraph\"><strong>Malos Padres<\/strong> (Jos\u00e9 Ram\u00f3n Alam\u00e1. Bou Group). Comedia.<\/p>\n\n\n\n<p class=\"wp-block-paragraph\"><strong>Justo a tiempo<\/strong> (Arturo Mojica) Drama de fe.<\/p>\n\n\n\n<p class=\"wp-block-paragraph\"><strong>Documentales<\/strong><\/p>\n\n\n\n<p class=\"wp-block-paragraph\"><strong>Caama\u00f1o, de militar a Guerrillero<\/strong> (Ren\u00e9 Fortunato Video Cine Palau) Hist\u00f3rico.<\/p>\n\n\n\n<p class=\"wp-block-paragraph\"><strong>No me conoces<\/strong> (Naslha Bogaert) \u00c9tnico\/cultural. Documental <strong>Ramona.<\/strong> Victoria Linares Villegas (documental)<\/p>\n\n\n\n<p class=\"wp-block-paragraph\"><strong>Renacer<\/strong> (Tito Rodr\u00edguez) documental sobre victoria ante la discapacidad\/<\/p>\n","protected":false},"excerpt":{"rendered":"<p>Por Jos\u00e9 Rafael Sosa SANTO DOMINGO, Rep\u00fablica Dominicana.- Se ha tenido un gran a\u00f1o teatral y cinematogr\u00e1fico de facturaci\u00f3n criolla, pero 2023 tiene tres meses h\u00e1biles para seguir exponiendo propuestas en pantallas y escenarios. Una revisi\u00f3n por p\u00e1ginas web, blogs de instituciones art\u00edsticas y auspiciadores, informaciones desde productores, directores, notas de instituciones y algunas informaciones [&hellip;]<\/p>\n","protected":false},"author":1,"featured_media":397579,"comment_status":"open","ping_status":"open","sticky":false,"template":"","format":"standard","meta":{"_bbp_topic_count":0,"_bbp_reply_count":0,"_bbp_total_topic_count":0,"_bbp_total_reply_count":0,"_bbp_voice_count":0,"_bbp_anonymous_reply_count":0,"_bbp_topic_count_hidden":0,"_bbp_reply_count_hidden":0,"_bbp_forum_subforum_count":0,"footnotes":""},"categories":[39],"tags":[],"class_list":["post-397578","post","type-post","status-publish","format-standard","has-post-thumbnail","category-entretenimiento"],"_links":{"self":[{"href":"https:\/\/primermomento.com\/index.php?rest_route=\/wp\/v2\/posts\/397578","targetHints":{"allow":["GET"]}}],"collection":[{"href":"https:\/\/primermomento.com\/index.php?rest_route=\/wp\/v2\/posts"}],"about":[{"href":"https:\/\/primermomento.com\/index.php?rest_route=\/wp\/v2\/types\/post"}],"author":[{"embeddable":true,"href":"https:\/\/primermomento.com\/index.php?rest_route=\/wp\/v2\/users\/1"}],"replies":[{"embeddable":true,"href":"https:\/\/primermomento.com\/index.php?rest_route=%2Fwp%2Fv2%2Fcomments&post=397578"}],"version-history":[{"count":1,"href":"https:\/\/primermomento.com\/index.php?rest_route=\/wp\/v2\/posts\/397578\/revisions"}],"predecessor-version":[{"id":397580,"href":"https:\/\/primermomento.com\/index.php?rest_route=\/wp\/v2\/posts\/397578\/revisions\/397580"}],"wp:featuredmedia":[{"embeddable":true,"href":"https:\/\/primermomento.com\/index.php?rest_route=\/wp\/v2\/media\/397579"}],"wp:attachment":[{"href":"https:\/\/primermomento.com\/index.php?rest_route=%2Fwp%2Fv2%2Fmedia&parent=397578"}],"wp:term":[{"taxonomy":"category","embeddable":true,"href":"https:\/\/primermomento.com\/index.php?rest_route=%2Fwp%2Fv2%2Fcategories&post=397578"},{"taxonomy":"post_tag","embeddable":true,"href":"https:\/\/primermomento.com\/index.php?rest_route=%2Fwp%2Fv2%2Ftags&post=397578"}],"curies":[{"name":"wp","href":"https:\/\/api.w.org\/{rel}","templated":true}]}}