{"id":400482,"date":"2023-11-08T05:39:50","date_gmt":"2023-11-08T09:39:50","guid":{"rendered":"https:\/\/primermomento.com\/?p=400482"},"modified":"2023-11-08T05:39:51","modified_gmt":"2023-11-08T09:39:51","slug":"onu-propone-guia-para-limitar-la-desinformacion-en-redes-sociales","status":"publish","type":"post","link":"https:\/\/primermomento.com\/?p=400482","title":{"rendered":"ONU propone gu\u00eda para limitar la desinformaci\u00f3n en redes sociales"},"content":{"rendered":"\n<p><em><strong>Agencia PL<\/strong><\/em><\/p>\n\n\n\n<p>NACIONES UNIDAS, Naciones Unidas.- Un plan de acci\u00f3n para combatir la desinformaci\u00f3n, la incitaci\u00f3n al odio y la manipulaci\u00f3n reconoce hoy a estos factores en las redes sociales como amenazas importantes para la estabilidad de la sociedad.<\/p>\n\n\n\n<p>El proyecto result\u00f3 de un proceso de consulta a una escala sin precedentes en el sistema de las Naciones Unidas, con m\u00e1s de 10 mil contribuciones de 134 pa\u00edses recogidas a lo largo de los \u00faltimos 18 meses.<\/p>\n\n\n\n<p>Como resultado la iniciativa propone medidas en torno a siete principios que deben respetarse como el impacto sobre los derechos humanos y la necesidad de establecer reguladores independientes y p\u00fablicos, con un papel claramente definido y recursos suficientes para llevar a cabo su misi\u00f3n.<\/p>\n\n\n\n<p>Estos trabajar\u00e1n en red y en estrecha coordinaci\u00f3n, para evitar que las empresas digitales se aprovechen de las disparidades regulatorias entre los pa\u00edses, de acuerdo con el plan de acci\u00f3n.<\/p>\n\n\n\n<p>Al mismo tiempo, establece que la moderaci\u00f3n de contenidos sea posible y eficaz a la escala adecuada en todas las regiones y en todas las lenguas mientras que exige responsabilidad y transparencia en los algoritmos, cuya mec\u00e1nica se basa con demasiada frecuencia en provocar exageraciones en detrimento de la fiabilidad.<\/p>\n\n\n\n<p>Las plataformas deben tomar m\u00e1s iniciativas para educar y formar a los usuarios en el pensamiento cr\u00edtico y los reguladores y redes m\u00e1s contundentes en las situaciones m\u00e1s delicadas, especialmente durante las elecciones y las crisis.<\/p>\n\n\n\n<p>La directora de la Organizaci\u00f3n de las Naciones Unidas para la Educaci\u00f3n, la Ciencia y la Cultura (Unesco), Audrey Azoulay, reconoci\u00f3 la importancia y pertinencia de esta iniciativa impulsada por ese ente.<\/p>\n\n\n\n<p>\u201cLa liberaci\u00f3n de la palabra a trav\u00e9s de la tecnolog\u00eda digital ha representado un inmenso progreso, pero las redes sociales tambi\u00e9n han acelerado y amplificado la difusi\u00f3n de informaci\u00f3n falsa y la incitaci\u00f3n al odio, lo que plantea graves riesgos para la sociedad, la paz y la estabilidad\u201d, dijo.<\/p>\n\n\n\n<p>Para proteger el acceso a la informaci\u00f3n, debemos regular sin demora estas plataformas, protegiendo al mismo tiempo la libertad de expresi\u00f3n y los derechos humanos, asever\u00f3 Azoulay al presentar el informe.<\/p>\n\n\n\n<p>De acuerdo con la ONU, los representantes de los reguladores independientes acogieron favorablemente la iniciativa de la Unesco.<\/p>\n\n\n\n<p>Varios de ellos, sobre todo en \u00c1frica y Am\u00e9rica Latina, se mostraron dispuestos a empezar a aplicar estas medidas.<\/p>\n\n\n\n<p>Con este fin, la Unesco anunci\u00f3 la organizaci\u00f3n de la la primera Conferencia Mundial de Reguladores a mediados del venidero 2024.<\/p>\n\n\n\n<p>\u201cHay un requisito cardinal que ha guiado nuestro trabajo: el de preservar siempre la libertad de expresi\u00f3n y todos los dem\u00e1s derechos humanos\u00bb, agreg\u00f3 la titular de la Unesco.<\/p>\n\n\n\n<p>Coartar o restringir la libertad de expresi\u00f3n ser\u00eda una soluci\u00f3n terrible; los medios de comunicaci\u00f3n y las herramientas de informaci\u00f3n libres, de calidad e independientes son la mejor respuesta a largo plazo a la desinformaci\u00f3n, explic\u00f3.<\/p>\n","protected":false},"excerpt":{"rendered":"<p>Agencia PL NACIONES UNIDAS, Naciones Unidas.- Un plan de acci\u00f3n para combatir la desinformaci\u00f3n, la incitaci\u00f3n al odio y la manipulaci\u00f3n reconoce hoy a estos factores en las redes sociales como amenazas importantes para la estabilidad de la sociedad. El proyecto result\u00f3 de un proceso de consulta a una escala sin precedentes en el sistema [&hellip;]<\/p>\n","protected":false},"author":1,"featured_media":400483,"comment_status":"open","ping_status":"open","sticky":false,"template":"","format":"standard","meta":{"_bbp_topic_count":0,"_bbp_reply_count":0,"_bbp_total_topic_count":0,"_bbp_total_reply_count":0,"_bbp_voice_count":0,"_bbp_anonymous_reply_count":0,"_bbp_topic_count_hidden":0,"_bbp_reply_count_hidden":0,"_bbp_forum_subforum_count":0,"footnotes":""},"categories":[37],"tags":[],"class_list":{"0":"post-400482","1":"post","2":"type-post","3":"status-publish","4":"format-standard","5":"has-post-thumbnail","7":"category-ciencia-tecnologia"},"_links":{"self":[{"href":"https:\/\/primermomento.com\/index.php?rest_route=\/wp\/v2\/posts\/400482","targetHints":{"allow":["GET"]}}],"collection":[{"href":"https:\/\/primermomento.com\/index.php?rest_route=\/wp\/v2\/posts"}],"about":[{"href":"https:\/\/primermomento.com\/index.php?rest_route=\/wp\/v2\/types\/post"}],"author":[{"embeddable":true,"href":"https:\/\/primermomento.com\/index.php?rest_route=\/wp\/v2\/users\/1"}],"replies":[{"embeddable":true,"href":"https:\/\/primermomento.com\/index.php?rest_route=%2Fwp%2Fv2%2Fcomments&post=400482"}],"version-history":[{"count":1,"href":"https:\/\/primermomento.com\/index.php?rest_route=\/wp\/v2\/posts\/400482\/revisions"}],"predecessor-version":[{"id":400484,"href":"https:\/\/primermomento.com\/index.php?rest_route=\/wp\/v2\/posts\/400482\/revisions\/400484"}],"wp:featuredmedia":[{"embeddable":true,"href":"https:\/\/primermomento.com\/index.php?rest_route=\/wp\/v2\/media\/400483"}],"wp:attachment":[{"href":"https:\/\/primermomento.com\/index.php?rest_route=%2Fwp%2Fv2%2Fmedia&parent=400482"}],"wp:term":[{"taxonomy":"category","embeddable":true,"href":"https:\/\/primermomento.com\/index.php?rest_route=%2Fwp%2Fv2%2Fcategories&post=400482"},{"taxonomy":"post_tag","embeddable":true,"href":"https:\/\/primermomento.com\/index.php?rest_route=%2Fwp%2Fv2%2Ftags&post=400482"}],"curies":[{"name":"wp","href":"https:\/\/api.w.org\/{rel}","templated":true}]}}