{"id":403422,"date":"2023-12-18T15:20:00","date_gmt":"2023-12-18T19:20:00","guid":{"rendered":"https:\/\/primermomento.com\/?p=403422"},"modified":"2023-12-18T16:25:06","modified_gmt":"2023-12-18T20:25:06","slug":"partido-primero-la-gente-proclama-a-presidente-dominicano-como-su-candidato","status":"publish","type":"post","link":"https:\/\/primermomento.com\/?p=403422","title":{"rendered":"Partido Primero la Gente proclama a presidente dominicano como su candidato"},"content":{"rendered":"\n<p><strong>Prensa Latina<\/strong><\/p>\n\n\n\n<p>SANTO DOMINGO, Rep\u00fablica Dominicana.- El Partido Primero la Gente (PPG) proclam\u00f3 hoy al presidente dominicano, Luis Abinader, como su candidato a la Presidencia del pa\u00eds para las elecciones de mayo de 2024, convirti\u00e9ndose en la organizaci\u00f3n pol\u00edtica n\u00famero 22 en hacerlo.<\/p>\n\n\n\n<p>Antonio Marte, presidente del PPG, destac\u00f3 la capacidad de trabajo y transparencia que caracterizan al actual mandatario, as\u00ed como el compromiso que tiene con el pa\u00eds.<\/p>\n\n\n\n<p>Al aceptar la candidatura presidencial del PPG, Abinader dijo que Primero la Gente era el objetivo de las pol\u00edticas p\u00fablicas de l\u00edder de la historia dominicana, Jos\u00e9 Francisco Pe\u00f1a G\u00f3mez (1936- 1998).<\/p>\n\n\n\n<p>Manifest\u00f3 que desde su llegada al gobierno hacer realidad las ideas del dirigente pol\u00edtico ha sido su objetivo y argument\u00f3 que por esa raz\u00f3n en tres a\u00f1os de gesti\u00f3n el Gobierno otorg\u00f3 el Seguro Nacional de Salud (Senasa) a todos los dominicanos, se han reparado m\u00e1s de 75 mil viviendas y entregado otras 14 mil en los diferentes programas oficiales.<\/p>\n\n\n\n<p>Al acto de proclamaci\u00f3n asistieron la vicepresidenta de la Rep\u00fablica, Raquel Pe\u00f1a; el presidente del oficialista Partido Revolucionario Moderno, Jos\u00e9 Ignacio Paliza, entre otros dirigentes de la organizaci\u00f3n.<\/p>\n\n\n\n<p>El 18 de febrero pr\u00f3ximo tendr\u00e1 lugar en Rep\u00fablica Dominicana el primer encuentro con las urnas cuando se disputar\u00e1n tres mil 849 cargos entre alcaldes, vicealcaldes, regidores, directores de juntas municipales, subdirectores y vocales.<\/p>\n\n\n\n<p>El 19 de mayo ser\u00e1 el turno de los aspirantes a presidente y vicepresidente, senadores, diputados, (incluidos los de ultramar) y al Parlamento Centroamericano y suplentes.<\/p>\n\n\n\n<p>La Junta Central Electoral (JCE) proclam\u00f3 otros ocho postulados a la presidencia, a saber, Leonel Fern\u00e1ndez (Fuerza del Pueblo y aliados); Abel Mart\u00ednez (Liberaci\u00f3n Dominicana), Virginia Antares (Opci\u00f3n Democr\u00e1tica) y Fulgencio Severino (Patria para Todos).<\/p>\n\n\n\n<p>Tambi\u00e9n Miguel Vargas Maldonado (Revolucionario Dominicano); Maria Teresa Cabrera, (Frente Amplio); Carlos Pe\u00f1a, (Generaci\u00f3n de Servidores (GenS) y Roque Espaillat (Partido Socialista Cristiano).<\/p>\n\n\n\n<p>En los comicios de 2024 estar\u00e1n habilitados para sufragar ocho millones 118 mil 214 personas, de los cuales el 51.28 por ciento son mujeres y el 48.72 por ciento son hombres.<\/p>\n","protected":false},"excerpt":{"rendered":"<p>Prensa Latina SANTO DOMINGO, Rep\u00fablica Dominicana.- El Partido Primero la Gente (PPG) proclam\u00f3 hoy al presidente dominicano, Luis Abinader, como su candidato a la Presidencia del pa\u00eds para las elecciones de mayo de 2024, convirti\u00e9ndose en la organizaci\u00f3n pol\u00edtica n\u00famero 22 en hacerlo. Antonio Marte, presidente del PPG, destac\u00f3 la capacidad de trabajo y transparencia [&hellip;]<\/p>\n","protected":false},"author":1,"featured_media":403423,"comment_status":"open","ping_status":"open","sticky":false,"template":"","format":"standard","meta":{"_bbp_topic_count":0,"_bbp_reply_count":0,"_bbp_total_topic_count":0,"_bbp_total_reply_count":0,"_bbp_voice_count":0,"_bbp_anonymous_reply_count":0,"_bbp_topic_count_hidden":0,"_bbp_reply_count_hidden":0,"_bbp_forum_subforum_count":0,"footnotes":""},"categories":[31],"tags":[],"class_list":{"0":"post-403422","1":"post","2":"type-post","3":"status-publish","4":"format-standard","5":"has-post-thumbnail","7":"category-estados-unidos"},"_links":{"self":[{"href":"https:\/\/primermomento.com\/index.php?rest_route=\/wp\/v2\/posts\/403422","targetHints":{"allow":["GET"]}}],"collection":[{"href":"https:\/\/primermomento.com\/index.php?rest_route=\/wp\/v2\/posts"}],"about":[{"href":"https:\/\/primermomento.com\/index.php?rest_route=\/wp\/v2\/types\/post"}],"author":[{"embeddable":true,"href":"https:\/\/primermomento.com\/index.php?rest_route=\/wp\/v2\/users\/1"}],"replies":[{"embeddable":true,"href":"https:\/\/primermomento.com\/index.php?rest_route=%2Fwp%2Fv2%2Fcomments&post=403422"}],"version-history":[{"count":1,"href":"https:\/\/primermomento.com\/index.php?rest_route=\/wp\/v2\/posts\/403422\/revisions"}],"predecessor-version":[{"id":403424,"href":"https:\/\/primermomento.com\/index.php?rest_route=\/wp\/v2\/posts\/403422\/revisions\/403424"}],"wp:featuredmedia":[{"embeddable":true,"href":"https:\/\/primermomento.com\/index.php?rest_route=\/wp\/v2\/media\/403423"}],"wp:attachment":[{"href":"https:\/\/primermomento.com\/index.php?rest_route=%2Fwp%2Fv2%2Fmedia&parent=403422"}],"wp:term":[{"taxonomy":"category","embeddable":true,"href":"https:\/\/primermomento.com\/index.php?rest_route=%2Fwp%2Fv2%2Fcategories&post=403422"},{"taxonomy":"post_tag","embeddable":true,"href":"https:\/\/primermomento.com\/index.php?rest_route=%2Fwp%2Fv2%2Ftags&post=403422"}],"curies":[{"name":"wp","href":"https:\/\/api.w.org\/{rel}","templated":true}]}}