{"id":406535,"date":"2024-01-26T14:45:55","date_gmt":"2024-01-26T18:45:55","guid":{"rendered":"https:\/\/primermomento.com\/?p=406535"},"modified":"2024-01-26T14:45:56","modified_gmt":"2024-01-26T18:45:56","slug":"presidente-abinader-inaugura-el-mes-de-la-patria-honrando-la-memoria-del-fundador-de-la-republica","status":"publish","type":"post","link":"https:\/\/primermomento.com\/?p=406535","title":{"rendered":"\u00a0Presidente Abinader inaugura el \u201cMes de la Patria\u201d honrando la memoria del fundador de la Rep\u00fablica"},"content":{"rendered":"\n<p><em><strong>Por Servicios de Primermomento.com<\/strong><\/em><\/p>\n\n\n\n<p>SAN FRANCISCO DE MACOR\u00cdS, Rep\u00fablica Dominicana.- El presidente de la Rep\u00fablica, Luis Abinader, le dio apertura nacional al \u201cMes de la Patria 2024\u201d, al encabezar los actos que honran la memoria del padre fundador de la Rep\u00fablica, Juan Pablo Duarte, en el 211 aniversario de su natalicio, en la provincia Duarte, con la presencia de un p\u00fablico multitudinario, cientos de estudiantes, y autoridades civiles y militares.<\/p>\n\n\n\n<p>La conmemoraci\u00f3n&nbsp; cont\u00f3 con la presencia de la gobernadora provincial, Ana Xiomara Cort\u00e9s, el alcalde de San Francisco de Macor\u00eds, Siquio NG de la Rosa, as\u00ed como V\u00edctor El\u00edas Atallah, ministro de Salud P\u00fablica, Mayor General, Ram\u00f3n A. Guzm\u00e1n Peralta, director general de la Polic\u00eda Nacional, Igor Rodr\u00edguez, ministro Administrativo de la Presidencia y Joel Santos, ministro de la Presidencia, Franklin Romero, senador de la provincia Duarte, Olmedo Caba,&nbsp;director ejecutivo del Instituto Nacional de Recursos Hidr\u00e1ulicos (Indrhi), Leonel Am\u00edlcar Mu\u00f1oz Noboa, Viceministro de Defensa para Asuntos A\u00e9reos y Espaciales (FARD), y&nbsp;el General de Brigada Fernando Arturo P\u00e9rez Jim\u00e9nez, Comandante de la 2da. Brigada de Infanter\u00eda del Ej\u00e9rcito.<\/p>\n\n\n\n<p>En el acto solemne que inici\u00f3 a las 10:00 de la ma\u00f1ana, en el parque Duarte el presidente de la Comisi\u00f3n Permanente de Efem\u00e9rides Patrias, Juan Pablo Uribe,&nbsp; pronunci\u00f3 una apolog\u00eda de la grandeza hist\u00f3rica de Duarte y su vigencia en la contemporaneidad dominicana, afirmando que \u201cel padre de la patria prefigur\u00f3 en su pensamiento revolucionario, independentista y dominicanista, un pa\u00eds libre y soberano, organizado y respetado y, es por eso, sin \u00e1nimos de exageraci\u00f3n que la Rep\u00fablica Dominicana como proyecto existencial naci\u00f3 en la cabeza l\u00facida y venerable de este hombre sin par en la historia dominicana\u201d y contin\u00fao diciendo, \u201cDuarte es la luz, la dignidad, el coraz\u00f3n y el nacionalismo de la patria, y la patria es, en justiciera s\u00edntesis hist\u00f3rica, Juan Pablo Duarte, por eso estamos aqu\u00ed,&nbsp; en el 211 aniversario de su natalicio, un 26 de enero de 1813, exaltando su figura y rendidos amorosamente ante su estatura inmortal; inaugurando, adem\u00e1s el Mes de la Patria 2024\u201d.<\/p>\n\n\n\n<p>En sus palabras, el intelectual argument\u00f3 que \u201cel ideario de Duarte ha inspirado pol\u00edtica, ideol\u00f3gica y moralmente la fuerza resistente y combativa de los dominicanos en las gestas y movimientos libertarios posteriores al 27 de febrero de 1844, como las 12 campa\u00f1as militares contra el invasor haitiano que se negaba rotundamente a reconocer nuestra declaraci\u00f3n de independencia; el Grito de Capotillo del 16 de agosto de 1863 que dio paso a la Restauraci\u00f3n de la Rep\u00fablica que hab\u00eda sido traicionada y anexada &nbsp;a Espa\u00f1a; la guerra de los 6 a\u00f1os (1868-1874) en la que derrotamos las pretensiones del traidor&nbsp; Buenaventura B\u00e1ez de anexarnos a los Estados Unidos; la resistencia y lucha nacionalista contra la invasi\u00f3n y ocupaci\u00f3n norteamericana de 1916 a 1924; la revoluci\u00f3n constitucionalista y guerra patria por la democracia y la soberan\u00eda nacional de 1965; en fin, Duarte ha sido la orientaci\u00f3n, el sentido y el camino de la epopeya de la naci\u00f3n dominicana\u201d.<\/p>\n\n\n\n<p>Al final de su apolog\u00eda a Duarte, subray\u00f3 la actualidad de su pensamiento y de su postura pol\u00edtica, \u00e9tica y patri\u00f3tica, poniendo como ejemplo al Presidente de la Rep\u00fablica, \u201cLuis Abinader que ha cumplido cabalmente el pensamiento&nbsp; duartiano que dice,\u201d Trabajemos Por y Para la Patria, que es trabajar para nuestros hijos y para nosotros mismos.&nbsp; Trabajemos sin descansar, no hay que perder la fe en Dios, en la justicia de nuestra causa y en nuestros propios brazos\u201d, as\u00ed lo ha cumplido el l\u00edder del Estado dominicano, desde el primer d\u00eda de su mandato, con eficiencia, capacidad, transparencia y resultados materiales, y morales visibles en toda la geograf\u00eda nacional, un presidente incansable, inagotable y anclado con firmeza de conciencia en el legado imperecedero del m\u00e1s grande: Juan Pablo Duarte.<\/p>\n\n\n\n<p>Luego de rendir los honores militares de estilo, el presidente Luis Abinader realiz\u00f3 un dep\u00f3sito de ofrendas florales, en honor al patricio Juan Pablo Duarte.<\/p>\n\n\n\n<p>Finalmente,&nbsp;el desfile patri\u00f3tico c\u00edvico militar se caracteriz\u00f3 por el entusiasmo, el colorido y la integraci\u00f3n de los mun\u00edcipes de la provincia Duarte y su municipio cabecera, San Francisco de Macor\u00eds, donde fue evidente el uso de ropas llamativas alusivas a los colores de la bandera y los estudiantes marcharon con una efigie gigante de Juan Pablo Duarte, lo que &nbsp;convirti\u00f3 el desfile en una inmensa fiesta de la dominicanidad.<\/p>\n","protected":false},"excerpt":{"rendered":"<p>Por Servicios de Primermomento.com SAN FRANCISCO DE MACOR\u00cdS, Rep\u00fablica Dominicana.- El presidente de la Rep\u00fablica, Luis Abinader, le dio apertura nacional al \u201cMes de la Patria 2024\u201d, al encabezar los actos que honran la memoria del padre fundador de la Rep\u00fablica, Juan Pablo Duarte, en el 211 aniversario de su natalicio, en la provincia Duarte, [&hellip;]<\/p>\n","protected":false},"author":1,"featured_media":406536,"comment_status":"open","ping_status":"open","sticky":false,"template":"","format":"standard","meta":{"_bbp_topic_count":0,"_bbp_reply_count":0,"_bbp_total_topic_count":0,"_bbp_total_reply_count":0,"_bbp_voice_count":0,"_bbp_anonymous_reply_count":0,"_bbp_topic_count_hidden":0,"_bbp_reply_count_hidden":0,"_bbp_forum_subforum_count":0,"footnotes":""},"categories":[30],"tags":[],"class_list":{"0":"post-406535","1":"post","2":"type-post","3":"status-publish","4":"format-standard","5":"has-post-thumbnail","7":"category-actualidad"},"_links":{"self":[{"href":"https:\/\/primermomento.com\/index.php?rest_route=\/wp\/v2\/posts\/406535","targetHints":{"allow":["GET"]}}],"collection":[{"href":"https:\/\/primermomento.com\/index.php?rest_route=\/wp\/v2\/posts"}],"about":[{"href":"https:\/\/primermomento.com\/index.php?rest_route=\/wp\/v2\/types\/post"}],"author":[{"embeddable":true,"href":"https:\/\/primermomento.com\/index.php?rest_route=\/wp\/v2\/users\/1"}],"replies":[{"embeddable":true,"href":"https:\/\/primermomento.com\/index.php?rest_route=%2Fwp%2Fv2%2Fcomments&post=406535"}],"version-history":[{"count":1,"href":"https:\/\/primermomento.com\/index.php?rest_route=\/wp\/v2\/posts\/406535\/revisions"}],"predecessor-version":[{"id":406537,"href":"https:\/\/primermomento.com\/index.php?rest_route=\/wp\/v2\/posts\/406535\/revisions\/406537"}],"wp:featuredmedia":[{"embeddable":true,"href":"https:\/\/primermomento.com\/index.php?rest_route=\/wp\/v2\/media\/406536"}],"wp:attachment":[{"href":"https:\/\/primermomento.com\/index.php?rest_route=%2Fwp%2Fv2%2Fmedia&parent=406535"}],"wp:term":[{"taxonomy":"category","embeddable":true,"href":"https:\/\/primermomento.com\/index.php?rest_route=%2Fwp%2Fv2%2Fcategories&post=406535"},{"taxonomy":"post_tag","embeddable":true,"href":"https:\/\/primermomento.com\/index.php?rest_route=%2Fwp%2Fv2%2Ftags&post=406535"}],"curies":[{"name":"wp","href":"https:\/\/api.w.org\/{rel}","templated":true}]}}