{"id":407594,"date":"2024-02-08T11:34:00","date_gmt":"2024-02-08T15:34:00","guid":{"rendered":"https:\/\/primermomento.com\/?p=407594"},"modified":"2024-02-10T14:13:34","modified_gmt":"2024-02-10T18:13:34","slug":"biden-queda-libre-de-acusacion-por-manejo-de-documentos-clasificados","status":"publish","type":"post","link":"https:\/\/primermomento.com\/?p=407594","title":{"rendered":"Biden queda libre de acusaci\u00f3n por manejo de documentos clasificados"},"content":{"rendered":"\n<p><strong>Prensa Latina<\/strong><\/p>\n\n\n\n<p>WASHINGTON, EEUU.- Un fiscal especial concluy\u00f3 hoy que, aunque el manejo de documentos clasificados por Joe Biden llev\u00f3 a pr\u00e1cticas que presentan \u201cgraves riesgos para la seguridad nacional\u201d, no habr\u00e1 proceso contra el actual presidente de Estados Unidos.<\/p>\n\n\n\n<p>Casi a un mes de dejar el cargo de vicepresidente, que ocup\u00f3 en la administraci\u00f3n de Barack Obama (2009-2017), Biden coment\u00f3 que en una conversaci\u00f3n grabada acababa de encontrar un material clasificado, seg\u00fan el reporte.<\/p>\n\n\n\n<figure class=\"wp-block-image size-full\"><img loading=\"lazy\" decoding=\"async\" width=\"925\" height=\"520\" src=\"https:\/\/primermomento.com\/wp-content\/uploads\/2024\/02\/Biden-y-documentos-clasificados1.jpg\" alt=\"\" class=\"wp-image-407595\" srcset=\"https:\/\/primermomento.com\/wp-content\/uploads\/2024\/02\/Biden-y-documentos-clasificados1.jpg 925w, https:\/\/primermomento.com\/wp-content\/uploads\/2024\/02\/Biden-y-documentos-clasificados1-300x169.jpg 300w, https:\/\/primermomento.com\/wp-content\/uploads\/2024\/02\/Biden-y-documentos-clasificados1-768x432.jpg 768w, https:\/\/primermomento.com\/wp-content\/uploads\/2024\/02\/Biden-y-documentos-clasificados1-696x391.jpg 696w\" sizes=\"auto, (max-width: 925px) 100vw, 925px\" \/><figcaption class=\"wp-element-caption\">Joe Biden<\/figcaption><\/figure>\n\n\n\n<p>El fiscal especial Robert Hur se neg\u00f3 a interponer una acusaci\u00f3n a Biden, que, de acuerdo con el escrito, se describi\u00f3 a s\u00ed como un \u2018anciano con mala memoria\u2019 dispuesto a cooperar con la pesquisa.<\/p>\n\n\n\n<p>Los comentarios en el documento dejan mal parado al mandatario, al que definen como una persona con una memoria que \u201cfue significativamente limitada\u201d.<\/p>\n\n\n\n<p>En una carta enviada el lunes a Hur y su fiscal especial adjunto, Richard Sauber, fiscal especial del presidente, y Bob Bauer, abogado personal de Biden, refutaron c\u00f3mo el informe caracterizaba la memoria del ocupante del Despacho Oval.<\/p>\n\n\n\n<p>\u00abNo creemos que el tratamiento que el informe da a la memoria del presidente Biden sea exacto o apropiado\u00bb, enfatizaron Sauber y Bauer en la misiva, que tambi\u00e9n fue publicada este jueves.<\/p>\n\n\n\n<p>\u00abEl informe utiliza un lenguaje muy perjudicial para describir un hecho com\u00fan entre los testigos: la falta de recuerdo de acontecimientos ocurridos hace a\u00f1os\u00bb.<\/p>\n\n\n\n<p>No obstante, Sauber expres\u00f3 que la Casa Blanca est\u00e1 \u00absatisfecha\u00bb con la conclusi\u00f3n y que no hubo cargos penales. \u00abComo reconoce el informe del fiscal especial, el presidente cooper\u00f3 plenamente desde el primer d\u00eda\u00bb, puntualiz\u00f3 en un comunicado.<\/p>\n\n\n\n<p>Resalt\u00f3 que \u00absu equipo notific\u00f3 r\u00e1pidamente sobre los documentos clasificados que se encontraron para garantizar que estos documentos fueran devueltos inmediatamente al gobierno porque el presidente sabe que es a donde pertenecen\u00bb.<\/p>\n\n\n\n<p>Adem\u00e1s, el informe hizo claras distinciones entre un posible caso contra Biden y el que tiene pendiente el expresidente Donald Trump, que de probarse podr\u00edan significar \u201chechos agravantes graves\u00bb.<\/p>\n\n\n\n<p>A Trump le dieron \u00abm\u00faltiples oportunidades de devolver documentos clasificados y evitar el procesamiento\u201d, pero el exgobernante al parecer \u201chizo lo contrario\u00bb, se\u00f1al\u00f3 el resumen, con el cual concluye una larga pesquisa iniciada en noviembre de 2022.<\/p>\n\n\n\n<p>En agosto de ese a\u00f1o agentes federales hicieron un registro en la residencia de Trump en Mar-a-Lago, Florida, donde recuperaron los documentos clasificados que se hab\u00eda negado a devolver el republicano cuando abandon\u00f3 la mansi\u00f3n ejecutiva.<\/p>\n\n\n\n<p>Poco despu\u00e9s trascendi\u00f3 que Biden tambi\u00e9n estaba envuelto en un hallazgo de documentos sensibles de su etapa en la vicepresidencia de Estados Unidos, pero su postura y cooperaci\u00f3n lo distingui\u00f3 de Trump.<\/p>\n\n\n\n<p><em><a href=\"https:\/\/primermomento.com\/?p=407594(abre en una nueva pesta\u00f1a)\">#documentos clasificados&nbsp;#Donald Trump&nbsp;#estados unidos&nbsp;#Joe Biden&nbsp;#Primer Momento<\/a><\/em><\/p>\n","protected":false},"excerpt":{"rendered":"<p>Prensa Latina WASHINGTON, EEUU.- Un fiscal especial concluy\u00f3 hoy que, aunque el manejo de documentos clasificados por Joe Biden llev\u00f3 a pr\u00e1cticas que presentan \u201cgraves riesgos para la seguridad nacional\u201d, no habr\u00e1 proceso contra el actual presidente de Estados Unidos. Casi a un mes de dejar el cargo de vicepresidente, que ocup\u00f3 en la administraci\u00f3n [&hellip;]<\/p>\n","protected":false},"author":1,"featured_media":407595,"comment_status":"open","ping_status":"open","sticky":false,"template":"","format":"video","meta":{"_bbp_topic_count":0,"_bbp_reply_count":0,"_bbp_total_topic_count":0,"_bbp_total_reply_count":0,"_bbp_voice_count":0,"_bbp_anonymous_reply_count":0,"_bbp_topic_count_hidden":0,"_bbp_reply_count_hidden":0,"_bbp_forum_subforum_count":0,"footnotes":""},"categories":[61,106],"tags":[],"class_list":{"0":"post-407594","1":"post","2":"type-post","3":"status-publish","4":"format-video","5":"has-post-thumbnail","7":"category-mundo","8":"category-video-news","9":"post_format-post-format-video"},"_links":{"self":[{"href":"https:\/\/primermomento.com\/index.php?rest_route=\/wp\/v2\/posts\/407594","targetHints":{"allow":["GET"]}}],"collection":[{"href":"https:\/\/primermomento.com\/index.php?rest_route=\/wp\/v2\/posts"}],"about":[{"href":"https:\/\/primermomento.com\/index.php?rest_route=\/wp\/v2\/types\/post"}],"author":[{"embeddable":true,"href":"https:\/\/primermomento.com\/index.php?rest_route=\/wp\/v2\/users\/1"}],"replies":[{"embeddable":true,"href":"https:\/\/primermomento.com\/index.php?rest_route=%2Fwp%2Fv2%2Fcomments&post=407594"}],"version-history":[{"count":2,"href":"https:\/\/primermomento.com\/index.php?rest_route=\/wp\/v2\/posts\/407594\/revisions"}],"predecessor-version":[{"id":407745,"href":"https:\/\/primermomento.com\/index.php?rest_route=\/wp\/v2\/posts\/407594\/revisions\/407745"}],"wp:featuredmedia":[{"embeddable":true,"href":"https:\/\/primermomento.com\/index.php?rest_route=\/wp\/v2\/media\/407595"}],"wp:attachment":[{"href":"https:\/\/primermomento.com\/index.php?rest_route=%2Fwp%2Fv2%2Fmedia&parent=407594"}],"wp:term":[{"taxonomy":"category","embeddable":true,"href":"https:\/\/primermomento.com\/index.php?rest_route=%2Fwp%2Fv2%2Fcategories&post=407594"},{"taxonomy":"post_tag","embeddable":true,"href":"https:\/\/primermomento.com\/index.php?rest_route=%2Fwp%2Fv2%2Ftags&post=407594"}],"curies":[{"name":"wp","href":"https:\/\/api.w.org\/{rel}","templated":true}]}}