{"id":409318,"date":"2024-03-04T07:06:00","date_gmt":"2024-03-04T11:06:00","guid":{"rendered":"https:\/\/primermomento.com\/?p=409318"},"modified":"2024-03-04T15:53:38","modified_gmt":"2024-03-04T19:53:38","slug":"oviedo-develado-en-su-valor-artistico-con-motivo-su-centenario","status":"publish","type":"post","link":"https:\/\/primermomento.com\/?p=409318","title":{"rendered":"Oviedo develado en su valor art\u00edstico con motivo su centenario"},"content":{"rendered":"\n<ul class=\"wp-block-list\">\n<li><strong>Oviedo es objeto de una de las m\u00e1s amplias redes de exposiciones, que involucra diez centros culturales y una super muestra de 418 obras en tres pisos del Museo de Arte Ser.<\/strong><\/li>\n<\/ul>\n\n\n\n<p><strong>Servicio especial de prensa cultural<\/strong><\/p>\n\n\n\n<p>SANTO DOMINGO, Rep\u00fablica Dominicana.- Fuera de toda duda est\u00e1 el hecho de que Ram\u00f3n Oviedo es la m\u00e1xima figura de la pintura social dominicana con marcado perfil universal.Las exposiciones con su obra involucran diez centros culturales nacionales y el Museo de Arte Moderno, constituyen el m\u00e1s valioso esfuerzo para dar a conocer la est\u00e9tica y alcance de su obra. El pa\u00eds se ha visto recorrido por la densidad, belleza y magia de un pincel que expres\u00f3 un estilo y defini\u00f3 una escuela.\u00a0 Con Oviedo, la memoria resiste el olvido. Es valor y persistencia<strong>.<\/strong><\/p>\n\n\n\n<p>Imaginemos la actitud del espectador frente a la obra de Ram\u00f3n Oviedo, sobre todo cuando se trata de un mural que, por sus dimensiones y universalidad est\u00e9tica, queda con la satisfactoria impresi\u00f3n de dejarse inundar de un mundo de colores y formas que conducen a un aspiracional, ese que no es recreativo, que no se solaza en las formas y la t\u00e9cnica, una atractiva que desaf\u00eda: que llama a aportar lo que cada quien pueda, para erigir una mejor y justa sociedad para todos.<\/p>\n\n\n\n<p><em>Esa experiencia sensorial es personal e intransferible, \u00fanica para cada persona y al final s\u00f3lo queda la inmensa magnitud de una obra pict\u00f3rica nada tiene que envidiar a las de muralistas internacionales de alto reconocimiento.<\/em><\/p>\n\n\n\n<p>El fen\u00f3meno Oviedo se ha develado gracias a una serie de circunstancias que se han producido en torno al motivo que ofrece el centenario de su nacimiento. El pa\u00eds se ha visto recorrido por la densidad, belleza y magia de un pincel que expres\u00f3 un estilo y defini\u00f3 una escuela.<\/p>\n\n\n\n<p>El impresionante mundo creativo de Oviedo se ha transformado, en los inicios de este 2024, en un verdadero fen\u00f3meno de la divulgaci\u00f3n de una obra que probablemente sea el pin\u00e1culo m\u00e1s alto de la pl\u00e1stica nacional.<\/p>\n\n\n\n<p>El nacimiento de Ram\u00f3n Oviedo Herasme, que se produce el 7 de febrero de 1924, ha relanzado, con motivo de su centenario, su obra como la de ning\u00fan otro creador pict\u00f3rico con un circuito de exposiciones en diez centros culturales y el Museo de Arte Moderno. &nbsp;La cantidad de exposiciones simult\u00e1neas, es r\u00e9cord, hasta donde se sabe para la muestra de la obra de un solo creador.<\/p>\n\n\n\n<p>Oviedo es l\u00edder de los pintores dominicanos m\u00e1s importantes, en un listado de honor que incluye figuras fundamentales de diversas corrientes y tendencias: <strong>Dar\u00edo Suro, C\u00e1ndido Bid\u00f3, Guillo P\u00e9rez, Jaime Colson, Paul Giudicelli, Domingo Liz, Yoryi Morel, Iv\u00e1n Tovar, Eligio Pichardo, Ada Balc\u00e1cer, Elsa N\u00fa\u00f1ez, Silvano Lora, Jorge Severino, Leopoldo P\u00e9rez (Lepe),<\/strong> <strong>Rafael Arzeno Tav\u00e1rez,<\/strong> <strong>Raffi V\u00e1squez, y Fernando Pe\u00f1a Defill\u00f3<\/strong>, entre otros.<\/p>\n\n\n\n<p><strong>Circuito de exposiciones<\/strong><\/p>\n\n\n\n<p>Las jornadas de divulgaci\u00f3n de su obra han sido organizadas por la Fundaci\u00f3n que lleva su nombre, en alianza con diez centros culturales nacionales, la mayor cantidad de espacios que se haya ocupado hasta ahora para presentar la creaci\u00f3n de un solo autor visual dominicano.<\/p>\n\n\n\n<p>Han pasado 100 a\u00f1os del nacimiento de Oviedo, por lo que este tiempo ha sido apropiado para inaugurar un circuito de exposiciones, iniciado en el Centro Cultural Banreservas.<\/p>\n\n\n\n<p>Esa muestra fue abierta el dos de febrero pasado con Uno que va, otro que viene<strong>, <\/strong>en la cual 23 artistas de seis generaciones, presentaron obras de homenaje o relaci\u00f3n con Oviedo. Varios participantes son sus contempor\u00e1neos, como Ada Balc\u00e1cer, Jos\u00e9 Cestero y Thimo Pimentel.<\/p>\n\n\n\n<p><strong>MAM, la mega exposici\u00f3n<\/strong><\/p>\n\n\n\n<p>Esa exposici\u00f3n, \u00fanica por su concepto, fue continuada, el 7 de febrero por la m\u00e1s amplia muestra de arte sobre la obra de un creador dominicano: 418 obras en tres pisos del Museo de Arte Moderno, organizada por la Fundaci\u00f3n Ram\u00f3n Oviedo, con el respaldo del Ministerio de Cultura, en una muestra inabarcable en una sola visita, si es que se desea conocer a fondo la obra de Oviedo.<\/p>\n\n\n\n<p>Haber conseguido esa cantidad y variedad de obras de Oviedo, fue posible por la colaboraci\u00f3n de la Fundaci\u00f3n Ram\u00f3n Oviedo y al apoyo del MAM, Banco Popular Dominicano, Ministerio de Cultura, Direcci\u00f3n General de Museos, Fundaci\u00f3n Naar, Seguros Sura, Direcci\u00f3n General de Aduanas, Otorrino Diagn\u00f3stico, Oliver, Galer\u00eda Est\u00e9vez, Art Space y \u00c1lvarez y S\u00e1nchez y decenas de coleccionistas privados nacionales y extranjeros.<\/p>\n\n\n\n<p><strong>El muralismo universal de Oviedo<\/strong><\/p>\n\n\n\n<p>Naturalmente, a la mega-exposici\u00f3n del MAM, por razones pr\u00e1cticas, no fue posible traer los murales de Oviedo en Unesco, el Museo de la Resistencia, ONU, OEA, Suprema Corte de Justicia, C\u00e1mara de Diputados, Banco Central, Banco BHD. Los murales por forma en que se plasman en paredes, son inamovibles.<\/p>\n\n\n\n<p>Pero el hecho de haber sido reclamado su talento para pintar tantos murales institucionales, respecto de los cuales siempre reclam\u00f3 libertad creativa, aun cuando se ajustaba a la funci\u00f3n u objetivos de las instituciones para la cual los hac\u00eda, pero la visi\u00f3n que expresaba en ellos, comprometida socialmente, era la suya. Su \u00fanico compromiso era consigo mismo y su creer en la posibilidad de una sociedad que supere todas sus injusticias y fuera un marco de positivo desarrollo para cada uno de sus pobladores.<\/p>\n\n\n\n<p>Las obras expuestas en Museo de Arte Moderno abarcan todas las etapas pict\u00f3ricas de Ram\u00f3n Oviedo entre 1938 y 2014, en un viaje art\u00edstico de 76 a\u00f1os, plasmado en lienzos, dibujos, murales y esculturas. La muestra cierra el 10 de abril. Ser\u00eda un crimen est\u00e9tico perd\u00e9rsela. El costo al p\u00fablico es de 100 pesos que, de serlo, son supremamente bien pagados para ingresar a las tres plantas que ocupan la obra del maestro. Es la mayor muestra pict\u00f3rica \u2013 hasta donde se sabe- presentada en un solo espacio sobre la obra de un artista visual dominicano.<\/p>\n\n\n\n<p><em>\u201cEsta muestra es la culminaci\u00f3n de un hombre luz, de pensamiento profundo y preocupaciones existenciales: cada obra es un sello de validaci\u00f3n y dominio de la t\u00e9cnica; es poes\u00eda, grito, denuncia, cuestionamiento, historia, an\u00e9cdota, danza, erotismo, jocosidad, mito y leyenda\u201d,<\/em> dijo Omar Molina Oviedo.<\/p>\n\n\n\n<p>El circuito ha continuado al inaugurar el 20 de febrero en el Centro Cultural Perell\u00f3 con la exposici\u00f3n titulada: Oviedo, 100 a\u00f1os, con m\u00e1s de sus 60 obras, para dar espacio a la obra de un creador muy sure\u00f1o, nacido en Barahona.<\/p>\n\n\n\n<p>El circuito de muestras ha de seguir en: marzo, abril y mayo en el Museo Bellapart, el Centro Cultural de Espa\u00f1a, la Galer\u00eda Nacional de Bellas Artes y la Galer\u00eda Ram\u00f3n Oviedo, del Ministerio de Cultura.<\/p>\n\n\n\n<p><strong>Oviedo, el revolucionario<\/strong><\/p>\n\n\n\n<p>Oviedo siempre apoy\u00f3 las causas m\u00e1s nobles en bien de su pa\u00eds, identificados con las clases m\u00e1s despose\u00eddas. &nbsp;En el a\u00f1o 1965 cuando estalla la Revoluci\u00f3n de Abril, Oviedo apoyo con su pincel y sus creaciones, junto a otros artistas, poetas e intelectuales, la reposici\u00f3n del gobierno derrocado de forma anticonstitucional del profesor Juan Bosch.&nbsp;<\/p>\n\n\n\n<p>Ingres\u00f3 al Frente Cultural Constitucionalista, integrado por artistas y escritores identificados con los objetivos de la gesta patri\u00f3tica: Abelardo Vicioso, Miguel Alfonseca, Oviedo, Ren\u00e9 del Risco, Avil\u00e9s Blonda, Mateo Morrison, Tony Raful, Jeannette Miller, Asdr\u00fabal Dom\u00ednguez, Ada Balc\u00e1cer, Iv\u00e1n Tovar, Antonio Toribio, Juan Jos\u00e9 Ayuso, Leopoldo P\u00e9rez, (Lepe), entre otros.<\/p>\n\n\n\n<p>Realiz\u00f3 una serie de afiches y murales que est\u00e1n grabados e impresos en las memorias gr\u00e1ficas de la gesta hoy muy conocidos por fotos y algunos originales. Fue, junto a Silvano Lora, el l\u00edder de la creaci\u00f3n visual para carteles y afiches con el mensaje revolucionario constitucionalista.<\/p>\n","protected":false},"excerpt":{"rendered":"<p>Servicio especial de prensa cultural SANTO DOMINGO, Rep\u00fablica Dominicana.- Fuera de toda duda est\u00e1 el hecho de que Ram\u00f3n Oviedo es la m\u00e1xima figura de la pintura social dominicana con marcado perfil universal.Las exposiciones con su obra involucran diez centros culturales nacionales y el Museo de Arte Moderno, constituyen el m\u00e1s valioso esfuerzo para dar [&hellip;]<\/p>\n","protected":false},"author":1,"featured_media":409319,"comment_status":"open","ping_status":"open","sticky":false,"template":"","format":"standard","meta":{"_bbp_topic_count":0,"_bbp_reply_count":0,"_bbp_total_topic_count":0,"_bbp_total_reply_count":0,"_bbp_voice_count":0,"_bbp_anonymous_reply_count":0,"_bbp_topic_count_hidden":0,"_bbp_reply_count_hidden":0,"_bbp_forum_subforum_count":0,"footnotes":""},"categories":[39],"tags":[],"class_list":{"0":"post-409318","1":"post","2":"type-post","3":"status-publish","4":"format-standard","5":"has-post-thumbnail","7":"category-entretenimiento"},"_links":{"self":[{"href":"https:\/\/primermomento.com\/index.php?rest_route=\/wp\/v2\/posts\/409318","targetHints":{"allow":["GET"]}}],"collection":[{"href":"https:\/\/primermomento.com\/index.php?rest_route=\/wp\/v2\/posts"}],"about":[{"href":"https:\/\/primermomento.com\/index.php?rest_route=\/wp\/v2\/types\/post"}],"author":[{"embeddable":true,"href":"https:\/\/primermomento.com\/index.php?rest_route=\/wp\/v2\/users\/1"}],"replies":[{"embeddable":true,"href":"https:\/\/primermomento.com\/index.php?rest_route=%2Fwp%2Fv2%2Fcomments&post=409318"}],"version-history":[{"count":1,"href":"https:\/\/primermomento.com\/index.php?rest_route=\/wp\/v2\/posts\/409318\/revisions"}],"predecessor-version":[{"id":409320,"href":"https:\/\/primermomento.com\/index.php?rest_route=\/wp\/v2\/posts\/409318\/revisions\/409320"}],"wp:featuredmedia":[{"embeddable":true,"href":"https:\/\/primermomento.com\/index.php?rest_route=\/wp\/v2\/media\/409319"}],"wp:attachment":[{"href":"https:\/\/primermomento.com\/index.php?rest_route=%2Fwp%2Fv2%2Fmedia&parent=409318"}],"wp:term":[{"taxonomy":"category","embeddable":true,"href":"https:\/\/primermomento.com\/index.php?rest_route=%2Fwp%2Fv2%2Fcategories&post=409318"},{"taxonomy":"post_tag","embeddable":true,"href":"https:\/\/primermomento.com\/index.php?rest_route=%2Fwp%2Fv2%2Ftags&post=409318"}],"curies":[{"name":"wp","href":"https:\/\/api.w.org\/{rel}","templated":true}]}}