{"id":414345,"date":"2024-04-27T04:00:30","date_gmt":"2024-04-27T08:00:30","guid":{"rendered":"https:\/\/primermomento.com\/?p=414345"},"modified":"2024-04-27T07:50:43","modified_gmt":"2024-04-27T11:50:43","slug":"la-universidad-dominico-americano-unicda-realiza-con-exito-la-ii-feria-de-universidades-dominicana-innova-2024","status":"publish","type":"post","link":"https:\/\/primermomento.com\/?p=414345","title":{"rendered":"La Universidad Dom\u00ednico Americano, UNICDA realiza con \u00e9xito la II Feria de Universidades \u201cDominicana Innova 2024\u2019\u2019"},"content":{"rendered":"<p><strong><em>Por <span style=\"color: #ff0000;\">Servicios de Primermomento.com<\/span><\/em><\/strong><\/p>\n<p>SANTO DOMINGO, Rep\u00fablica Dominicana.- Con la finalidad fomentar la innovaci\u00f3n y promover el uso correcto de las Tecnolog\u00edas de la Informaci\u00f3n en Comunicaci\u00f3n (TIC) como herramienta de desarrollo social, la Universidad Dom\u00ednico Americano (UNICDA) realiz\u00f3 la segunda edici\u00f3n de la Feria de Innovaci\u00f3n Universitaria \u201cDominicana Innova 2024\u201d.<\/p>\n<p>Con este evento, la instituci\u00f3n busca para promover espacios donde puedan concurrir innovadores, investigadores, funcionarios acad\u00e9micos, docentes y estudiantes de todos los subsistemas educativos. As\u00ed como industrias, sociedades comerciales, MiPymes, emprendedores, centros de investigaci\u00f3n y todos los dem\u00e1s actores del ecosistema innovador y entorno socioecon\u00f3mico de la Instituciones de Educaci\u00f3n Superior.<\/p>\n<p>Durante el espacio, los participantes tuvieron la oportunidad de presenciar diversas ponencias referentes al panorama emprendedor con expertos de \u00e1reas.<\/p>\n<p>El prop\u00f3sito de la II Feria de Innovaci\u00f3n Universitaria es fomentar en los participantes la cultura innovadora y emprendedora, motiv\u00e1ndolos a desarrollar y divulgar productos y servicios innovadores que generen un valor agregado para el segmento al cual est\u00e1n dirigidos, y que aborden una necesidad real o resuelvan un problema en su entorno socioecon\u00f3mico.<\/p>\n<p>Nerys Ramos, Directora del programa Emprende Junior expreso: \u2018\u2019Podemos decir que esta actividad se perfila como un evento trascendental para la Rep\u00fablica Dominicana, y se espera que esta jornada y las futuras puedan contribuir significativamente al impulso del emprendimiento y la transformaci\u00f3n digital del pa\u00eds.\u2019\u2019<\/p>\n<p>Dominicana Innova 2024\u00a0se suma a los continuos esfuerzos de la Universidad Dom\u00ednico\u00a0Americano (UNICDA) para reforzar su visi\u00f3n de ser una comunidad universitaria\u00a0multicultural de excelencia en la formaci\u00f3n de ciudadanos globales que transformen\u00a0la sociedad.<\/p>\n","protected":false},"excerpt":{"rendered":"<p>Por Servicios de Primermomento.com SANTO DOMINGO, Rep\u00fablica Dominicana.- Con la finalidad fomentar la innovaci\u00f3n y promover el uso correcto de las Tecnolog\u00edas de la Informaci\u00f3n en Comunicaci\u00f3n (TIC) como herramienta de desarrollo social, la Universidad Dom\u00ednico Americano (UNICDA) realiz\u00f3 la segunda edici\u00f3n de la Feria de Innovaci\u00f3n Universitaria \u201cDominicana Innova 2024\u201d. Con este evento, la [&hellip;]<\/p>\n","protected":false},"author":1,"featured_media":414346,"comment_status":"open","ping_status":"open","sticky":false,"template":"","format":"standard","meta":{"_bbp_topic_count":0,"_bbp_reply_count":0,"_bbp_total_topic_count":0,"_bbp_total_reply_count":0,"_bbp_voice_count":0,"_bbp_anonymous_reply_count":0,"_bbp_topic_count_hidden":0,"_bbp_reply_count_hidden":0,"_bbp_forum_subforum_count":0,"footnotes":""},"categories":[38],"tags":[],"class_list":{"0":"post-414345","1":"post","2":"type-post","3":"status-publish","4":"format-standard","5":"has-post-thumbnail","7":"category-sociedad"},"_links":{"self":[{"href":"https:\/\/primermomento.com\/index.php?rest_route=\/wp\/v2\/posts\/414345","targetHints":{"allow":["GET"]}}],"collection":[{"href":"https:\/\/primermomento.com\/index.php?rest_route=\/wp\/v2\/posts"}],"about":[{"href":"https:\/\/primermomento.com\/index.php?rest_route=\/wp\/v2\/types\/post"}],"author":[{"embeddable":true,"href":"https:\/\/primermomento.com\/index.php?rest_route=\/wp\/v2\/users\/1"}],"replies":[{"embeddable":true,"href":"https:\/\/primermomento.com\/index.php?rest_route=%2Fwp%2Fv2%2Fcomments&post=414345"}],"version-history":[{"count":1,"href":"https:\/\/primermomento.com\/index.php?rest_route=\/wp\/v2\/posts\/414345\/revisions"}],"predecessor-version":[{"id":414347,"href":"https:\/\/primermomento.com\/index.php?rest_route=\/wp\/v2\/posts\/414345\/revisions\/414347"}],"wp:featuredmedia":[{"embeddable":true,"href":"https:\/\/primermomento.com\/index.php?rest_route=\/wp\/v2\/media\/414346"}],"wp:attachment":[{"href":"https:\/\/primermomento.com\/index.php?rest_route=%2Fwp%2Fv2%2Fmedia&parent=414345"}],"wp:term":[{"taxonomy":"category","embeddable":true,"href":"https:\/\/primermomento.com\/index.php?rest_route=%2Fwp%2Fv2%2Fcategories&post=414345"},{"taxonomy":"post_tag","embeddable":true,"href":"https:\/\/primermomento.com\/index.php?rest_route=%2Fwp%2Fv2%2Ftags&post=414345"}],"curies":[{"name":"wp","href":"https:\/\/api.w.org\/{rel}","templated":true}]}}